{"id":572667,"date":"2025-12-02T07:44:16","date_gmt":"2025-12-02T07:44:16","guid":{"rendered":"https:\/\/www.europesays.com\/fr\/572667\/"},"modified":"2025-12-02T07:44:16","modified_gmt":"2025-12-02T07:44:16","slug":"every1counts-guette-les-betes-filmees-ou-sur-ecoute","status":"publish","type":"post","link":"https:\/\/www.europesays.com\/fr\/572667\/","title":{"rendered":"Every1counts guette les b\u00eates, film\u00e9es ou sur \u00e9coute"},"content":{"rendered":"<p>            Terre d\u2019exp\u00e9rimentation<\/p>\n<p>Images de nuit \u00e0 l\u2019appui, il semble bien que la cam\u00e9ra ait \u00e9t\u00e9 victime d\u2019une petite compagnie de sangliers. Les \u00e9quipes d\u2019Every1Counts, comptant une dizaine de personnels, ont commenc\u00e9 leurs observations au cours de l\u2019ann\u00e9e 2023. Elles sont v\u00e9ritablement mont\u00e9es en puissance au printemps 2024. Sur l\u2019exploitation, cinq diff\u00e9rents espaces sont analys\u00e9s, avec chacun leur \u00e9quipement. La soci\u00e9t\u00e9 travaille d\u00e9sormais sur une quinzaine de sites, en France ou \u00e0 l\u2019\u00e9tranger, dont des vignobles bordelais tr\u00e8s prestigieux mais La Peyruche reste son premier \u00ab\u00a0terrain de jeu\u00a0\u00bb, l\u00e0 o\u00f9 tout a commenc\u00e9\u00a0: c\u2019est \u00ab\u00a0la maison\u00a0\u00bb, sourit Luc Talini, l\u2019un de ses dirigeants.<\/p>\n<p>        <img decoding=\"async\" id=\"26755494\" src=\"https:\/\/www.europesays.com\/fr\/wp-content\/uploads\/2025\/12\/img-20251117-145345.jpg\" alt=\"Depuis 2023, la soci\u00e9t\u00e9 Every1counts dirig\u00e9e par Luc Talini m\u00e8ne une exp\u00e9rimentation de collecte et d\u2019analyse de donn\u00e9es de biodiversit\u00e9, au ch\u00e2teau La Peyruche, chez Charles Weisgerber.\" itemprop=\"contentURL\"\/><\/p>\n<p>    Depuis 2023, la soci\u00e9t\u00e9 Every1counts dirig\u00e9e par Luc Talini m\u00e8ne une exp\u00e9rimentation de collecte et d\u2019analyse de donn\u00e9es de biodiversit\u00e9, au ch\u00e2teau La Peyruche, chez Charles Weisgerber.<\/p>\n<p>Jean-Charles Galiacy<\/p>\n<p>\u00ab\u00a0Nous sommes sur une deuxi\u00e8me ann\u00e9e compl\u00e8te de mesures\u00a0\u00bb, reprend Luc Talini. Jusqu\u2019\u00e0 pr\u00e9sent, les enregistrements ont recens\u00e9 une quarantaine d\u2019esp\u00e8ces au sol et une centaine qui volent. Sur place, des capteurs prennent le pouls de certains arbres ou de ceps de vigne. Une \u00e9tude, en partenariat avec le laboratoire de chimie bact\u00e9rienne de Marseille, s\u2019int\u00e9resse \u00e9galement aux sols. \u00ab\u00a0Ici, on teste, c\u2019est vraiment notre laboratoire\u00a0exp\u00e9rimental\u00a0\u00bb, insiste le cofondateur d\u2019Every1Counts.<\/p>\n<p>La soci\u00e9t\u00e9, cr\u00e9\u00e9e en 2022, ne traque pas les sceptiques et s\u2019adresse surtout \u00e0 des convaincus de la cause environnementale, ayant besoin de \u00ab\u00a0reporting\u00a0\u00bb dans leur qu\u00eate de labellisation ou simplement d\u2019un suivi scientifique dans leurs diff\u00e9rentes d\u00e9marches. \u00ab\u00a0C\u2019est comme chez le m\u00e9decin, on r\u00e9alise un diagnostic, explique Luc Talini, qui travaillait autrefois dans l\u2019appareillage m\u00e9dical. Au bout de six \u00e0 huit mois, nous sommes capables de donner des indicateurs. Pour op\u00e9rer une transition, il faut compter de trois \u00e0 cinq ans.\u00a0\u00bb<\/p>\n<p>        <img decoding=\"async\" id=\"26755554\" src=\"https:\/\/www.europesays.com\/fr\/wp-content\/uploads\/2025\/12\/img-20251117-145255.jpg\" alt=\"Un capteur sonore install\u00e9 tout pr\u00e8s des vignes de La Peyruche qui en compte quinze hectares.\" itemprop=\"contentURL\"\/><\/p>\n<p>    Un capteur sonore install\u00e9 tout pr\u00e8s des vignes de La Peyruche qui en compte quinze hectares.<\/p>\n<p>Jean-Charles Galiacy<\/p>\n<p>    \u00ab\u00a0Adapter nos techniques\u00a0\u00bb<\/p>\n<p>\u00c0 Langoiran, sur sa propri\u00e9t\u00e9 vallonn\u00e9e, Charles Weisgerber ne se d\u00e9couvre pas une fibre \u00e9cologique. Pass\u00e9 au bio en 2021, son ch\u00e2teau sera \u00e9galement biodynamique tr\u00e8s bient\u00f4t. Le n\u00e9o-vigneron, qui <a href=\"https:\/\/www.sudouest.fr\/vin\/l-ex-parisien-est-devenu-vigneron-a-langoiran-j-ai-trouve-mon-endroit-pour-vivre-a-cote-de-la-nature-22820263.php\" target=\"_blank\" rel=\"follow noopener\">a rachet\u00e9 le domaine en 2017 apr\u00e8s une vie parisienne<\/a>, s\u2019est mis aux engrais verts, multiplie les plantations de haies ou les jach\u00e8res et aime s\u2019aventurer dans de nouvelles pratiques, autant \u00e0 la vigne qu\u2019au chai. La plateforme Every1Counts, \u00ab\u00a0cela permet d\u2019adapter nos techniques, c\u2019est un outil d\u2019aide \u00e0 la d\u00e9cision, dit-il. La nature, c\u2019est long, ce n\u2019est pas en six mois que nous allons r\u00e9volutionner les choses. L\u00e0, nous avons des donn\u00e9es pr\u00e9cises au fil des saisons.\u00a0\u00bb<\/p>\n<blockquote><p>\u00ab\u00a0Les nichoirs, on n\u2019a pas vu d\u2019effet sur les oiseaux. En revanche, les haies, les jach\u00e8res, les bois\u00a0: on observe bien l\u2019influence.\u00a0\u00bb<\/p><\/blockquote>\n<p>Illustration avec les volatiles. \u00ab\u00a0Ce sont nos alli\u00e9s, explique le viticulteur. Nous avons ici une carri\u00e8re calcaire o\u00f9 pioncent plusieurs mois des quantit\u00e9s de chauve-souris. Je souhaitais savoir comment les attirer pr\u00e8s de nos cultures, les faire venir par des couloirs \u00e9cologiques pour qu\u2019elles combattent les pr\u00e9dateurs de la vigne.\u00a0\u00bb La science donne ses r\u00e9ponses. \u00ab\u00a0C\u2019est un peu tarte \u00e0 la cr\u00e8me mais c\u2019est math\u00e9matique, les haies vont favoriser le d\u00e9veloppement des oiseaux, indique Luc Talini. Ce sont comme des aires sur des autoroutes. Les nichoirs, nous n\u2019avons pas vraiment vu d\u2019effet. En revanche, les haies, les jach\u00e8res, les bois\u00a0: on observe bien l\u2019influence sur la biodiversit\u00e9.\u00a0\u00bb<\/p>\n<p>        <img decoding=\"async\" id=\"26800743\" src=\"https:\/\/www.europesays.com\/fr\/wp-content\/uploads\/2025\/12\/capture-decran-plateforme2.jpeg\" alt=\"Ici, une capture d\u2019\u00e9cran de la plateforme.\" itemprop=\"contentURL\"\/><\/p>\n<p>    Ici, une capture d\u2019\u00e9cran de la plateforme.<\/p>\n<p>Every1counts<\/p>\n","protected":false},"excerpt":{"rendered":"Terre d\u2019exp\u00e9rimentation Images de nuit \u00e0 l\u2019appui, il semble bien que la cam\u00e9ra ait \u00e9t\u00e9 victime d\u2019une petite&hellip;\n","protected":false},"author":2,"featured_media":572668,"comment_status":"","ping_status":"","sticky":false,"template":"","format":"standard","meta":{"footnotes":""},"categories":[2817],"tags":[1111,11,1997,1777,674,1011,27,12,2219,25],"class_list":{"0":"post-572667","1":"post","2":"type-post","3":"status-publish","4":"format-standard","5":"has-post-thumbnail","7":"category-bordeaux","8":"tag-actu","9":"tag-actualites","10":"tag-bordeaux","11":"tag-eu","12":"tag-europe","13":"tag-fr","14":"tag-france","15":"tag-news","16":"tag-nouvelle-aquitaine","17":"tag-republique-francaise"},"share_on_mastodon":{"url":"https:\/\/pubeurope.com\/@fr\/115648861724558956","error":""},"_links":{"self":[{"href":"https:\/\/www.europesays.com\/fr\/wp-json\/wp\/v2\/posts\/572667","targetHints":{"allow":["GET"]}}],"collection":[{"href":"https:\/\/www.europesays.com\/fr\/wp-json\/wp\/v2\/posts"}],"about":[{"href":"https:\/\/www.europesays.com\/fr\/wp-json\/wp\/v2\/types\/post"}],"author":[{"embeddable":true,"href":"https:\/\/www.europesays.com\/fr\/wp-json\/wp\/v2\/users\/2"}],"replies":[{"embeddable":true,"href":"https:\/\/www.europesays.com\/fr\/wp-json\/wp\/v2\/comments?post=572667"}],"version-history":[{"count":0,"href":"https:\/\/www.europesays.com\/fr\/wp-json\/wp\/v2\/posts\/572667\/revisions"}],"wp:featuredmedia":[{"embeddable":true,"href":"https:\/\/www.europesays.com\/fr\/wp-json\/wp\/v2\/media\/572668"}],"wp:attachment":[{"href":"https:\/\/www.europesays.com\/fr\/wp-json\/wp\/v2\/media?parent=572667"}],"wp:term":[{"taxonomy":"category","embeddable":true,"href":"https:\/\/www.europesays.com\/fr\/wp-json\/wp\/v2\/categories?post=572667"},{"taxonomy":"post_tag","embeddable":true,"href":"https:\/\/www.europesays.com\/fr\/wp-json\/wp\/v2\/tags?post=572667"}],"curies":[{"name":"wp","href":"https:\/\/api.w.org\/{rel}","templated":true}]}}