{"id":572675,"date":"2025-12-02T07:49:12","date_gmt":"2025-12-02T07:49:12","guid":{"rendered":"https:\/\/www.europesays.com\/fr\/572675\/"},"modified":"2025-12-02T07:49:12","modified_gmt":"2025-12-02T07:49:12","slug":"sous-la-menace-dune-arme-un-chauffeur-de-vtc-refuse-dobtemperer-a-un-controle-de-police-a-marseille","status":"publish","type":"post","link":"https:\/\/www.europesays.com\/fr\/572675\/","title":{"rendered":"Sous la menace d&rsquo;une arme, un chauffeur de VTC refuse d&rsquo;obtemp\u00e9rer \u00e0 un contr\u00f4le de police \u00e0 Marseille"},"content":{"rendered":"<p>Un chauffeur de VTC qui prend en charge un client s\u2019av\u00e9rant m\u00eal\u00e9 au trafic de drogue et qui, sous la menace d\u2019une arme brandie par son passager, refuse d\u2019obtemp\u00e9rer \u00e0 un contr\u00f4le de police\u2026 De loin, le contexte rappelle confus\u00e9ment le tragique \u00e9pisode de la mort de <a href=\"https:\/\/www.laprovence.com\/article\/faits-divers-justice\/2942206303199114\/chauffeur-de-vtc-tue-a-marseille-ladolescent-renvoye-devant-le-tribunal-criminel-pour-enfants\" target=\"_blank\" rel=\"noopener\">Nessim Ramdane<\/a>, chauffeur de VTC lui aussi, tu\u00e9 en octobre\u00a02024 \u00e0 la <a href=\"https:\/\/www.laprovence.com\/article\/faits-divers-justice\/47023376325939\/coups-de-feu-cette-nuit-dans-le-3e-arrondissement-de-marseille-un-jeune-homme-blesse-par-balle\" target=\"_blank\" rel=\"noopener\">Belle-de-ma<\/a>i, dans le 3e arrondissement de Marseille, par son client, un tr\u00e8s jeune sicaire de 14\u00a0ans, recrut\u00e9 sur les r\u00e9seaux sociaux sur fond de lutte de clans et de trafic de drogue.<\/p>\n<p>La comparaison s\u2019arr\u00eate cependant l\u00e0 en ce qui concerne le <a href=\"https:\/\/www.laprovence.com\/article\/faits-divers-justice\/6373398412206814\/marseille-le-chauffeur-vtc-qui-avait-fonce-sur-des-taxis-condamne-a-3-ans-de-prison-dont-18-mois-ferme\" target=\"_blank\" rel=\"noopener\">chauffeur de VTC<\/a> qui a grill\u00e9 un feu rouge samedi soir dans le 13e arrondissement de Marseille. S\u2019il a bien transport\u00e9 un individu peu recommandable, versant manifestement dans le <a href=\"https:\/\/www.laprovence.com\/article\/faits-divers-justice\/1029138923519115\/pres-de-56-ans-de-prison-et-1-5-million-deuros-infliges-au-reseau-de-narcotrafiquants-des-rosiers-a-marseille\" target=\"_blank\" rel=\"noopener\">trafic de stup\u00e9fiants<\/a> et arm\u00e9, les arguments qu\u2019il a avanc\u00e9s pour expliquer son refus d\u2019obtemp\u00e9rer n\u2019ont pas convaincu les policiers.<\/p>\n<p>Tout commence par un feu rouge grill\u00e9<\/p>\n<p>Tout commence samedi soir, sur les coups de 20\u00a0heures. Un \u00e9quipage de la <a href=\"https:\/\/www.laprovence.com\/article\/faits-divers-justice\/2386674683122115\/analyse-ramasser-des-cadavres-la-nuit-5-fois-par-semaine-la-police-marseillaise-face-a-des-defis-sans-precedent\" target=\"_blank\" rel=\"noopener\">BAC nord<\/a> qui patrouille dans les parages, rep\u00e8re un v\u00e9hicule qui outrepasse all\u00e8grement la couleur \u00e9carlate du feu tricolore. Une infraction qui d\u00e9cide les policiers \u00e0 indiquer leurs vell\u00e9it\u00e9s de proc\u00e9der \u00e0 un contr\u00f4le routier. Mais plut\u00f4t que de s\u2019y soumettre, le conducteur du v\u00e9hicule s\u2019engage pied au plancher sur la L2. La cavale se terminera finalement sur l\u2019avenue William Booth, dans le 12e arrondissement, o\u00f9 les policiers parviennent \u00e0 intercepter le fuyard qui explique, non sans s\u2019\u00eatre d\u2019abord <a href=\"https:\/\/www.laprovence.com\/article\/faits-divers-justice\/27359677330509\/violences-conjugales-rebellion-outrage-menaces-au-tribunal-d-aix-un-prevenu-condamne-pour-douze-infractions\" target=\"_blank\" rel=\"noopener\">rebell\u00e9<\/a>, avoir d\u00e9daign\u00e9 les injonctions des forces de l\u2019ordre car il \u00e9tait sous la menace d\u2019une arme brandie par son passager.<\/p>\n<p>300 grammes de r\u00e9sine et une arme de poing<\/p>\n<p>Du passager en question, qui a d\u00e9tal\u00e9 en prenant la fuite en courant, il ne reste d\u2019abord rien, si ce n\u2019est un sac imprudemment abandonn\u00e9 sur la banquette arri\u00e8re dans lequel sont d\u00e9couverts 300 grammes de r\u00e9sine de cannabis, et une veste de laquelle d\u00e9passe une arme de poing. Tandis que des policiers approfondissent le cas du chauffeur de VTC, leurs coll\u00e8gues rattrapent le passager et ram\u00e8nent le chauffeur comme son client au commissariat, avant de les placer tous les deux en garde \u00e0 vue. Le premier pour <a href=\"https:\/\/www.laprovence.com\/article\/faits-divers-justice\/20962034665627\/le-pilote-dun-deux-roues-interpelle-apres-un-refus-dobtemperer-a-marseille-deux-policiers-blesses\" target=\"_blank\" rel=\"noopener\">refus d\u2019obtemp\u00e9rer<\/a> et <a href=\"https:\/\/www.laprovence.com\/article\/faits-divers-justice\/2386674683122115\/analyse-ramasser-des-cadavres-la-nuit-5-fois-par-semaine-la-police-marseillaise-face-a-des-defis-sans-precedent\" target=\"_blank\" rel=\"noopener\">exercice ill\u00e9gal de VTC<\/a> puisqu\u2019il ne disposait pas de carte professionnelle et le second pour d\u00e9tention d\u2019arme et de produits stup\u00e9fiants.<\/p>\n<p>Les deux hommes ont \u00e9t\u00e9 pr\u00e9sent\u00e9s devant un magistrat ce lundi 1er\u00a0d\u00e9cembre en vue d\u2019une comparution sur reconnaissance pr\u00e9alable de culpabilit\u00e9 (CRPC).<\/p>\n","protected":false},"excerpt":{"rendered":"Un chauffeur de VTC qui prend en charge un client s\u2019av\u00e9rant m\u00eal\u00e9 au trafic de drogue et qui,&hellip;\n","protected":false},"author":2,"featured_media":572676,"comment_status":"","ping_status":"","sticky":false,"template":"","format":"standard","meta":{"footnotes":""},"categories":[2814],"tags":[17,1111,11,10268,9698,4440,1777,674,274,1011,27,884,1147,12,882,21069,25,3107,9699],"class_list":{"0":"post-572675","1":"post","2":"type-post","3":"status-publish","4":"format-standard","5":"has-post-thumbnail","7":"category-marseille","8":"tag-17","9":"tag-actu","10":"tag-actualites","11":"tag-arme","12":"tag-chauffeur","13":"tag-dune","14":"tag-eu","15":"tag-europe","16":"tag-faits-divers-justice","17":"tag-fr","18":"tag-france","19":"tag-marseille","20":"tag-menace","21":"tag-news","22":"tag-provence-alpes-cote-dazur","23":"tag-refuse","24":"tag-republique-francaise","25":"tag-sous","26":"tag-vtc"},"share_on_mastodon":{"url":"https:\/\/pubeurope.com\/@fr\/115648880153989101","error":""},"_links":{"self":[{"href":"https:\/\/www.europesays.com\/fr\/wp-json\/wp\/v2\/posts\/572675","targetHints":{"allow":["GET"]}}],"collection":[{"href":"https:\/\/www.europesays.com\/fr\/wp-json\/wp\/v2\/posts"}],"about":[{"href":"https:\/\/www.europesays.com\/fr\/wp-json\/wp\/v2\/types\/post"}],"author":[{"embeddable":true,"href":"https:\/\/www.europesays.com\/fr\/wp-json\/wp\/v2\/users\/2"}],"replies":[{"embeddable":true,"href":"https:\/\/www.europesays.com\/fr\/wp-json\/wp\/v2\/comments?post=572675"}],"version-history":[{"count":0,"href":"https:\/\/www.europesays.com\/fr\/wp-json\/wp\/v2\/posts\/572675\/revisions"}],"wp:featuredmedia":[{"embeddable":true,"href":"https:\/\/www.europesays.com\/fr\/wp-json\/wp\/v2\/media\/572676"}],"wp:attachment":[{"href":"https:\/\/www.europesays.com\/fr\/wp-json\/wp\/v2\/media?parent=572675"}],"wp:term":[{"taxonomy":"category","embeddable":true,"href":"https:\/\/www.europesays.com\/fr\/wp-json\/wp\/v2\/categories?post=572675"},{"taxonomy":"post_tag","embeddable":true,"href":"https:\/\/www.europesays.com\/fr\/wp-json\/wp\/v2\/tags?post=572675"}],"curies":[{"name":"wp","href":"https:\/\/api.w.org\/{rel}","templated":true}]}}