{"id":572677,"date":"2025-12-02T07:50:17","date_gmt":"2025-12-02T07:50:17","guid":{"rendered":"https:\/\/www.europesays.com\/fr\/572677\/"},"modified":"2025-12-02T07:50:17","modified_gmt":"2025-12-02T07:50:17","slug":"la-salle-atypique-de-jeremy-sportouch-a-marseille","status":"publish","type":"post","link":"https:\/\/www.europesays.com\/fr\/572677\/","title":{"rendered":"la salle atypique de J\u00e9r\u00e9my Sportouch \u00e0 Marseille"},"content":{"rendered":"<p><a href=\"https:\/\/www.laprovence.com\/article\/societe\/74489181893609\/travaux-de-nuit-a50-a51-a55-dans-les-bouches-du-rhone-votre-trajet-perturbe-entre-le-10-et-le-14-novembre\" target=\"_blank\" rel=\"noopener\">Depuis l&rsquo;autoroute A50 en direction du centre-ville de Marseille<\/a>, l&rsquo;enseigne ne passe pas inaper\u00e7ue. Situ\u00e9e \u00e0 quelques centaines de m\u00e8tres du Pomge, la salle \u00ab\u00a0Chic &amp; Kickboxing\u00a0\u00bb cultive pourtant une ambiance feutr\u00e9e une fois que l&rsquo;on a pouss\u00e9 la porte. Et c&rsquo;est en petit comit\u00e9, \u00e0 quatre au maximum, que l&rsquo;on s&rsquo;y entra\u00eene. Le ma\u00eetre des lieux, J\u00e9r\u00e9my Sportouch a connu une riche carri\u00e8re. Pourtant, de son pass\u00e9 de champion de France, d&rsquo;Europe et du monde, il ne subsiste ici que peu de reliques. Trois troph\u00e9es \u00e0 peine, dont deux ceintures, sont discr\u00e8tement pos\u00e9s sur une \u00e9tag\u00e8re, derri\u00e8re le comptoir d&rsquo;accueil. \u00ab\u00a0\u00c7a, c&rsquo;est ma derni\u00e8re ceinture\u00a0\u00bb, confie-t-il sans s&rsquo;appesantir. Sa carri\u00e8re au centre du ring est derri\u00e8re lui. <a href=\"https:\/\/www.laprovence.com\/article\/economie\/75925056977732\/lapres-carriere-peut-etre-un-vrai-vide-si-on-ne-sy-prepare-pas-confie-lancien-international-de-foot-blaise-matuidi\" target=\"_blank\" rel=\"noopener\">Mais l&rsquo;heure de la retraite<\/a> est loin d&rsquo;avoir sonn\u00e9. \u00ab\u00a0J&rsquo;\u00e9tais pompier s\u00e9curit\u00e9 incendie et l&rsquo;id\u00e9e est venue du fait que j&rsquo;avais envie de vivre de mon sport, glisse-t-il. <a href=\"https:\/\/www.laprovence.com\/article\/edition-marseille\/4093873\/jskb-un-club-ou-tout-le-monde-peut-boxer.html\" target=\"_blank\" rel=\"noopener\">Mon association, la JSKB, <\/a>qui marche tr\u00e8s bien, ne me permettait pas d&rsquo;\u00eatre salari\u00e9. J&rsquo;ai alors entrepris les d\u00e9marches pour cr\u00e9er ma soci\u00e9t\u00e9. Et le concept de la salle est n\u00e9 lors d&rsquo;une visite du Temple Noble Art, \u00e0 Paris. Comme il n&rsquo;y avait pas de salle similaire \u00e0 Marseille, je me suis dit pourquoi ne pas me lancer\u00a0?\u00a0\u00bb<\/p>\n<p>J\u00e9r\u00e9my Sportouch investit alors d&rsquo;anciens bureaux et y \u00e9tablit sa salle. \u00ab\u00a0On a fait tomber plusieurs cloisons mais on a d\u00fb garder des piliers qui nous ont g\u00ean\u00e9s pour installer le ring, d\u00e9taille-t-il.\u00a0On en a mis donc un, plus petit, sur mesures. Ici, on ne peut pas s&rsquo;\u00e9chapper.\u00a0\u00bb<\/p>\n<p>Si les salles de boxe offrent le plus souvent un confort rudimentaire et baignent dans une atmosph\u00e8re olfactive pas toujours tr\u00e8s agr\u00e9able, celle-ci tranche radicalement et dispose m\u00eame d&rsquo;une salle de massage. Une ambiance cocooning qui pourrait para\u00eetre contradictoire avec la notion m\u00eame de sport de combat. \u00ab\u00a0Ici on souffre, mais dans le luxe, balaie-t-il. En fait, ce que j&rsquo;ai voulu faire ici, c&rsquo;est que la personne qui entre, m\u00eame si elle n&rsquo;aime pas la boxe ou les sports de combat, ait envie de s&rsquo;y mettre. J&rsquo;ai voulu cultiver ce petit c\u00f4t\u00e9 \u00e0 l&rsquo;am\u00e9ricaine. Moi, je n&rsquo;ai pas souffert des conditions d&rsquo;entra\u00eenement parfois difficiles. \u00c7a m&rsquo;a endurci. Ma fiert\u00e9 aujourd&rsquo;hui, c&rsquo;est de me dire quand je me l\u00e8ve le matin que je continue de vivre de ma passion.\u00a0\u00bb<\/p>\n<p>\u00ab\u00a0Un jour, je devrais arr\u00eater et ce sera dur\u00a0\u00bb<\/p>\n<p>Une passion d\u00e9vorante, qui le guide depuis son plus jeune \u00e2ge. \u00ab\u00a0J&rsquo;ai arr\u00eat\u00e9 la comp\u00e9tition, mais j&rsquo;ai toujours un pied dedans, souligne-t-il. Parfois, <a href=\"https:\/\/www.laprovence.com\/article\/sports\/4640502\/sportouch-le-sport-un-vecteur-de-fraternite.html\" target=\"_blank\" rel=\"noopener\">mon p\u00e8re <\/a>passe me voir \u00e0 la salle et me dit d&rsquo;arr\u00eater de boxer. M\u00eame si je ne dispute plus de comp\u00e9tition, je mets les gants r\u00e9guli\u00e8rement. \u00e0 part un nez cass\u00e9 et les traditionnelles blessures aux arcades et aux yeux, j&rsquo;ai eu la chance n&rsquo;avoir jamais \u00e9t\u00e9 bless\u00e9 s\u00e9rieusement. Aujourd&rsquo;hui, je ne tiens plus \u00e0 genoux, j&rsquo;ai parfois les jambes qui l\u00e2chent. Un jour ou l&rsquo;autre, je devrais compl\u00e8tement arr\u00eater et, l\u00e0, ce sera dur.\u00a0\u00bb En attendant, J\u00e9r\u00e9my Sportouch continue de vivre son r\u00eave dans les meilleures conditions.<\/p>\n","protected":false},"excerpt":{"rendered":"Depuis l&rsquo;autoroute A50 en direction du centre-ville de Marseille, l&rsquo;enseigne ne passe pas inaper\u00e7ue. Situ\u00e9e \u00e0 quelques centaines&hellip;\n","protected":false},"author":2,"featured_media":572678,"comment_status":"","ping_status":"","sticky":false,"template":"","format":"standard","meta":{"footnotes":""},"categories":[2814],"tags":[17,1111,11,39120,5432,1777,674,1011,27,31593,884,12,882,25,8878,68718,60],"class_list":{"0":"post-572677","1":"post","2":"type-post","3":"status-publish","4":"format-standard","5":"has-post-thumbnail","7":"category-marseille","8":"tag-17","9":"tag-actu","10":"tag-actualites","11":"tag-atypique","12":"tag-combat","13":"tag-eu","14":"tag-europe","15":"tag-fr","16":"tag-france","17":"tag-jeremy","18":"tag-marseille","19":"tag-news","20":"tag-provence-alpes-cote-dazur","21":"tag-republique-francaise","22":"tag-salle","23":"tag-sportouch","24":"tag-sports"},"share_on_mastodon":{"url":"https:\/\/pubeurope.com\/@fr\/115648883991574301","error":""},"_links":{"self":[{"href":"https:\/\/www.europesays.com\/fr\/wp-json\/wp\/v2\/posts\/572677","targetHints":{"allow":["GET"]}}],"collection":[{"href":"https:\/\/www.europesays.com\/fr\/wp-json\/wp\/v2\/posts"}],"about":[{"href":"https:\/\/www.europesays.com\/fr\/wp-json\/wp\/v2\/types\/post"}],"author":[{"embeddable":true,"href":"https:\/\/www.europesays.com\/fr\/wp-json\/wp\/v2\/users\/2"}],"replies":[{"embeddable":true,"href":"https:\/\/www.europesays.com\/fr\/wp-json\/wp\/v2\/comments?post=572677"}],"version-history":[{"count":0,"href":"https:\/\/www.europesays.com\/fr\/wp-json\/wp\/v2\/posts\/572677\/revisions"}],"wp:featuredmedia":[{"embeddable":true,"href":"https:\/\/www.europesays.com\/fr\/wp-json\/wp\/v2\/media\/572678"}],"wp:attachment":[{"href":"https:\/\/www.europesays.com\/fr\/wp-json\/wp\/v2\/media?parent=572677"}],"wp:term":[{"taxonomy":"category","embeddable":true,"href":"https:\/\/www.europesays.com\/fr\/wp-json\/wp\/v2\/categories?post=572677"},{"taxonomy":"post_tag","embeddable":true,"href":"https:\/\/www.europesays.com\/fr\/wp-json\/wp\/v2\/tags?post=572677"}],"curies":[{"name":"wp","href":"https:\/\/api.w.org\/{rel}","templated":true}]}}