{"id":57268,"date":"2025-04-27T17:01:09","date_gmt":"2025-04-27T17:01:09","guid":{"rendered":"https:\/\/www.europesays.com\/fr\/57268\/"},"modified":"2025-04-27T17:01:09","modified_gmt":"2025-04-27T17:01:09","slug":"football-le-style-ol-a-conquis-lassistance-devant-rennes-ne-touchez-a-rien","status":"publish","type":"post","link":"https:\/\/www.europesays.com\/fr\/57268\/","title":{"rendered":"Football. Le style \u00ab\u00a0OL\u00a0\u00bb a conquis l\u2019assistance devant Rennes\u00a0: ne touchez \u00e0 rien\u00a0!"},"content":{"rendered":"<p>Face \u00e0 Rennes, on a cru voir, Chiesa-Di Nallo-Lacombe, ou Maurice-Giuly-Bardon. Puis, on a aper\u00e7u Carri\u00e8re-Dhorasoo-<a href=\"https:\/\/www.leprogres.fr\/p\/juninho\" target=\"_blank\" rel=\"nofollow noopener\">Juninho<\/a>. Mais non, finalement, c\u2019\u00e9tait Fofana-Cherki-Almada.<\/p>\n<p>La derni\u00e8re triplette de feu totalement adapt\u00e9e \u00e0 la culture d\u2019un club qui a fa\u00e7onn\u00e9 ses joyaux, au gr\u00e9 de la formation, des ann\u00e9es Gerland, de cette identit\u00e9 qui colle \u00e0 la peau des joueurs offensifs de l\u2019OL, de leur particularit\u00e9. Et les Lyonnais en raffolent.<\/p>\n<p>\u00ab\u00a0On a tout pour garder ce style\u00a0\u00bb<\/p>\n<p>Personne ne sait o\u00f9 finira l\u2019Olympique&#8230;<\/p>\n","protected":false},"excerpt":{"rendered":"Face \u00e0 Rennes, on a cru voir, Chiesa-Di Nallo-Lacombe, ou Maurice-Giuly-Bardon. Puis, on a aper\u00e7u Carri\u00e8re-Dhorasoo-Juninho. Mais non,&hellip;\n","protected":false},"author":2,"featured_media":57269,"comment_status":"","ping_status":"","sticky":false,"template":"","format":"standard","meta":{"footnotes":""},"categories":[2821],"tags":[1111,11,829,2757,1777,674,107,63,1011,27,2428,2756,12,2755,584,25,517],"class_list":{"0":"post-57268","1":"post","2":"type-post","3":"status-publish","4":"format-standard","5":"has-post-thumbnail","7":"category-rennes","8":"tag-actu","9":"tag-actualites","10":"tag-bretagne","11":"tag-edition-lyon-villeurbanne","12":"tag-eu","13":"tag-europe","14":"tag-fil-info","15":"tag-football","16":"tag-fr","17":"tag-france","18":"tag-lyon","19":"tag-lyon-bassin","20":"tag-news","21":"tag-ol-olympique-lyonnais-football","22":"tag-rennes","23":"tag-republique-francaise","24":"tag-sport"},"share_on_mastodon":{"url":"https:\/\/pubeurope.com\/@fr\/114411004500354728","error":""},"_links":{"self":[{"href":"https:\/\/www.europesays.com\/fr\/wp-json\/wp\/v2\/posts\/57268","targetHints":{"allow":["GET"]}}],"collection":[{"href":"https:\/\/www.europesays.com\/fr\/wp-json\/wp\/v2\/posts"}],"about":[{"href":"https:\/\/www.europesays.com\/fr\/wp-json\/wp\/v2\/types\/post"}],"author":[{"embeddable":true,"href":"https:\/\/www.europesays.com\/fr\/wp-json\/wp\/v2\/users\/2"}],"replies":[{"embeddable":true,"href":"https:\/\/www.europesays.com\/fr\/wp-json\/wp\/v2\/comments?post=57268"}],"version-history":[{"count":0,"href":"https:\/\/www.europesays.com\/fr\/wp-json\/wp\/v2\/posts\/57268\/revisions"}],"wp:featuredmedia":[{"embeddable":true,"href":"https:\/\/www.europesays.com\/fr\/wp-json\/wp\/v2\/media\/57269"}],"wp:attachment":[{"href":"https:\/\/www.europesays.com\/fr\/wp-json\/wp\/v2\/media?parent=57268"}],"wp:term":[{"taxonomy":"category","embeddable":true,"href":"https:\/\/www.europesays.com\/fr\/wp-json\/wp\/v2\/categories?post=57268"},{"taxonomy":"post_tag","embeddable":true,"href":"https:\/\/www.europesays.com\/fr\/wp-json\/wp\/v2\/tags?post=57268"}],"curies":[{"name":"wp","href":"https:\/\/api.w.org\/{rel}","templated":true}]}}