{"id":572684,"date":"2025-12-02T07:55:11","date_gmt":"2025-12-02T07:55:11","guid":{"rendered":"https:\/\/www.europesays.com\/fr\/572684\/"},"modified":"2025-12-02T07:55:11","modified_gmt":"2025-12-02T07:55:11","slug":"le-domicile-de-francois-hollande-et-julie-gayet-cambriole-deux-hommes-mis-en-examen","status":"publish","type":"post","link":"https:\/\/www.europesays.com\/fr\/572684\/","title":{"rendered":"le domicile de Fran\u00e7ois Hollande et Julie Gayet cambriol\u00e9, deux hommes mis en examen"},"content":{"rendered":"<p>                    Par<br \/>\n        <strong><br \/>\n            <a href=\"https:\/\/actu.fr\/auteur\/redaction-paris\" title=\"Consulter tous les articles de R\u00e9daction Paris\" target=\"_blank\" rel=\"noopener\">R\u00e9daction Paris<\/a><br \/>\n                    <\/strong><\/p>\n<p>        Publi\u00e9 le<\/p>\n<p>            2 d\u00e9c. 2025 \u00e0 8h23        <\/p>\n<p>Install\u00e9 <a href=\"https:\/\/actu.fr\/ile-de-france\/paris_75056\/paris-depuis-qu-il-habite-dans-ce-quartier-magique-francois-hollande-ne-s-est-pas-fait-que-des-amis_63251622.html\" target=\"_blank\" rel=\"noopener\">depuis deux ans \u00e0 la Campagne<\/a> dans le 20\u00e8me arrondissement de Paris, <a href=\"https:\/\/actu.fr\/tag\/francois-hollande\" target=\"_blank\" rel=\"noopener\">Fran\u00e7ois Hollande<\/a> et Julie Gayet ont \u00e9t\u00e9 la cible d\u2019un <a href=\"https:\/\/actu.fr\/tag\/cambriolage\" target=\"_blank\" rel=\"noopener\">cambriolage<\/a> le 22 novembre 2025. Deux hommes ont \u00e9t\u00e9 <strong>mis en examen<\/strong> et \u00e9crou\u00e9s a indiqu\u00e9 lundi 1er d\u00e9cembre 2025 le parquet de Paris, confirmant une information de <a href=\"https:\/\/www.bfmtv.com\/police-justice\/info-bfmtv-francois-hollande-victime-d-un-cambriolage-deux-hommes-mis-en-examen-et-places-en-detention-provisoire_AN-202512010858.html\" target=\"_blank\" rel=\"noopener\">BFMTV<\/a>.<\/p>\n<p>\u00ab\u00a0Peu de cons\u00e9quences\u00a0\u00bb<\/p>\n<p class=\" wall-content\">Apr\u00e8s ce cambriolage, \u00ab\u00a0une enqu\u00eate pour vol en bande organis\u00e9e diligent\u00e9e par le deuxi\u00e8me district de police judiciaire a conduit \u00e0 l\u2019interpellation de deux hommes n\u00e9s en d\u00e9cembre 1994 et f\u00e9vrier 1995 en Alg\u00e9rie\u00a0\u00bb, a pr\u00e9cis\u00e9 le parquet. \u00ab\u00a0D\u00e9f\u00e9r\u00e9s, ils ont \u00e9t\u00e9 mis en examen et plac\u00e9s en <strong>d\u00e9tention provisoire<\/strong> le 28 novembre. Le cambriolage a eu peu de cons\u00e9quences gr\u00e2ce \u00e0 l\u2019intervention des policiers\u00a0\u00bb, a pr\u00e9cis\u00e9 l\u2019entourage du pr\u00e9sident.<\/p>\n<p class=\" wall-content\">L\u2019emm\u00e9nagement de l\u2019ancien pr\u00e9sident et de sa femme \u00e0 la Campagne n\u2019avait pas \u00e9t\u00e9 accueilli d\u2019un tr\u00e8s bon \u0153il par le voisinage. Ancienne cit\u00e9 ouvri\u00e8re <strong>perch\u00e9e sur les hauteurs de la Porte de Bagnolet<\/strong>, ce quartier abrite aujourd\u2019hui une centaine de r\u00e9sidences cossues. Mais, cette qui\u00e9tude semble quelque peu malmen\u00e9e par la pr\u00e9sence des policiers charg\u00e9s de surveiller 24 heures sur 24 le domicile de l\u2019ancien pr\u00e9sident, m\u00eame durant ses vacances.\u00a0<\/p>\n<p class=\" wall-content\">Avec AFP.\u00a0<\/p>\n<p class=\" wall-content\">Personnalisez votre actualit\u00e9 en ajoutant vos villes et m\u00e9dias en favori avec <a href=\"https:\/\/moncompte.actu.fr\" title=\"D\u00e9couvez Mon Actu\" rel=\"nofollow noopener\" data-trk=\"{&quot;cta&quot;:{&quot;action&quot;:&quot;https:\\\/\\\/moncompte.actu.fr&quot;,&quot;category&quot;:&quot;mon compte&quot;,&quot;from&quot;:&quot;article footer&quot;,&quot;name&quot;:&quot;Mon actu&quot;,&quot;type&quot;:&quot;cta&quot;}}\" target=\"_blank\">Mon Actu<\/a>.<\/p>\n","protected":false},"excerpt":{"rendered":"Par R\u00e9daction Paris Publi\u00e9 le 2 d\u00e9c. 2025 \u00e0 8h23 Install\u00e9 depuis deux ans \u00e0 la Campagne dans&hellip;\n","protected":false},"author":2,"featured_media":572685,"comment_status":"","ping_status":"","sticky":false,"template":"","format":"standard","meta":{"footnotes":""},"categories":[1888],"tags":[1111,1928,11,1927,1174,1777,674,118,1011,27,3082,12,1926,626,1925,25],"class_list":{"0":"post-572684","1":"post","2":"type-post","3":"status-publish","4":"format-standard","5":"has-post-thumbnail","7":"category-paris","8":"tag-actu","9":"tag-actu-paris","10":"tag-actualites","11":"tag-actualites-paris","12":"tag-cambriolage","13":"tag-eu","14":"tag-europe","15":"tag-faits-divers","16":"tag-fr","17":"tag-france","18":"tag-francois-hollande","19":"tag-news","20":"tag-news-paris","21":"tag-paris","22":"tag-paris-news","23":"tag-republique-francaise"},"share_on_mastodon":{"url":"https:\/\/pubeurope.com\/@fr\/115648903634022270","error":""},"_links":{"self":[{"href":"https:\/\/www.europesays.com\/fr\/wp-json\/wp\/v2\/posts\/572684","targetHints":{"allow":["GET"]}}],"collection":[{"href":"https:\/\/www.europesays.com\/fr\/wp-json\/wp\/v2\/posts"}],"about":[{"href":"https:\/\/www.europesays.com\/fr\/wp-json\/wp\/v2\/types\/post"}],"author":[{"embeddable":true,"href":"https:\/\/www.europesays.com\/fr\/wp-json\/wp\/v2\/users\/2"}],"replies":[{"embeddable":true,"href":"https:\/\/www.europesays.com\/fr\/wp-json\/wp\/v2\/comments?post=572684"}],"version-history":[{"count":0,"href":"https:\/\/www.europesays.com\/fr\/wp-json\/wp\/v2\/posts\/572684\/revisions"}],"wp:featuredmedia":[{"embeddable":true,"href":"https:\/\/www.europesays.com\/fr\/wp-json\/wp\/v2\/media\/572685"}],"wp:attachment":[{"href":"https:\/\/www.europesays.com\/fr\/wp-json\/wp\/v2\/media?parent=572684"}],"wp:term":[{"taxonomy":"category","embeddable":true,"href":"https:\/\/www.europesays.com\/fr\/wp-json\/wp\/v2\/categories?post=572684"},{"taxonomy":"post_tag","embeddable":true,"href":"https:\/\/www.europesays.com\/fr\/wp-json\/wp\/v2\/tags?post=572684"}],"curies":[{"name":"wp","href":"https:\/\/api.w.org\/{rel}","templated":true}]}}