{"id":572686,"date":"2025-12-02T07:56:16","date_gmt":"2025-12-02T07:56:16","guid":{"rendered":"https:\/\/www.europesays.com\/fr\/572686\/"},"modified":"2025-12-02T07:56:16","modified_gmt":"2025-12-02T07:56:16","slug":"cette-arnaque-au-faux-pv-de-stationnement-piege-les-automobilistes-parisiens","status":"publish","type":"post","link":"https:\/\/www.europesays.com\/fr\/572686\/","title":{"rendered":"Cette arnaque au faux PV de stationnement pi\u00e8ge les automobilistes parisiens"},"content":{"rendered":"<p class=\"p1\">C\u2019est une histoire rocambolesque qui n\u2019a pas manqu\u00e9 de faire r\u00e9agir ce week-end. Vendredi, rue des Dardanelles dans le <strong>17e<\/strong>, les policiers tombent sur un <strong>flyer trompeur marqu\u00e9 \u00ab\u00a0R\u00e9publique fran\u00e7aise\u00a0\u00bb<\/strong>. Le document affirme que <strong>votre v\u00e9hicule a d\u00e9pass\u00e9 le temps de stationnement<\/strong> et <a href=\"https:\/\/www.lebonbon.fr\/paris\/les-tops-insolite\/top-10-des-amendes-insoupconnees\/\" target=\"_blank\" rel=\"noopener\"><strong>vous invite \u00e0 r\u00e9gler 35 \u20ac<\/strong> en <strong>scannant un QR code<\/strong><\/a>.\u00a0<\/p>\n<p>&#13;<\/p>\n<p class=\"p1\">Une fois flash\u00e9, celui-ci renvoie <strong>vers un faux site imitant amendes.gouv.fr<\/strong> avec <strong>logos officiels, typographies copi\u00e9es <\/strong>et<strong> un ultimatum<\/strong>\u00a0: <strong>payer sous 48 heures<\/strong> ou <strong>voir l\u2019amende grimper \u00e0 135 \u20ac<\/strong>.\u00a0<\/p>\n<p>&#13;<\/p>\n<blockquote class=\"twitter-tweet\"><p>&#13;<\/p>\n<p lang=\"fr\" dir=\"ltr\">\u26a0\ufe0fATTENTION <a href=\"https:\/\/twitter.com\/hashtag\/ARNAQUE?src=hash&amp;ref_src=twsrc%5Etfw\" target=\"_blank\" rel=\"noopener\">#ARNAQUE<\/a> AU PV DE STATIONNEMENT EN COURS\u26a0\ufe0f <br \/>De faux avis de contravention sont d\u00e9pos\u00e9s sur les v\u00e9hicules dans les Yvelines.<br \/>Ne suivez pas ce QR code. Le seul site pour payer ses amendes est <a href=\"https:\/\/t.co\/X8bRaXSObJ\">https:\/\/t.co\/X8bRaXSObJ<\/a> <a href=\"https:\/\/t.co\/uLGqyM3Imb\">pic.twitter.com\/uLGqyM3Imb<\/a><\/p>\n<p>&#13;<br \/>\n\u2014 Gendarmerie des Yvelines (@Gendarmerie_078) <a href=\"https:\/\/twitter.com\/Gendarmerie_078\/status\/1656940313619972096?ref_src=twsrc%5Etfw\" target=\"_blank\" rel=\"noopener\">May 12, 2023<\/a><\/p><\/blockquote>\n<p>&#13;<br \/>\n&#13;<br \/>\n<b><br \/>Un faux PV plus vrai que nature<\/b>&#13;<\/p>\n<p class=\"p1\">Cette <strong>arnaque, d\u00e9j\u00e0 pr\u00e9sente en banlieue et dans plusieurs villes de France<\/strong>, arrive d\u00e9sormais dans la capitale avec un <strong>degr\u00e9 de finition qui peut duper n\u2019importe quel automobiliste<\/strong> press\u00e9. <\/p>\n<p>&#13;<\/p>\n<p class=\"p1\"><strong>Les policiers ont imm\u00e9diatement signal\u00e9 les faits<\/strong>, et <strong>l\u2019information a \u00e9t\u00e9 transmise \u00e0 la section du parquet de Paris<\/strong> charg\u00e9e des affaires financi\u00e8res. <\/p>\n<p>&#13;<\/p>\n<blockquote class=\"instagram-media\" data-instgrm-permalink=\"https:\/\/www.instagram.com\/reel\/DOswMyGiPdK\/?utm_source=ig_embed&amp;utm_campaign=loading\" data-instgrm-version=\"14\" style=\"background: #FFF; border: 0; border-radius: 3px; box-shadow: 0 0 1px 0 rgba(0,0,0,0.5),0 1px 10px 0 rgba(0,0,0,0.15); margin: 1px; max-width: 540px; min-width: 326px; padding: 0; width: calc(100% - 2px);\"><p>&#13;<br \/>\n&#13;\n<\/p><\/blockquote>\n<p>&#13;<br \/>\n&#13;<br \/>\n<b><br \/>Comment reconna\u00eetre un vrai PV dans la capitale\u00a0?<\/b>&#13;<\/p>\n<p class=\"p1\">\u00c0 Paris, c\u2019est simple\u00a0: vous ne trouverez <b>plus aucun PV sous vos essuie-glaces<\/b>. Depuis l\u2019arriv\u00e9e des <strong>\u00ab\u00a0scan cars\u00a0\u00bb<\/strong>, les contraventions de stationnement sont <strong>totalement d\u00e9mat\u00e9rialis\u00e9es<\/strong>. Les agents lisent les plaques automatiquement, et les avis de paiement sont envoy\u00e9s <b>uniquement par courrier<\/b>, jamais d\u00e9pos\u00e9s sur votre v\u00e9hicule. <\/p>\n<p>&#13;<\/p>\n<p class=\"p1\">Autre point crucial\u00a0: le seul site officiel pour r\u00e9gler un forfait post-stationnement reste <b>stationnement.gouv.fr\/fps<\/b>. Si l\u2019on vous demande de <strong>payer via un QR code ou par un site qui imite l\u2019\u00c9tat<\/strong>, c\u2019est <strong>forc\u00e9ment une escroquerie<\/strong>. Dans le doute, mieux vaut ignorer le document suspect et signaler le ph\u00e9nom\u00e8ne.\u00a0En bref\u00a0: ouvrez l\u2019\u0153il, Parisiens, car les <strong>arnaqueurs redoublent d\u2019ing\u00e9niosit\u00e9<\/strong>\u2026 mais maintenant, vous \u00eates pr\u00e9venus.<\/p>\n<p><script async src=\"https:\/\/platform.twitter.com\/widgets.js\" charset=\"utf-8\"><\/script><script async src=\"\/\/www.instagram.com\/embed.js\"><\/script><\/p>\n","protected":false},"excerpt":{"rendered":"C\u2019est une histoire rocambolesque qui n\u2019a pas manqu\u00e9 de faire r\u00e9agir ce week-end. Vendredi, rue des Dardanelles dans&hellip;\n","protected":false},"author":2,"featured_media":572687,"comment_status":"","ping_status":"","sticky":false,"template":"","format":"standard","meta":{"footnotes":""},"categories":[1888],"tags":[1111,1928,11,1927,1777,674,1011,27,12,1926,626,1925,25],"class_list":{"0":"post-572686","1":"post","2":"type-post","3":"status-publish","4":"format-standard","5":"has-post-thumbnail","7":"category-paris","8":"tag-actu","9":"tag-actu-paris","10":"tag-actualites","11":"tag-actualites-paris","12":"tag-eu","13":"tag-europe","14":"tag-fr","15":"tag-france","16":"tag-news","17":"tag-news-paris","18":"tag-paris","19":"tag-paris-news","20":"tag-republique-francaise"},"share_on_mastodon":{"url":"https:\/\/pubeurope.com\/@fr\/115648907454420905","error":""},"_links":{"self":[{"href":"https:\/\/www.europesays.com\/fr\/wp-json\/wp\/v2\/posts\/572686","targetHints":{"allow":["GET"]}}],"collection":[{"href":"https:\/\/www.europesays.com\/fr\/wp-json\/wp\/v2\/posts"}],"about":[{"href":"https:\/\/www.europesays.com\/fr\/wp-json\/wp\/v2\/types\/post"}],"author":[{"embeddable":true,"href":"https:\/\/www.europesays.com\/fr\/wp-json\/wp\/v2\/users\/2"}],"replies":[{"embeddable":true,"href":"https:\/\/www.europesays.com\/fr\/wp-json\/wp\/v2\/comments?post=572686"}],"version-history":[{"count":0,"href":"https:\/\/www.europesays.com\/fr\/wp-json\/wp\/v2\/posts\/572686\/revisions"}],"wp:featuredmedia":[{"embeddable":true,"href":"https:\/\/www.europesays.com\/fr\/wp-json\/wp\/v2\/media\/572687"}],"wp:attachment":[{"href":"https:\/\/www.europesays.com\/fr\/wp-json\/wp\/v2\/media?parent=572686"}],"wp:term":[{"taxonomy":"category","embeddable":true,"href":"https:\/\/www.europesays.com\/fr\/wp-json\/wp\/v2\/categories?post=572686"},{"taxonomy":"post_tag","embeddable":true,"href":"https:\/\/www.europesays.com\/fr\/wp-json\/wp\/v2\/tags?post=572686"}],"curies":[{"name":"wp","href":"https:\/\/api.w.org\/{rel}","templated":true}]}}