{"id":572694,"date":"2025-12-02T08:00:28","date_gmt":"2025-12-02T08:00:28","guid":{"rendered":"https:\/\/www.europesays.com\/fr\/572694\/"},"modified":"2025-12-02T08:00:28","modified_gmt":"2025-12-02T08:00:28","slug":"guerre-en-ukraine-cest-une-prise-importante-vladimir-poutine-revendique-la-capture-de-la-ville-de-cle-de-pokrovsk-lukraine-dement-a-nouveau","status":"publish","type":"post","link":"https:\/\/www.europesays.com\/fr\/572694\/","title":{"rendered":"Guerre en Ukraine\u00a0: \u00ab\u00a0C\u2019est une prise importante\u00a0\u00bb, Vladimir Poutine revendique la capture de la ville de cl\u00e9 de Pokrovsk, l\u2019Ukraine d\u00e9ment \u00e0 nouveau"},"content":{"rendered":"<p>\n                                                                La capture de Pokrovsk, ville strat\u00e9gique en Ukraine, est cruciale pour l\u2019arm\u00e9e russe. Vladimir Poutine affirme que cette avanc\u00e9e facilitera les objectifs militaires. L\u2019Ukraine conteste cette prise, affirmant avoir repouss\u00e9 43 attaques.\n                            <\/p>\n<p>Vladimir Poutine a d\u00e9clar\u00e9 que la capture de Pokrovsk, ville strat\u00e9gique dans l\u2019est de l\u2019Ukraine, permettrait \u00e0 l\u2019arm\u00e9e russe de poursuivre ses objectifs dans le cadre de l\u2019offensive, selon des agences russes.<\/p>\n<p>\u00ab\u00a0C\u2019est une prise importante. Nous comprenons tous \u00e0 quel point elle l\u2019est. Elle garantira la r\u00e9alisation des t\u00e2ches que nous nous \u00e9tions fix\u00e9es au d\u00e9but de l\u2019op\u00e9ration militaire sp\u00e9ciale\u00a0\u00bb, a d\u00e9clar\u00e9 le pr\u00e9sident russe en d\u00e9placement dans un poste de commandement.<\/p>\n<p>La Russie qualifie son invasion de l\u2019Ukraine, lanc\u00e9e il y a plus de trois ans et demi, \u00ab\u00a0d\u2019op\u00e9ration militaire sp\u00e9ciale\u00a0\u00bb.<\/p>\n<p>\u00ab\u00a0Les forces arm\u00e9es russes d\u00e9tiennent avec assurance l\u2019initiative et continuent d\u2019accomplir les t\u00e2ches de l\u2019op\u00e9ration. Les forces russes progressent pratiquement dans toutes les directions\u00a0\u00bb, a ajout\u00e9 Vladimir Poutine, en citant des succ\u00e8s plus au sud dans la r\u00e9gion de Zaporijjia.<\/p>\n<p>Le pr\u00e9sident russe a \u00e9galement \u00e9voqu\u00e9 de lourdes pertes civiles et militaires qu\u2019il a attribu\u00e9es aux forces ukrainiennes, qualifiant ces pertes de \u00ab\u00a0trag\u00e9die du peuple ukrainien\u00a0\u00bb.<\/p>\n<p>Le Kremlin avait indiqu\u00e9 plus t\u00f4t que des commandants militaires avaient inform\u00e9 Vladimir Poutine de la prise de Pokrovsk, connue en russe sous le nom de Krasnoarmeysk, et de Vovchansk, dans la r\u00e9gion de Kharkiv.<\/p>\n<p>L\u2019arm\u00e9e ukrainienne a affirm\u00e9 lundi avoir repouss\u00e9 43 attaques dans le secteur de Pokrovsk et n\u2019a admis la perte d\u2019aucune des deux localit\u00e9s.<\/p>\n","protected":false},"excerpt":{"rendered":"La capture de Pokrovsk, ville strat\u00e9gique en Ukraine, est cruciale pour l\u2019arm\u00e9e russe. Vladimir Poutine affirme que cette&hellip;\n","protected":false},"author":2,"featured_media":572695,"comment_status":"","ping_status":"","sticky":false,"template":"","format":"standard","meta":{"footnotes":""},"categories":[1590],"tags":[11,1777,674,12,220],"class_list":{"0":"post-572694","1":"post","2":"type-post","3":"status-publish","4":"format-standard","5":"has-post-thumbnail","7":"category-ukraine","8":"tag-actualites","9":"tag-eu","10":"tag-europe","11":"tag-news","12":"tag-ukraine"},"share_on_mastodon":{"url":"https:\/\/pubeurope.com\/@fr\/115648923178425430","error":""},"_links":{"self":[{"href":"https:\/\/www.europesays.com\/fr\/wp-json\/wp\/v2\/posts\/572694","targetHints":{"allow":["GET"]}}],"collection":[{"href":"https:\/\/www.europesays.com\/fr\/wp-json\/wp\/v2\/posts"}],"about":[{"href":"https:\/\/www.europesays.com\/fr\/wp-json\/wp\/v2\/types\/post"}],"author":[{"embeddable":true,"href":"https:\/\/www.europesays.com\/fr\/wp-json\/wp\/v2\/users\/2"}],"replies":[{"embeddable":true,"href":"https:\/\/www.europesays.com\/fr\/wp-json\/wp\/v2\/comments?post=572694"}],"version-history":[{"count":0,"href":"https:\/\/www.europesays.com\/fr\/wp-json\/wp\/v2\/posts\/572694\/revisions"}],"wp:featuredmedia":[{"embeddable":true,"href":"https:\/\/www.europesays.com\/fr\/wp-json\/wp\/v2\/media\/572695"}],"wp:attachment":[{"href":"https:\/\/www.europesays.com\/fr\/wp-json\/wp\/v2\/media?parent=572694"}],"wp:term":[{"taxonomy":"category","embeddable":true,"href":"https:\/\/www.europesays.com\/fr\/wp-json\/wp\/v2\/categories?post=572694"},{"taxonomy":"post_tag","embeddable":true,"href":"https:\/\/www.europesays.com\/fr\/wp-json\/wp\/v2\/tags?post=572694"}],"curies":[{"name":"wp","href":"https:\/\/api.w.org\/{rel}","templated":true}]}}