{"id":572698,"date":"2025-12-02T08:02:20","date_gmt":"2025-12-02T08:02:20","guid":{"rendered":"https:\/\/www.europesays.com\/fr\/572698\/"},"modified":"2025-12-02T08:02:20","modified_gmt":"2025-12-02T08:02:20","slug":"les-prix-de-limmobilier-au-royaume-uni-augmentent-de-03-en-novembre-selon-nationwide","status":"publish","type":"post","link":"https:\/\/www.europesays.com\/fr\/572698\/","title":{"rendered":"Les prix de l&rsquo;immobilier au Royaume-Uni augmentent de 0,3\u00a0% en novembre, selon Nationwide"},"content":{"rendered":"<p>Les prix des logements britanniques ont enregistr\u00e9 une hausse sup\u00e9rieure aux pr\u00e9visions, progressant de 0,3\u00a0% en novembre, \u00e0 l&rsquo;approche du budget de la ministre des Finances Rachel Reeves, d&rsquo;apr\u00e8s les donn\u00e9es publi\u00e9es mardi par le pr\u00eateur hypoth\u00e9caire Nationwide.<\/p>\n<p>Les \u00e9conomistes interrog\u00e9s par Reuters anticipaient une progression mensuelle de 0,1\u00a0% et une hausse annuelle de 1,4\u00a0%.<\/p>\n<p>Sur douze mois, les prix affichent \u00e9galement une augmentation sup\u00e9rieure aux attentes, atteignant 1,8\u00a0% \u00e0 fin novembre.<\/p>\n","protected":false},"excerpt":{"rendered":"Les prix des logements britanniques ont enregistr\u00e9 une hausse sup\u00e9rieure aux pr\u00e9visions, progressant de 0,3\u00a0% en novembre, \u00e0&hellip;\n","protected":false},"author":2,"featured_media":572699,"comment_status":"","ping_status":"","sticky":false,"template":"","format":"standard","meta":{"footnotes":""},"categories":[1588],"tags":[11,340,1777,674,12,473,1853,1851,1850,1852],"class_list":{"0":"post-572698","1":"post","2":"type-post","3":"status-publish","4":"format-standard","5":"has-post-thumbnail","7":"category-royaume-uni","8":"tag-actualites","9":"tag-bourse","10":"tag-eu","11":"tag-europe","12":"tag-news","13":"tag-royaume-uni","14":"tag-royaume-uni-de-grande-bretagne-et-dirlande-du-nord","15":"tag-uk","16":"tag-united-kingdom","17":"tag-united-kingdom-of-great-britain-and-northern-ireland"},"share_on_mastodon":{"url":"https:\/\/pubeurope.com\/@fr\/115648931033155337","error":""},"_links":{"self":[{"href":"https:\/\/www.europesays.com\/fr\/wp-json\/wp\/v2\/posts\/572698","targetHints":{"allow":["GET"]}}],"collection":[{"href":"https:\/\/www.europesays.com\/fr\/wp-json\/wp\/v2\/posts"}],"about":[{"href":"https:\/\/www.europesays.com\/fr\/wp-json\/wp\/v2\/types\/post"}],"author":[{"embeddable":true,"href":"https:\/\/www.europesays.com\/fr\/wp-json\/wp\/v2\/users\/2"}],"replies":[{"embeddable":true,"href":"https:\/\/www.europesays.com\/fr\/wp-json\/wp\/v2\/comments?post=572698"}],"version-history":[{"count":0,"href":"https:\/\/www.europesays.com\/fr\/wp-json\/wp\/v2\/posts\/572698\/revisions"}],"wp:featuredmedia":[{"embeddable":true,"href":"https:\/\/www.europesays.com\/fr\/wp-json\/wp\/v2\/media\/572699"}],"wp:attachment":[{"href":"https:\/\/www.europesays.com\/fr\/wp-json\/wp\/v2\/media?parent=572698"}],"wp:term":[{"taxonomy":"category","embeddable":true,"href":"https:\/\/www.europesays.com\/fr\/wp-json\/wp\/v2\/categories?post=572698"},{"taxonomy":"post_tag","embeddable":true,"href":"https:\/\/www.europesays.com\/fr\/wp-json\/wp\/v2\/tags?post=572698"}],"curies":[{"name":"wp","href":"https:\/\/api.w.org\/{rel}","templated":true}]}}