{"id":57270,"date":"2025-04-27T17:02:09","date_gmt":"2025-04-27T17:02:09","guid":{"rendered":"https:\/\/www.europesays.com\/fr\/57270\/"},"modified":"2025-04-27T17:02:09","modified_gmt":"2025-04-27T17:02:09","slug":"lumiere-sur-ces-femmes-rencontrees-a-lheure-bleue-au-parc-de-pourtales","status":"publish","type":"post","link":"https:\/\/www.europesays.com\/fr\/57270\/","title":{"rendered":"lumi\u00e8re sur ces femmes rencontr\u00e9es \u00e0 l\u2019heure bleue au parc de Pourtal\u00e8s"},"content":{"rendered":"<p>Silhouettes fantomatiques sur des peintures et paysages f\u00e9\u00e9riques de contes de f\u00e9es \u00a0: le visiteur d\u00e9ambule \u00e0 l\u2019exposition \u201cEntre chien et loup\u201d dans une repr\u00e9sentation onirique du parc de Pourtal\u00e8s port\u00e9e par deux artistes.<\/p>\n<p>L\u2019une peint et travaille sur le f\u00e9minisme\u00a0; l\u2019autre photographie l\u2019espace naturel en milieu urbain et toutes deux partagent un atelier \u00e0 la Montagne-Verte. De leur travail commun sur les femmes et l\u2019espace nocturne est n\u00e9e une belle exposition au Cine de Bussierre.<\/p>\n<p>G\u00e9raldine Jo\u00ebt et <a href=\"https:\/\/www.dna.fr\/culture-loisirs\/2024\/04\/09\/cinq-artistes-presentent-leurs-mirages-a-l-aida-galerie\" target=\"_blank\" rel=\"nofollow noopener\">Audren Brisset<\/a> y r\u00e9v\u00e8lent la pr\u00e9sence des femmes au parc de Pourtal\u00e8s \u00e0 l\u2019heure bleue, dite entre chien et loup, quand la nature commence \u00e0 se parer de myst\u00e8re. \u00ab\u00a0 Nous avons \u00e9t\u00e9 surprises de croiser plus de femmes que d\u2019hommes, souvent seules d\u2019ailleurs.\u00a0\u00bb<\/p>\n<p>  \u00ab\u00a0 Plus apais\u00e9 qu\u2019en ville \u00a0\u00bb<\/p>\n<p>Ces femmes rencontr\u00e9es de janvier \u00e0 mars en fin de journ\u00e9e \u00e9taient l\u00e0 pour courir, faire du v\u00e9lo promener leur chien, se promener en for\u00eat, go\u00fbter une belle lumi\u00e8re et dispos\u00e9es \u00e0 r\u00e9pondre aux artistes. \u00ab\u00a0Ce lieu facilite les \u00e9changes, plus qu\u2019en ville. Les gens qui se croisent se saluent, c\u2019est plus apais\u00e9 qu\u2019en ville.\u00a0\u00bb<\/p>\n<p>Cette exposition correspond aux projets du Cine qui souhaite engager un travail sur le rapport entre la femme et la nature, indique Cl\u00e9mentine Gavarini. La directrice de Strasbourg Initiation Nature Environnement (Sine), qui g\u00e8re le lieu, fait observer que trop peu de citadins sortent dans la nature, d\u2019autant moins la nuit, alors qu\u2019est apparu, lors du confinement li\u00e9 au Covid, l\u2019imp\u00e9rieux besoin de vert.<\/p>\n<p class=\"note\">Exposition \u201cEntre chien et loup\u201d jusqu\u2019au 30\u00a0avril et du 5 au 7\u00a0mai, du 12 au 16, du 19 au 23 et du 26 au 28\u00a0mai, de 14\u00a0h \u00e0 18\u00a0h au Cine de Bussierre, 155, rue Kempf \u00e0 Strasbourg. Entr\u00e9e libre. Conf\u00e9rence gesticul\u00e9e \u00ab\u00a0Tu bivouaques seule\u00a0?\u00a0!\u00a0\u00bb par C\u00e9line Callot de la Braise, le 30\u00a0avril \u00e0 19\u00a0h.<\/p>\n","protected":false},"excerpt":{"rendered":"Silhouettes fantomatiques sur des peintures et paysages f\u00e9\u00e9riques de contes de f\u00e9es \u00a0: le visiteur d\u00e9ambule \u00e0 l\u2019exposition&hellip;\n","protected":false},"author":2,"featured_media":57271,"comment_status":"","ping_status":"","sticky":false,"template":"","format":"standard","meta":{"footnotes":""},"categories":[2820],"tags":[1111,11,1687,2880,1777,674,2271,107,1011,27,775,12,25,640,2879],"class_list":{"0":"post-57270","1":"post","2":"type-post","3":"status-publish","4":"format-standard","5":"has-post-thumbnail","7":"category-strasbourg","8":"tag-actu","9":"tag-actualites","10":"tag-culture-loisirs","11":"tag-edition-strasbourg","12":"tag-eu","13":"tag-europe","14":"tag-exposition-arts-plastiques","15":"tag-fil-info","16":"tag-fr","17":"tag-france","18":"tag-grand-est","19":"tag-news","20":"tag-republique-francaise","21":"tag-strasbourg","22":"tag-strasbourg-ville"},"share_on_mastodon":{"url":"https:\/\/pubeurope.com\/@fr\/114411008416924216","error":""},"_links":{"self":[{"href":"https:\/\/www.europesays.com\/fr\/wp-json\/wp\/v2\/posts\/57270","targetHints":{"allow":["GET"]}}],"collection":[{"href":"https:\/\/www.europesays.com\/fr\/wp-json\/wp\/v2\/posts"}],"about":[{"href":"https:\/\/www.europesays.com\/fr\/wp-json\/wp\/v2\/types\/post"}],"author":[{"embeddable":true,"href":"https:\/\/www.europesays.com\/fr\/wp-json\/wp\/v2\/users\/2"}],"replies":[{"embeddable":true,"href":"https:\/\/www.europesays.com\/fr\/wp-json\/wp\/v2\/comments?post=57270"}],"version-history":[{"count":0,"href":"https:\/\/www.europesays.com\/fr\/wp-json\/wp\/v2\/posts\/57270\/revisions"}],"wp:featuredmedia":[{"embeddable":true,"href":"https:\/\/www.europesays.com\/fr\/wp-json\/wp\/v2\/media\/57271"}],"wp:attachment":[{"href":"https:\/\/www.europesays.com\/fr\/wp-json\/wp\/v2\/media?parent=57270"}],"wp:term":[{"taxonomy":"category","embeddable":true,"href":"https:\/\/www.europesays.com\/fr\/wp-json\/wp\/v2\/categories?post=57270"},{"taxonomy":"post_tag","embeddable":true,"href":"https:\/\/www.europesays.com\/fr\/wp-json\/wp\/v2\/tags?post=57270"}],"curies":[{"name":"wp","href":"https:\/\/api.w.org\/{rel}","templated":true}]}}