{"id":572700,"date":"2025-12-02T08:03:22","date_gmt":"2025-12-02T08:03:22","guid":{"rendered":"https:\/\/www.europesays.com\/fr\/572700\/"},"modified":"2025-12-02T08:03:22","modified_gmt":"2025-12-02T08:03:22","slug":"un-parc-asterix-va-ouvrir-en-allemagne-en-2030","status":"publish","type":"post","link":"https:\/\/www.europesays.com\/fr\/572700\/","title":{"rendered":"Un parc Ast\u00e9rix va ouvrir en Allemagne en 2030"},"content":{"rendered":"\n<p class=\"c-chapo \">\n  La transformation du parc allemand Belantis, acquis en avril par la Compagnie des Alpes, se fera en plusieurs \u00e9tapes. Une premi\u00e8re zone d\u00e9di\u00e9e \u00e0 Id\u00e9fix ouvrira au printemps 2026.\n<\/p>\n<p>      lire plus tard<\/p>\n<p id=\"dialog__title\" class=\"dialog__title\">Pour sauvegarder cet article, connectez-vous ou cr\u00e9ez un compte franceinfo<\/p>\n<p class=\"dialog__description\">Sans paiement. Sans abonnement.<\/p>\n<p>        Fermer la fen\u00eatre d\u2019activation des notifications France Info<\/p>\n<p>      cr\u00e9er votre compte<\/p>\n<p>      se connecter<\/p>\n<p>        Fermer la fen\u00eatre de pr\u00e9sentation<\/p>\n<p>    <img loading=\"lazy\" decoding=\"async\" class=\"signature__image lazyload\" width=\"100\" height=\"100\" data- alt=\"\" src=\"https:\/\/www.europesays.com\/fr\/wp-content\/uploads\/2025\/05\/64a68815cd1a7_placeholder-36b69ec8.png\"\/><\/p>\n<p>    Publi\u00e9 le 02\/12\/2025 08:38<\/p>\n<p>        Temps de lecture : 2min<\/p>\n<p>    <img decoding=\"async\"  alt=\"Une vue d'une attraction du parc Ast\u00e9rix, le 2 juin 2021 \u00e0 Plailly (Oise). (STEPHANE DE SAKUTIN \/ AFP)\" width=\"432\" height=\"243\" src=\"https:\/\/www.europesays.com\/fr\/wp-content\/uploads\/2025\/12\/000-9ba2lh-692e972164207508225460.jpg\" fetchpriority=\"high\"\/><\/p>\n<p>      Une vue d&rsquo;une attraction du parc Ast\u00e9rix, le 2 juin 2021 \u00e0 Plailly (Oise). (STEPHANE DE SAKUTIN \/ AFP)<\/p>\n<p>La Compagnie des Alpes a annonc\u00e9, mardi 2 d\u00e9cembre, la transformation du parc allemand Belantis acquis en avril en un parc Ast\u00e9rix, le premier hors de France, \u00e0 \u00ab\u00a0horizon 2030-2031\u00a0\u00bb. \u00ab\u00a0Cette mutation se fera graduellement\u00a0\u00bb et \u00ab\u00a0la premi\u00e8re zone d\u00e9di\u00e9e \u00e0 Id\u00e9fix [le chien d&rsquo;Ob\u00e9lix] sera inaugur\u00e9e d\u00e8s le printemps 2026\u00a0\u00bb, a pr\u00e9cis\u00e9 le groupe en marge de la pr\u00e9sentation de ses r\u00e9sultats annuels.<\/p>\n<p>La Compagnie des Alpes, \u00ab\u00a0en accord avec les \u00e9ditions Albert Ren\u00e9\u00a0\u00bb, a pris la d\u00e9cision de transformer le parc de loisirs Belantis \u00ab\u00a0tel qu&rsquo;il est aujourd&rsquo;hui pour en faire le premier Parc Ast\u00e9rix en dehors de France\u00a0\u00bb. En termes de nombre de bandes dessin\u00e9es Ast\u00e9rix vendues, l&rsquo;Allemagne est le deuxi\u00e8me march\u00e9 juste derri\u00e8re la France, pr\u00e9cise le communiqu\u00e9. Le pays est aussi le deuxi\u00e8me march\u00e9 europ\u00e9en pour les parcs de loisirs.<\/p>\n<p>Selon le groupe, le parc Belantis, \u00ab\u00a0un des plus grands parcs d&rsquo;attractions dans l&rsquo;est de l&rsquo;Allemagne\u00a0\u00bb, \u00ab\u00a0poss\u00e8de de solides atouts\u00a0\u00bb comme son acc\u00e8s direct via l&rsquo;autoroute depuis Leipzig et proximit\u00e9 de Dresde et de Berlin. Il b\u00e9n\u00e9ficie \u00e9galement d&rsquo;une \u00e9tendue de \u00ab\u00a0plus de 80 hectares d\u00e9tenus en pleine propri\u00e9t\u00e9\u00a0\u00bb. La Compagnie des Alpes estime que \u00ab\u00a0ce parc a le potentiel pour accueillir, \u00e0 terme, pr\u00e8s de 900 000 visiteurs par an\u00a0\u00bb.<\/p>\n<p>En France, <a href=\"https:\/\/www.franceinfo.fr\/culture\/patrimoine\/reportage-tout-ca-va-aller-dans-la-cour-de-recreation-de-l-ecole-le-parc-asterix-donne-des-decors-a-une-petite-commune-de-l-essonne_7629254.html\" target=\"_blank\" rel=\"noopener\">le parc Ast\u00e9rix<\/a>, propri\u00e9t\u00e9 de la Compagnie des Alpes, a pr\u00e9sent\u00e9 en octobre un plan d&rsquo;investissement de 250 millions d&rsquo;euros d&rsquo;ici 2030 pour se d\u00e9velopper avec pour ambition d&rsquo;entrer dans le top 5 des parcs d&rsquo;attractions europ\u00e9ens. Le parc Ast\u00e9rix, au deuxi\u00e8me rang des parcs d&rsquo;attractions les plus visit\u00e9s en France derri\u00e8re Disneyland Paris avec 2,9 millions de visiteurs sur la saison 2024-2025, se situe aujourd&rsquo;hui au niveau europ\u00e9en \u00e0 la 8e place.<\/p>\n","protected":false},"excerpt":{"rendered":"La transformation du parc allemand Belantis, acquis en avril par la Compagnie des Alpes, se fera en plusieurs&hellip;\n","protected":false},"author":2,"featured_media":572701,"comment_status":"","ping_status":"","sticky":false,"template":"","format":"standard","meta":{"footnotes":""},"categories":[1587],"tags":[11,672,1804,1805,1803,1777,674,1801,12,1802],"class_list":{"0":"post-572700","1":"post","2":"type-post","3":"status-publish","4":"format-standard","5":"has-post-thumbnail","7":"category-allemagne","8":"tag-actualites","9":"tag-allemagne","10":"tag-bundesrepublik-deutschland","11":"tag-de","12":"tag-deutschland","13":"tag-eu","14":"tag-europe","15":"tag-germany","16":"tag-news","17":"tag-republique-federale-dallemagne"},"share_on_mastodon":{"url":"https:\/\/pubeurope.com\/@fr\/115648936330386536","error":""},"_links":{"self":[{"href":"https:\/\/www.europesays.com\/fr\/wp-json\/wp\/v2\/posts\/572700","targetHints":{"allow":["GET"]}}],"collection":[{"href":"https:\/\/www.europesays.com\/fr\/wp-json\/wp\/v2\/posts"}],"about":[{"href":"https:\/\/www.europesays.com\/fr\/wp-json\/wp\/v2\/types\/post"}],"author":[{"embeddable":true,"href":"https:\/\/www.europesays.com\/fr\/wp-json\/wp\/v2\/users\/2"}],"replies":[{"embeddable":true,"href":"https:\/\/www.europesays.com\/fr\/wp-json\/wp\/v2\/comments?post=572700"}],"version-history":[{"count":0,"href":"https:\/\/www.europesays.com\/fr\/wp-json\/wp\/v2\/posts\/572700\/revisions"}],"wp:featuredmedia":[{"embeddable":true,"href":"https:\/\/www.europesays.com\/fr\/wp-json\/wp\/v2\/media\/572701"}],"wp:attachment":[{"href":"https:\/\/www.europesays.com\/fr\/wp-json\/wp\/v2\/media?parent=572700"}],"wp:term":[{"taxonomy":"category","embeddable":true,"href":"https:\/\/www.europesays.com\/fr\/wp-json\/wp\/v2\/categories?post=572700"},{"taxonomy":"post_tag","embeddable":true,"href":"https:\/\/www.europesays.com\/fr\/wp-json\/wp\/v2\/tags?post=572700"}],"curies":[{"name":"wp","href":"https:\/\/api.w.org\/{rel}","templated":true}]}}