{"id":572704,"date":"2025-12-02T08:05:13","date_gmt":"2025-12-02T08:05:13","guid":{"rendered":"https:\/\/www.europesays.com\/fr\/572704\/"},"modified":"2025-12-02T08:05:13","modified_gmt":"2025-12-02T08:05:13","slug":"larmenie-et-lue-sappretent-a-adopter-un-programme-de-partenariat-strategique-historique","status":"publish","type":"post","link":"https:\/\/www.europesays.com\/fr\/572704\/","title":{"rendered":"L&rsquo;Arm\u00e9nie et l&rsquo;UE s&rsquo;appr\u00eatent \u00e0 adopter un programme de partenariat strat\u00e9gique historique"},"content":{"rendered":"<p>L\u2019Arm\u00e9nie et l\u2019UE s\u2019appr\u00eatent \u00e0 adopter un nouveau programme de partenariat strat\u00e9gique lors de la 6e r\u00e9union du Conseil de partenariat Arm\u00e9nie-UE qui se tiendra le 2 d\u00e9cembre \u00e0 Bruxelles, a d\u00e9clar\u00e9 la commissaire europ\u00e9enne charg\u00e9e de l\u2019\u00e9largissement, Marta Kos, aux journalistes.Le nouveau programme de partenariat sera sign\u00e9 par le ministre arm\u00e9nien des Affaires \u00e9trang\u00e8res, Ararat Mirzoyan, et la haute repr\u00e9sentante de l\u2019Union europ\u00e9enne pour les affaires \u00e9trang\u00e8res et la politique de s\u00e9curit\u00e9, Kaja Kallas.\u00ab Demain, nous tiendrons le Conseil de partenariat UE-Arm\u00e9nie, au cours duquel nous adopterons un nouveau programme strat\u00e9gique pour le partenariat UE-Arm\u00e9nie. Il s\u2019agira donc d\u2019une sorte de plan d\u2019action, d\u2019une feuille de route indiquant ce que nous pouvons faire \u00bb, a d\u00e9clar\u00e9 M. Kos aux journalistes arm\u00e9niens en visite \u00e0 Bruxelles lundi.Ce partenariat pr\u00e9voit un renforcement de la coop\u00e9ration en mati\u00e8re de s\u00e9curit\u00e9 et de d\u00e9fense, ainsi qu\u2019un soutien au d\u00e9veloppement \u00e9conomique et au renforcement des institutions.\u00a0Le commissaire Kos a d\u00e9clar\u00e9 que l\u2019UE soutiendrait \u00e9galement l\u2019Arm\u00e9nie dans la lutte contre la d\u00e9sinformation, les cyberattaques et autres menaces hybrides avant les \u00e9lections l\u00e9gislatives de 2026.<\/p>\n","protected":false},"excerpt":{"rendered":"L\u2019Arm\u00e9nie et l\u2019UE s\u2019appr\u00eatent \u00e0 adopter un nouveau programme de partenariat strat\u00e9gique lors de la 6e r\u00e9union du&hellip;\n","protected":false},"author":2,"featured_media":572705,"comment_status":"","ping_status":"","sticky":false,"template":"","format":"standard","meta":{"footnotes":""},"categories":[1586],"tags":[38404,11,5950,312,1777,674,1779,1011,27,12,25,1778,364],"class_list":{"0":"post-572704","1":"post","2":"type-post","3":"status-publish","4":"format-standard","5":"has-post-thumbnail","7":"category-europe","8":"tag-01-la-une","9":"tag-actualites","10":"tag-armenie","11":"tag-diplomatie","12":"tag-eu","13":"tag-europe","14":"tag-european-union","15":"tag-fr","16":"tag-france","17":"tag-news","18":"tag-republique-francaise","19":"tag-ue","20":"tag-union-europeenne"},"share_on_mastodon":{"url":"https:\/\/pubeurope.com\/@fr\/115648942969088615","error":""},"_links":{"self":[{"href":"https:\/\/www.europesays.com\/fr\/wp-json\/wp\/v2\/posts\/572704","targetHints":{"allow":["GET"]}}],"collection":[{"href":"https:\/\/www.europesays.com\/fr\/wp-json\/wp\/v2\/posts"}],"about":[{"href":"https:\/\/www.europesays.com\/fr\/wp-json\/wp\/v2\/types\/post"}],"author":[{"embeddable":true,"href":"https:\/\/www.europesays.com\/fr\/wp-json\/wp\/v2\/users\/2"}],"replies":[{"embeddable":true,"href":"https:\/\/www.europesays.com\/fr\/wp-json\/wp\/v2\/comments?post=572704"}],"version-history":[{"count":0,"href":"https:\/\/www.europesays.com\/fr\/wp-json\/wp\/v2\/posts\/572704\/revisions"}],"wp:featuredmedia":[{"embeddable":true,"href":"https:\/\/www.europesays.com\/fr\/wp-json\/wp\/v2\/media\/572705"}],"wp:attachment":[{"href":"https:\/\/www.europesays.com\/fr\/wp-json\/wp\/v2\/media?parent=572704"}],"wp:term":[{"taxonomy":"category","embeddable":true,"href":"https:\/\/www.europesays.com\/fr\/wp-json\/wp\/v2\/categories?post=572704"},{"taxonomy":"post_tag","embeddable":true,"href":"https:\/\/www.europesays.com\/fr\/wp-json\/wp\/v2\/tags?post=572704"}],"curies":[{"name":"wp","href":"https:\/\/api.w.org\/{rel}","templated":true}]}}