{"id":572708,"date":"2025-12-02T08:07:13","date_gmt":"2025-12-02T08:07:13","guid":{"rendered":"https:\/\/www.europesays.com\/fr\/572708\/"},"modified":"2025-12-02T08:07:13","modified_gmt":"2025-12-02T08:07:13","slug":"un-policier-de-la-dgsi-se-suicide-sur-un-site-du-ministere-de-linterieur","status":"publish","type":"post","link":"https:\/\/www.europesays.com\/fr\/572708\/","title":{"rendered":"Un policier de la DGSI se suicide sur un site du minist\u00e8re de l\u2019Int\u00e9rieur"},"content":{"rendered":"<p><a href=\"https:\/\/www.20minutes.fr\/societe\/4098679-20240628-micros-telephone-piege-ordinateur-surveille-toujours-plus-personnes-surveillees-france-renseignements\" target=\"_blank\" class=\"c-link c-link--is-underlined\" rel=\"noopener\">La DGSI<\/a> est frapp\u00e9e par un drame qui s\u2019est produit lundi dans l\u2019Essonne. Un policier de la Direction g\u00e9n\u00e9rale de la s\u00e9curit\u00e9 int\u00e9rieure <a href=\"https:\/\/www.20minutes.fr\/podcast\/3347583-20220908-minute-papillon-prevenir-suicide-parlant-maniere-anonyme\" target=\"_blank\" class=\"c-link c-link--is-underlined\" rel=\"noopener\">s\u2019est donn\u00e9 la mort<\/a> \u00ab\u00a0sur un site du minist\u00e8re de l\u2019Int\u00e9rieur\u00a0\u00bb, a indiqu\u00e9 le parquet d\u2019Evry.<\/p>\n<p>\u00ab\u00a0Des premiers \u00e9l\u00e9ments recueillis, il semble que l\u2019homme se soit suicid\u00e9 avec son arme de service\u00a0\u00bb, a pr\u00e9cis\u00e9 cette source judiciaire.<\/p>\n<p>Le drame a eu lieu dans la matin\u00e9e<\/p>\n<p>Le parquet n\u2019a pas donn\u00e9 davantage de pr\u00e9cisions \u00e0 ce stade sur le lieu ou les circonstances du d\u00e9c\u00e8s de ce fonctionnaire. Les faits se sont d\u00e9roul\u00e9s dans la matin\u00e9e.<\/p>\n<\/p>\n<p>Un magistrat s\u2019est rendu sur les lieux et une enqu\u00eate en recherche des causes de la mort a \u00e9t\u00e9 ouverte.<\/p>\n<p><a href=\"https:\/\/www.20minutes.fr\/societe\/dgsi\/\" target=\"_blank\" class=\"c-link c-btn c-btn--primary\" rel=\"noopener\">Notre dossier sur la DGSI<\/a><\/p>\n<p>Selon des chiffres du minist\u00e8re de l\u2019Int\u00e9rieur, 27 policiers et 26 gendarmes se sont suicid\u00e9s en\u00a02024.<\/p>\n","protected":false},"excerpt":{"rendered":"La DGSI est frapp\u00e9e par un drame qui s\u2019est produit lundi dans l\u2019Essonne. Un policier de la Direction&hellip;\n","protected":false},"author":2,"featured_media":572709,"comment_status":"","ping_status":"","sticky":false,"template":"","format":"standard","meta":{"footnotes":""},"categories":[2],"tags":[47,11,33710,1936,118,1011,27,662,12,25,5748,133],"class_list":{"0":"post-572708","1":"post","2":"type-post","3":"status-publish","4":"format-standard","5":"has-post-thumbnail","7":"category-actualites","8":"tag-actualite","9":"tag-actualites","10":"tag-dgsi","11":"tag-essonne","12":"tag-faits-divers","13":"tag-fr","14":"tag-france","15":"tag-ile-de-france","16":"tag-news","17":"tag-republique-francaise","18":"tag-suicide","19":"tag-video"},"share_on_mastodon":{"url":"https:\/\/pubeurope.com\/@fr\/115648950594350636","error":""},"_links":{"self":[{"href":"https:\/\/www.europesays.com\/fr\/wp-json\/wp\/v2\/posts\/572708","targetHints":{"allow":["GET"]}}],"collection":[{"href":"https:\/\/www.europesays.com\/fr\/wp-json\/wp\/v2\/posts"}],"about":[{"href":"https:\/\/www.europesays.com\/fr\/wp-json\/wp\/v2\/types\/post"}],"author":[{"embeddable":true,"href":"https:\/\/www.europesays.com\/fr\/wp-json\/wp\/v2\/users\/2"}],"replies":[{"embeddable":true,"href":"https:\/\/www.europesays.com\/fr\/wp-json\/wp\/v2\/comments?post=572708"}],"version-history":[{"count":0,"href":"https:\/\/www.europesays.com\/fr\/wp-json\/wp\/v2\/posts\/572708\/revisions"}],"wp:featuredmedia":[{"embeddable":true,"href":"https:\/\/www.europesays.com\/fr\/wp-json\/wp\/v2\/media\/572709"}],"wp:attachment":[{"href":"https:\/\/www.europesays.com\/fr\/wp-json\/wp\/v2\/media?parent=572708"}],"wp:term":[{"taxonomy":"category","embeddable":true,"href":"https:\/\/www.europesays.com\/fr\/wp-json\/wp\/v2\/categories?post=572708"},{"taxonomy":"post_tag","embeddable":true,"href":"https:\/\/www.europesays.com\/fr\/wp-json\/wp\/v2\/tags?post=572708"}],"curies":[{"name":"wp","href":"https:\/\/api.w.org\/{rel}","templated":true}]}}