{"id":572714,"date":"2025-12-02T08:12:12","date_gmt":"2025-12-02T08:12:12","guid":{"rendered":"https:\/\/www.europesays.com\/fr\/572714\/"},"modified":"2025-12-02T08:12:12","modified_gmt":"2025-12-02T08:12:12","slug":"atp-nadal-repond-a-federer-et-met-les-choses-au-clair-je-pense-que-si-cela-devait-arriver-ce-serait-un-peu-plus-tard-nous-en-avons-vaguement-parle-et-nous-verrons-bien-ce-qui-se-passera-a-lave","status":"publish","type":"post","link":"https:\/\/www.europesays.com\/fr\/572714\/","title":{"rendered":"ATP > Nadal r\u00e9pond \u00e0 Federer et met les choses au clair : \u00ab\u00a0Je pense que si cela devait arriver, ce serait un peu plus tard. Nous en avons vaguement parl\u00e9 et nous verrons bien ce qui se passera \u00e0 l&rsquo;avenir, mais j&rsquo;ai besoin de temps\u00a0\u00bb"},"content":{"rendered":"<p>\u00ab\u202fPour l\u2019instant, rien de concret n\u2019est pr\u00e9vu. Mais j\u2019entrevois d\u00e9j\u00e0 des possi\u00adbi\u00adlit\u00e9s int\u00e9\u00adres\u00adsantes.\u202fCe serait bien si cela pouvait se faire\u202f\u00bb, <a href=\"https:\/\/www.welovetennis.fr\/atp\/le-message-de-federer-a-nadal-ce-serait-bien-si-cela-pouvait-se-faire\" data-wpel-link=\"internal\" target=\"_blank\" rel=\"noopener\">d\u00e9cla\u00adrait r\u00e9cem\u00adment Roger Federer, lors de son inter\u00adview accord\u00e9e au quoti\u00addien suisse,\u00a0Tages\u2010Anzeiger, \u00e0 propos d\u2019une possible tourn\u00e9e d\u2019ex\u00adhi\u00adbi\u00adtions avec Rafael Nadal<\/a>.<\/p>\n<p>En marge de la c\u00e9r\u00e9\u00admonie des awards AS du sport, l\u2019homme aux 14 Roland\u2010Garros a \u00e9voqu\u00e9 ce projet avec prudence, mais sans fermer la porte \u00e0 moyen\u00a0terme.\u00a0<\/p>\n<blockquote class=\"twitter-tweet\">\n<p lang=\"es\" dir=\"ltr\">\ud83c\udfbe <a href=\"https:\/\/twitter.com\/RafaelNadal?ref_src=twsrc%5Etfw\" data-wpel-link=\"external\" target=\"_blank\" rel=\"nofollow external noopener\">@RafaelNadal<\/a>, sobre volver a jugar con Federer<\/p>\n<p>\ud83d\udd1c \u00ab\u202fSi eso ocur\u00adriera ser\u00e1 un poco m\u00e1s adelante. He estado un a\u00f1o sin jugar y nece\u00adsi\u00adtar\u00e9 un tiempo de prepa\u00adra\u00adci\u00f3n\u202f\u00bb<\/p>\n<p>\ud83d\udc4f \u00ab\u202fEn el futuro algo ocur\u00adrir\u00e1, ya hemos hablado vaga\u00admente de ello\u202f\u00bb<\/p>\n<p>\ud83d\udcfb <a href=\"https:\/\/twitter.com\/hashtag\/PartidazoCOPE?src=hash&amp;ref_src=twsrc%5Etfw\" data-wpel-link=\"external\" target=\"_blank\" rel=\"nofollow external noopener\">#PartidazoCOPE<\/a><a href=\"https:\/\/t.co\/1w28kpQiOt\" data-wpel-link=\"external\" target=\"_blank\" rel=\"nofollow external noopener\">pic.twitter.com\/1w28kpQiOt<\/a><\/p>\n<p>\u2014 El Partidazo de COPE (@partidazocope) <a href=\"https:\/\/twitter.com\/partidazocope\/status\/1995581159267598385?ref_src=twsrc%5Etfw\" data-wpel-link=\"external\" target=\"_blank\" rel=\"nofollow external noopener\">December 1,\u00a02025<\/a><\/p><\/blockquote>\n<p><strong>\u00ab\u202fJe pense qu\u2019\u00e0 l\u2019heure actuelle, si cela devait arriver, ce serait un peu plus tard. Je n\u2019ai pas jou\u00e9 pendant un an et j\u2019aurai besoin d\u2019un temps de pr\u00e9pa\u00adra\u00adtion. Je suis s\u00fbr qu\u2019\u00e0 l\u2019avenir, si l\u2019oc\u00adca\u00adsion se pr\u00e9sente de nous amuser et de nous motiver pour un projet, et si une s\u00e9rie de facteurs se r\u00e9unissent pour le rendre possible, quelque chose se produira certai\u00adne\u00adment. Nous en avons vague\u00adment parl\u00e9 dans le pass\u00e9 et nous verrons bien ce qui se passera \u00e0 l\u2019avenir.\u202f\u00bb<\/strong>,<\/p>\n<p class=\"post-published-date\" style=\"color: silver; font-size: 75%; text-align: left;\">Publi\u00e9 le mardi 2 d\u00e9cembre 2025 \u00e0 08:17<\/p>\n<p><script async src=\"https:\/\/platform.twitter.com\/widgets.js\" charset=\"utf-8\"><\/script><\/p>\n","protected":false},"excerpt":{"rendered":"\u00ab\u202fPour l\u2019instant, rien de concret n\u2019est pr\u00e9vu. Mais j\u2019entrevois d\u00e9j\u00e0 des possi\u00adbi\u00adlit\u00e9s int\u00e9\u00adres\u00adsantes.\u202fCe serait bien si cela pouvait&hellip;\n","protected":false},"author":2,"featured_media":407609,"comment_status":"","ping_status":"","sticky":false,"template":"","format":"standard","meta":{"footnotes":""},"categories":[1415],"tags":[2199,1011,27,1960,60,1467],"class_list":{"0":"post-572714","1":"post","2":"type-post","3":"status-publish","4":"format-standard","5":"has-post-thumbnail","7":"category-tennis","8":"tag-federer","9":"tag-fr","10":"tag-france","11":"tag-nadal","12":"tag-sports","13":"tag-tennis"},"share_on_mastodon":{"url":"https:\/\/pubeurope.com\/@fr\/115648970292386194","error":""},"_links":{"self":[{"href":"https:\/\/www.europesays.com\/fr\/wp-json\/wp\/v2\/posts\/572714","targetHints":{"allow":["GET"]}}],"collection":[{"href":"https:\/\/www.europesays.com\/fr\/wp-json\/wp\/v2\/posts"}],"about":[{"href":"https:\/\/www.europesays.com\/fr\/wp-json\/wp\/v2\/types\/post"}],"author":[{"embeddable":true,"href":"https:\/\/www.europesays.com\/fr\/wp-json\/wp\/v2\/users\/2"}],"replies":[{"embeddable":true,"href":"https:\/\/www.europesays.com\/fr\/wp-json\/wp\/v2\/comments?post=572714"}],"version-history":[{"count":0,"href":"https:\/\/www.europesays.com\/fr\/wp-json\/wp\/v2\/posts\/572714\/revisions"}],"wp:featuredmedia":[{"embeddable":true,"href":"https:\/\/www.europesays.com\/fr\/wp-json\/wp\/v2\/media\/407609"}],"wp:attachment":[{"href":"https:\/\/www.europesays.com\/fr\/wp-json\/wp\/v2\/media?parent=572714"}],"wp:term":[{"taxonomy":"category","embeddable":true,"href":"https:\/\/www.europesays.com\/fr\/wp-json\/wp\/v2\/categories?post=572714"},{"taxonomy":"post_tag","embeddable":true,"href":"https:\/\/www.europesays.com\/fr\/wp-json\/wp\/v2\/tags?post=572714"}],"curies":[{"name":"wp","href":"https:\/\/api.w.org\/{rel}","templated":true}]}}