{"id":572717,"date":"2025-12-02T08:17:12","date_gmt":"2025-12-02T08:17:12","guid":{"rendered":"https:\/\/www.europesays.com\/fr\/572717\/"},"modified":"2025-12-02T08:17:12","modified_gmt":"2025-12-02T08:17:12","slug":"la-provocation-lamentable-de-vinicius-jr-contre-les-fans-de-girona","status":"publish","type":"post","link":"https:\/\/www.europesays.com\/fr\/572717\/","title":{"rendered":"la provocation lamentable de Vinicius Jr contre les fans de Girona"},"content":{"rendered":"<p><a href=\"https:\/\/www.footmercato.net\/a6515571033611664599-liga-malgre-un-but-de-mbappe-le-real-est-accroche-a-girona\" target=\"_blank\" rel=\"noopener\">Accroch\u00e9 par Girona (1-1)<\/a>, le <a href=\"https:\/\/www.footmercato.net\/club\/real-madrid\/\" target=\"_blank\" rel=\"noopener\">Real Madrid<\/a> a perdu la premi\u00e8re place du <a href=\"https:\/\/www.footmercato.net\/espagne\/liga\/classement\" target=\"_blank\" rel=\"noopener\">classement de Liga<\/a>. \u00c0 l\u2019issue du match, les Merengues \u00e9taient d\u2019ailleurs tr\u00e8s m\u00e9contents et <a href=\"https:\/\/www.footmercato.net\/a2443003868532895484-le-real-madrid-crie-au-complot-total\" target=\"_blank\" rel=\"noopener\">la cha\u00eene officielle du club a m\u00eame cri\u00e9 au complot<\/a>. En attendant, les m\u00e9dias espagnols ont surpris Vinic\u00edus J\u00fanior en train de provoquer une nouvelle fois les supporters adverses.<\/p>\n<p>            La suite apr\u00e8s cette publicit\u00e9<\/p>\n<p>Movistar+, qui diffuse la <a href=\"https:\/\/www.footmercato.net\/espagne\/liga\/\" target=\"_blank\" rel=\"noopener\">Liga<\/a>, a publi\u00e9 une vid\u00e9o dans laquelle on voit le Br\u00e9silien pointer son doigt vers le bas apr\u00e8s avoir \u00e9t\u00e9 siffl\u00e9 par les fans adverses pendant qu\u2019il avait le ballon. En Espagne, le geste du Madril\u00e8ne est clair. Il signifie \u00ab\u00a0en deuxi\u00e8me division\u00a0\u00bb, une provocation que Vinic\u00edus Jr a coutume de faire aux supporters des clubs luttant pour leur maintien (Girona est 18e du classement). Toujours aussi classe le num\u00e9ro 7 madril\u00e8ne\u2026<\/p>\n<p>\n    Pub. le 01\/12\/2025 22:40<br \/>\n            &#8211; MAJ le 02\/12\/2025 07:36\n    <\/p>\n","protected":false},"excerpt":{"rendered":"Accroch\u00e9 par Girona (1-1), le Real Madrid a perdu la premi\u00e8re place du classement de Liga. \u00c0 l\u2019issue&hellip;\n","protected":false},"author":2,"featured_media":572718,"comment_status":"","ping_status":"","sticky":false,"template":"","format":"standard","meta":{"footnotes":""},"categories":[1410],"tags":[63,1011,27,60],"class_list":{"0":"post-572717","1":"post","2":"type-post","3":"status-publish","4":"format-standard","5":"has-post-thumbnail","7":"category-football","8":"tag-football","9":"tag-fr","10":"tag-france","11":"tag-sports"},"share_on_mastodon":{"url":"https:\/\/pubeurope.com\/@fr\/115648990092416375","error":""},"_links":{"self":[{"href":"https:\/\/www.europesays.com\/fr\/wp-json\/wp\/v2\/posts\/572717","targetHints":{"allow":["GET"]}}],"collection":[{"href":"https:\/\/www.europesays.com\/fr\/wp-json\/wp\/v2\/posts"}],"about":[{"href":"https:\/\/www.europesays.com\/fr\/wp-json\/wp\/v2\/types\/post"}],"author":[{"embeddable":true,"href":"https:\/\/www.europesays.com\/fr\/wp-json\/wp\/v2\/users\/2"}],"replies":[{"embeddable":true,"href":"https:\/\/www.europesays.com\/fr\/wp-json\/wp\/v2\/comments?post=572717"}],"version-history":[{"count":0,"href":"https:\/\/www.europesays.com\/fr\/wp-json\/wp\/v2\/posts\/572717\/revisions"}],"wp:featuredmedia":[{"embeddable":true,"href":"https:\/\/www.europesays.com\/fr\/wp-json\/wp\/v2\/media\/572718"}],"wp:attachment":[{"href":"https:\/\/www.europesays.com\/fr\/wp-json\/wp\/v2\/media?parent=572717"}],"wp:term":[{"taxonomy":"category","embeddable":true,"href":"https:\/\/www.europesays.com\/fr\/wp-json\/wp\/v2\/categories?post=572717"},{"taxonomy":"post_tag","embeddable":true,"href":"https:\/\/www.europesays.com\/fr\/wp-json\/wp\/v2\/tags?post=572717"}],"curies":[{"name":"wp","href":"https:\/\/api.w.org\/{rel}","templated":true}]}}