{"id":572721,"date":"2025-12-02T08:19:34","date_gmt":"2025-12-02T08:19:34","guid":{"rendered":"https:\/\/www.europesays.com\/fr\/572721\/"},"modified":"2025-12-02T08:19:34","modified_gmt":"2025-12-02T08:19:34","slug":"un-tout-petit-appartement-au-pied-de-montmartre-pense-comme-une-chambre-dhotel","status":"publish","type":"post","link":"https:\/\/www.europesays.com\/fr\/572721\/","title":{"rendered":"Un tout petit appartement au pied de Montmartre pens\u00e9 comme une chambre d&rsquo;h\u00f4tel"},"content":{"rendered":"<p>1 d\u00e9cembre 2025<\/p>\n<p class=\"chapo\">Connues pour leur utilisation franche de la couleur, Rebecca Benichou et Florence Jallet, \u00e0 la t\u00eate de Batiik Studio, livrent un petit projet r\u00e9sidentiel tr\u00e8s bien agenc\u00e9 et port\u00e9 par des partis pris stylistiques forts. Un deux pi\u00e8ces de 21 m\u00b2 situ\u00e9 au pied de la Butte Montmartre, \u00e0 Paris. <\/p>\n<p class=\"has-drop-cap\">C\u2019est un de ces appartements \u00e0 la surface minimale dont regorge la capitale fran\u00e7aise. Dans le 18e arrondissement, au pied de la Butte Montmartre, ce petit lieu de 21 m\u00b2 n\u2019\u00e9tait \u00e0 l\u2019origine qu\u2019un plateau. Le plan a donc \u00e9t\u00e9 totalement r\u00e9organis\u00e9 pour int\u00e9grer deux pi\u00e8ces, avec une vraie chambre s\u00e9par\u00e9e, et sans pour autant perdre en luminosit\u00e9 \u2014 l\u2019appartement n\u2019\u00e9tant dot\u00e9 que de trois fen\u00eatres. \u00c0 la t\u00eate du projet, Rebecca Benichou et Florence Jallet, fondatrices de l\u2019agence d\u2019architecture <a href=\"https:\/\/www.milkdecoration.com\/tag\/batiik-studio\/\" target=\"_blank\" rel=\"noreferrer noopener\">Batiik Studio<\/a>, ont r\u00e9ussi le tour de force de cr\u00e9er un espace \u00e0 la fois condens\u00e9, pratique et de caract\u00e8re. <\/p>\n<p>Appr\u00e9hend\u00e9 comme une chambre d\u2019h\u00f4tel, ce petit <a href=\"https:\/\/www.milkdecoration.com\/categorie\/design\/interieur\/\" target=\"_blank\" rel=\"noreferrer noopener\">appartement<\/a> d\u00e9voile d\u2019abord un couloir qui dessert la salle de bain, puis une pi\u00e8ce centrale qui concentre un \u00eelot de cuisine prolong\u00e9 par une banquette. \u00c0 c\u00f4t\u00e9, une tablette suspendue fait m\u00eame office de table \u00e0 manger. Il faut ensuite faire glisser une porte en damier de bois et de verre pour acc\u00e9der \u00e0 la chambre, habill\u00e9e d\u2019un papier peint audacieux qui conf\u00e8re encore plus d\u2019intimit\u00e9 \u00e0 la pi\u00e8ce. Partout, les deux architectes d\u2019int\u00e9rieur ont distill\u00e9 une teinte verte chaleureuse, compl\u00e9t\u00e9e par de nombreux \u00e9l\u00e9ments en bois ou des textiles enveloppants. Le reste du d\u00e9cor est quant \u00e0 lui ponctu\u00e9 de petits objets et d\u2019\u0153uvres d\u2019art bien choisies et inspirantes. Ici une belle photographie d\u2019Adel Slimane Fecih, de l\u2019art de la table sign\u00e9 <a href=\"https:\/\/www.milkdecoration.com\/rencontre-avec-la-designer-sophie-lou-jacobsen-dans-son-studio-new-yorkais\/\" target=\"_blank\" rel=\"noreferrer noopener\">Sophie Lou Jacobsen<\/a> ou <a href=\"https:\/\/www.milkdecoration.com\/les-bijoux-de-table-de-la-designer-natalia-criado\/\" target=\"_blank\" rel=\"noreferrer noopener\">Natalia Criado<\/a>, des appliques de L\u00e9a Z\u00e9roil pour Modern M\u00e9tier, des \u0153uvres en pierre de Guillaume Campredon chez <a href=\"https:\/\/www.milkdecoration.com\/loeil-de-ko-le-cabinet-de-curiosites-digital-de-studio-ko\/\" target=\"_blank\" rel=\"noreferrer noopener\">L\u2019\u0152il de KO<\/a> ou encore des assises vintage. Une jolie r\u00e9alisation. <\/p>\n","protected":false},"excerpt":{"rendered":"1 d\u00e9cembre 2025 Connues pour leur utilisation franche de la couleur, Rebecca Benichou et Florence Jallet, \u00e0 la&hellip;\n","protected":false},"author":2,"featured_media":572722,"comment_status":"","ping_status":"","sticky":false,"template":"","format":"standard","meta":{"footnotes":""},"categories":[1358],"tags":[1348,1384,1385,68721,4397,1386,58,59,1011,27,16978,626],"class_list":{"0":"post-572721","1":"post","2":"type-post","3":"status-publish","4":"format-standard","5":"has-post-thumbnail","7":"category-arts-et-design","8":"tag-arts","9":"tag-arts-and-design","10":"tag-arts-et-design","11":"tag-batiik-studio","12":"tag-decoration","13":"tag-design","14":"tag-divertissement","15":"tag-entertainment","16":"tag-fr","17":"tag-france","18":"tag-interieur","19":"tag-paris"},"share_on_mastodon":{"url":"https:\/\/pubeurope.com\/@fr\/115648997759639547","error":""},"_links":{"self":[{"href":"https:\/\/www.europesays.com\/fr\/wp-json\/wp\/v2\/posts\/572721","targetHints":{"allow":["GET"]}}],"collection":[{"href":"https:\/\/www.europesays.com\/fr\/wp-json\/wp\/v2\/posts"}],"about":[{"href":"https:\/\/www.europesays.com\/fr\/wp-json\/wp\/v2\/types\/post"}],"author":[{"embeddable":true,"href":"https:\/\/www.europesays.com\/fr\/wp-json\/wp\/v2\/users\/2"}],"replies":[{"embeddable":true,"href":"https:\/\/www.europesays.com\/fr\/wp-json\/wp\/v2\/comments?post=572721"}],"version-history":[{"count":0,"href":"https:\/\/www.europesays.com\/fr\/wp-json\/wp\/v2\/posts\/572721\/revisions"}],"wp:featuredmedia":[{"embeddable":true,"href":"https:\/\/www.europesays.com\/fr\/wp-json\/wp\/v2\/media\/572722"}],"wp:attachment":[{"href":"https:\/\/www.europesays.com\/fr\/wp-json\/wp\/v2\/media?parent=572721"}],"wp:term":[{"taxonomy":"category","embeddable":true,"href":"https:\/\/www.europesays.com\/fr\/wp-json\/wp\/v2\/categories?post=572721"},{"taxonomy":"post_tag","embeddable":true,"href":"https:\/\/www.europesays.com\/fr\/wp-json\/wp\/v2\/tags?post=572721"}],"curies":[{"name":"wp","href":"https:\/\/api.w.org\/{rel}","templated":true}]}}