{"id":572723,"date":"2025-12-02T08:21:14","date_gmt":"2025-12-02T08:21:14","guid":{"rendered":"https:\/\/www.europesays.com\/fr\/572723\/"},"modified":"2025-12-02T08:21:14","modified_gmt":"2025-12-02T08:21:14","slug":"apres-enora-jetais-le-nouveau-bout-de-viande-cyril-hanouna-une-ancienne-chroniqueuse-denonce-les-meufs-de-la-production-et-agathe-auproux","status":"publish","type":"post","link":"https:\/\/www.europesays.com\/fr\/572723\/","title":{"rendered":"\u00ab\u00a0Apr\u00e8s \u00c9nora, j\u2019\u00e9tais le nouveau bout de viande\u00a0\u00bb, Cyril Hanouna : une ancienne chroniqueuse d\u00e9nonce \u00ab\u00a0les meufs de la production\u00a0\u00bb et Agathe Auproux"},"content":{"rendered":"<p>Les r\u00e9centes confidences sur l&rsquo;ambiance dans les coulisses de <a href=\"https:\/\/www.public.fr\/tag\/touche-pas-a-mon-poste\" target=\"_blank\" rel=\"noopener\"><strong>Touche pas \u00e0 mon poste<\/strong><\/a>, l&rsquo;\u00e9mission anim\u00e9e par<strong> <a href=\"https:\/\/www.public.fr\/tag\/cyril-hanouna\" target=\"_blank\" rel=\"noopener\">Cyril Hanouna<\/a><\/strong> de 2010 \u00e0 2025, promettent de faire du bruit\u2026<\/p>\n<p>Au micro de <a href=\"https:\/\/www.youtube.com\/@Rakkonte\" target=\"_blank\" rel=\"noreferrer noopener\">Rakkonte<\/a>, <strong>Jessie Claire<\/strong> s&rsquo;est en effet laiss\u00e9e aller \u00e0 des r\u00e9v\u00e9lations pour le moins surprenantes.<\/p>\n<p>Jessie Claire : \u00ab\u00a0le nouveau bout de viande \u00e0 jeter en p\u00e2ture pour l\u2019\u00e9quipe\u00a0\u00bb ?<\/p>\n<p>\u00ab\u00a0<strong>J\u2019arrivais en fin d\u2019ann\u00e9e, juste apr\u00e8s <a href=\"https:\/\/www.public.fr\/tag\/enora-malagre\" target=\"_blank\" rel=\"noopener\">\u00c9nora Malagr\u00e9<\/a>, qui venait de faire son d\u00e9part. Ce que je ne savais pas, c\u2019est que j\u2019\u00e9tais le nouveau bout de viande \u00e0 jeter en p\u00e2ture pour l\u2019\u00e9quipe<\/strong>\u00ab\u00a0, s&rsquo;est-elle notamment souvenue avant de d\u00e9noncer le comportement toxique des membres du programme culte. <\/p>\n<p>\u00ab\u00a0<strong>Les meufs de la production<\/strong> (parce que pour ceux qui ne connaissent pas trop le milieu, il y a toute une production qui travaille pour que l\u2019\u00e9mission ait lieu) \u00e9taient en charge de g\u00e9rer les \u00e9quipes et les chroniqueurs. Elles <strong>sont venues faire pseudo-copines avec moi pour me donner de mauvaises infos, pour que, quand j\u2019arrive dans l\u2019\u00e9mission, je sois totalement perdue et que je ne comprenne rien<\/strong>\u00ab\u00a0, a-t-elle r\u00e9v\u00e9l\u00e9. <\/p>\n<p>Cyril Hanouna : le comportement de sa chroniqueuse Agathe Auproux point\u00e9 du doigt<\/p>\n<p>Outre la production, <a href=\"https:\/\/www.public.fr\/tag\/agathe-auproux\" target=\"_blank\" rel=\"noopener\"><strong>Agathe<\/strong> <strong>Auproux<\/strong><\/a>, chroniqueuse dans Touche pas \u00e0 mon poste de 2017 \u00e0 2019, aurait \u00e9galement eu un comportement d\u00e9plac\u00e9 \u00e0 son \u00e9gard. <\/p>\n<p>Selon les dires de Jessie, la jolie brune fra\u00eechement devenue maman aurait cherch\u00e9 \u00e0 se rapprocher d&rsquo;elle dans le but de mieux la manipuler ou la cerner \u00e0 son avantage.<\/p>\n<p>\u00ab\u00a0Apr\u00e8s, \u00e7a a \u00e9t\u00e9 avec Agathe Auproux. Elle vient me parler parce qu\u2019elle voit que je vais avoir un r\u00f4le, que j\u2019allais rentrer beaucoup plus dans la team, que j\u2019allais avoir ma place l\u2019ann\u00e9e d\u2019apr\u00e8s. Elle sent que je commence \u00e0 m\u2019installer dans l\u2019\u00e9quipe, donc <strong>elle vient faire copine avec moi<\/strong>, elle prend mon num\u00e9ro, elle veut qu\u2019on passe une journ\u00e9e ensemble, elle m\u2019invite au resto\u2026 mais <strong>en fait, c&rsquo;\u00e9tait juste pour me sonder, pour savoir quel genre de meuf j\u2019allais \u00eatre, si j\u2019allais lui piquer sa place parce qu\u2019elle \u00e9tait dans les petits papiers de Cyril\u2026<\/strong> Au final, je suis partie de l\u2019\u00e9mission et je n\u2019ai plus eu une seule nouvelle\u00a0\u00bb, a d\u00e9clar\u00e9 l&rsquo;ex-chroniqueuse qui a finalement quitt\u00e9 le programme apr\u00e8s seulement quelques apparitions.<\/p>\n<p>Reste d\u00e9sormais \u00e0 savoir ce que les int\u00e9ress\u00e9s auront \u00e0 dire de ces r\u00e9v\u00e9lations. Affaire \u00e0 suivre donc&#8230;  <\/p>\n<p>\n          Hits &amp; People en continu\n        <\/p>\n<p>\n          Public Radio\n        <\/p>\n<p>      Mentionn\u00e9s dans cet article<\/p>\n<p>      Sur le m\u00eame sujet<\/p>\n","protected":false},"excerpt":{"rendered":"Les r\u00e9centes confidences sur l&rsquo;ambiance dans les coulisses de Touche pas \u00e0 mon poste, l&rsquo;\u00e9mission anim\u00e9e par Cyril&hellip;\n","protected":false},"author":2,"featured_media":572724,"comment_status":"","ping_status":"","sticky":false,"template":"","format":"standard","meta":{"footnotes":""},"categories":[1356],"tags":[50092,1083,58,59,1011,27,252,549,1364],"class_list":{"0":"post-572723","1":"post","2":"type-post","3":"status-publish","4":"format-standard","5":"has-post-thumbnail","7":"category-television","8":"tag-agathe-auproux","9":"tag-cyril-hanouna","10":"tag-divertissement","11":"tag-entertainment","12":"tag-fr","13":"tag-france","14":"tag-television","15":"tag-touche-pas-a-mon-poste","16":"tag-tv"},"share_on_mastodon":{"url":"https:\/\/pubeurope.com\/@fr\/115649005827737506","error":""},"_links":{"self":[{"href":"https:\/\/www.europesays.com\/fr\/wp-json\/wp\/v2\/posts\/572723","targetHints":{"allow":["GET"]}}],"collection":[{"href":"https:\/\/www.europesays.com\/fr\/wp-json\/wp\/v2\/posts"}],"about":[{"href":"https:\/\/www.europesays.com\/fr\/wp-json\/wp\/v2\/types\/post"}],"author":[{"embeddable":true,"href":"https:\/\/www.europesays.com\/fr\/wp-json\/wp\/v2\/users\/2"}],"replies":[{"embeddable":true,"href":"https:\/\/www.europesays.com\/fr\/wp-json\/wp\/v2\/comments?post=572723"}],"version-history":[{"count":0,"href":"https:\/\/www.europesays.com\/fr\/wp-json\/wp\/v2\/posts\/572723\/revisions"}],"wp:featuredmedia":[{"embeddable":true,"href":"https:\/\/www.europesays.com\/fr\/wp-json\/wp\/v2\/media\/572724"}],"wp:attachment":[{"href":"https:\/\/www.europesays.com\/fr\/wp-json\/wp\/v2\/media?parent=572723"}],"wp:term":[{"taxonomy":"category","embeddable":true,"href":"https:\/\/www.europesays.com\/fr\/wp-json\/wp\/v2\/categories?post=572723"},{"taxonomy":"post_tag","embeddable":true,"href":"https:\/\/www.europesays.com\/fr\/wp-json\/wp\/v2\/tags?post=572723"}],"curies":[{"name":"wp","href":"https:\/\/api.w.org\/{rel}","templated":true}]}}