{"id":572728,"date":"2025-12-02T08:25:15","date_gmt":"2025-12-02T08:25:15","guid":{"rendered":"https:\/\/www.europesays.com\/fr\/572728\/"},"modified":"2025-12-02T08:25:15","modified_gmt":"2025-12-02T08:25:15","slug":"cette-activite-aussi-benefique-pour-le-coeur-que-pour-les-fesses-quelle-pratique-tous-les-jours","status":"publish","type":"post","link":"https:\/\/www.europesays.com\/fr\/572728\/","title":{"rendered":"cette activit\u00e9 aussi b\u00e9n\u00e9fique pour le c\u0153ur que pour les fesses qu&rsquo;elle pratique tous les jours"},"content":{"rendered":"<p>Le sport occupe une place primordiale dans la vie de<br \/>\n<strong><a href=\"https:\/\/www.grazia.fr\/people\/brigitte-macron-72-ans-radieuse-dans-un-ensemble-tailleur-beige-elle-laisse-entrevoir-un-decollete-plongeant-1151096.html\" target=\"_blank\" rel=\"noopener\">Brigitte Macron<\/a><\/strong> ! Celle<br \/>\nqui a c\u00e9l\u00e9br\u00e9 ses 72 ans en avril dernier ne laisse rien au hasard<br \/>\npour pr\u00e9server sa silhouette, son \u00e9nergie et sa sant\u00e9. En plus<br \/>\nd\u2019avoir <strong>une routine alimentaire irr\u00e9prochable<\/strong>,<br \/>\ncompos\u00e9e d\u2019une dizaine de portions de fruits et l\u00e9gumes par jour,<br \/>\n<a href=\"https:\/\/www.grazia.fr\/people\/brigitte-pousse-de-grands-ohhh-quand-on-linterroge-sur-lodeur-de-son-mari-emmanuel-macron-ne-jure-que-par-ce-parfum-dior-1147971.html\" target=\"_blank\" rel=\"noopener\">la femme du pr\u00e9sident<\/a> met un<br \/>\npoint d\u2019honneur \u00e0 pratiquer du sport quotidiennement. Dans sa<br \/>\nroutine, une activit\u00e9 se d\u00e9marque des autres !<\/p>\n<p>Recommand\u00e9 pour entretenir <strong>le c\u0153ur, les articulations et<br \/>\nles fessiers<\/strong> (entre autres), ce sport est id\u00e9al pour<br \/>\ncelles et ceux qui veulent prendre soin de leur corps\u2026 sans avoir \u00e0<br \/>\nmettre un pied dehors. Accessible et complet, il a su convaincre<br \/>\n<a href=\"https:\/\/www.grazia.fr\/culture\/livres\/quel-est-ce-roman-classique-de-la-litterature-que-brigitte-macron-place-au-dessus-de-tous-les-autres-1154194.html\" target=\"_blank\" rel=\"noopener\">la Premi\u00e8re dame<\/a> qui ne peut<br \/>\nplus s\u2019en passer. Focus sur cette activit\u00e9 redoutablement efficace,<br \/>\ndont <strong>Brigitte Macron a fait son secret<\/strong> pour garder<br \/>\nla ligne, sans quitter\u00a0l\u2019\u00c9lys\u00e9e !<\/p>\n<p>Voici l\u00a0\u00bbactivit\u00e9 qui permet \u00e0 Brigitte Macron de rester au top<br \/>\nde sa forme \u00e0 72 ans<\/p>\n<p>L&rsquo;\u00e9pouse d\u2019Emmanuel Macron n\u2019est pas avare de d\u00e9tails concernant<br \/>\n<strong>sa discipline quotidienne<\/strong>. Pour autant, c\u2019est le<br \/>\njournaliste Bertrand Meyer-Stabley &#8211; auteur des Dames de<br \/>\nl&rsquo;Elys\u00e9e &#8211; qui a d\u00e9voil\u00e9 cette information en 2018, dans les<br \/>\ncolonnes de L\u2019Express. D\u2019apr\u00e8s l\u2019expert, l\u2019ancienne<br \/>\nprofesseure de lettres \u201cfait <strong>une heure de v\u00e9lo<br \/>\nd&rsquo;appartement<\/strong> tous les jours\u201d. Parfait pour sculpter<br \/>\nla silhouette et am\u00e9liorer la sant\u00e9 cardiovasculaire, ce sport a<br \/>\nvraiment tout pour plaire.<\/p>\n<p>Pour multiplier ses bienfaits, Brigitte Macron combine cette<br \/>\npratique avec \u201cde la musculation, du tapis de sol\u201d&#8230; Elle<br \/>\nne l\u00e9sine pas sur les moyens pour entretenir sa forme. Une routine<br \/>\nparfaitement ma\u00eetris\u00e9e, qu\u2019elle orchestre <strong>sans l\u2019aide d\u2019un<br \/>\nprofessionnel<\/strong> ! En effet, aupr\u00e8s de RMC Sport, la<br \/>\nPremi\u00e8re dame confiait : \u201c<strong>Je n\u2019ai pas de<br \/>\ncoach<\/strong>, je me d\u00e9brouille moi-m\u00eame. D\u00e8s que j\u2019en prends un,<br \/>\nil me casse, donc je me d\u00e9brouille toute seule. Mais j\u2019en fais tous<br \/>\nles jours !\u201d.<\/p>\n<p><img loading=\"lazy\" decoding=\"async\" itemprop=\"thumbnailUrl\" class=\"aligncenter wp-image-1157972 img-responsive size-large pinit-here\" src=\"https:\/\/www.europesays.com\/fr\/wp-content\/uploads\/2025\/12\/2-24-1024x576.jpg\" alt=\"\" width=\"1024\" height=\"576\" data-pin-media=\"https:\/\/www.grazia.fr\/wp-content\/uploads\/grazia\/2025\/05\/2-24-736x414.jpg\"\/><br \/>\n\u00a9 Jacovides<br \/>\nDominique\/Pool\/ABACA\/Shutterstock<\/p>\n<p>Brigitte Macron : cette routine<br \/>\nquotidienne bien rod\u00e9e qui lui permet de rester en pleine<br \/>\nforme<\/p>\n<p>Au quotidien, <strong>Brigitte Macron<\/strong> se pla\u00eet aussi \u00e0<br \/>\npratiquer un exercice que tout le monde a plut\u00f4t tendance \u00e0<br \/>\nd\u00e9tester : les abdominaux ! \u201cJ\u2019adore les abdos. Je fais mes<br \/>\nabdos, du v\u00e9lo, je cours un peu, mais pas du tout de<br \/>\nforcing\u2026\u201d, confiait-elle. Mais ce n&rsquo;est pas tout : afin<br \/>\nd&rsquo;optimiser les effets de sa routine bien rod\u00e9e, la principale<br \/>\nconcern\u00e9e mise \u00e9galement sur <strong>des alli\u00e9s nutritionnels<br \/>\nincontournables<\/strong>. Parmi eux, le citron, qui repr\u00e9sente<br \/>\n\u201cun apport en vitamine C essentiel pour [elle]\u201d, comme<br \/>\nelle l&rsquo;expliquait \u00e0 Sophie Davant.<\/p>\n<p>Le moins que l\u2019on puisse dire, c\u2019est que l\u2019ensemble de ses<br \/>\nefforts lui r\u00e9ussissent ! \u00c0 72 ans, <strong>l\u2019\u00e9pouse d\u2019Emmanuel<br \/>\nMacron<\/strong> affiche une silhouette tonique et une \u00e9nergie \u00e0<br \/>\ntoute \u00e9preuve. Loin des exc\u00e8s ou des m\u00e9thodes spectaculaires, son<br \/>\napproche est la preuve que r\u00e9gularit\u00e9, simplicit\u00e9 et d\u00e9termination,<br \/>\nsont les cl\u00e9s d\u2019une forme impeccable. Et ce, \u00e0 30 ans comme apr\u00e8s<br \/>\n70 ans !<\/p>\n","protected":false},"excerpt":{"rendered":"Le sport occupe une place primordiale dans la vie de Brigitte Macron ! Celle qui a c\u00e9l\u00e9br\u00e9 ses&hellip;\n","protected":false},"author":2,"featured_media":572729,"comment_status":"","ping_status":"","sticky":false,"template":"","format":"standard","meta":{"footnotes":""},"categories":[10],"tags":[1011,27,72,6055,71],"class_list":{"0":"post-572728","1":"post","2":"type-post","3":"status-publish","4":"format-standard","5":"has-post-thumbnail","7":"category-sante","8":"tag-fr","9":"tag-france","10":"tag-health","11":"tag-republishing","12":"tag-sante"},"share_on_mastodon":{"url":"https:\/\/pubeurope.com\/@fr\/115649022367419210","error":""},"_links":{"self":[{"href":"https:\/\/www.europesays.com\/fr\/wp-json\/wp\/v2\/posts\/572728","targetHints":{"allow":["GET"]}}],"collection":[{"href":"https:\/\/www.europesays.com\/fr\/wp-json\/wp\/v2\/posts"}],"about":[{"href":"https:\/\/www.europesays.com\/fr\/wp-json\/wp\/v2\/types\/post"}],"author":[{"embeddable":true,"href":"https:\/\/www.europesays.com\/fr\/wp-json\/wp\/v2\/users\/2"}],"replies":[{"embeddable":true,"href":"https:\/\/www.europesays.com\/fr\/wp-json\/wp\/v2\/comments?post=572728"}],"version-history":[{"count":0,"href":"https:\/\/www.europesays.com\/fr\/wp-json\/wp\/v2\/posts\/572728\/revisions"}],"wp:featuredmedia":[{"embeddable":true,"href":"https:\/\/www.europesays.com\/fr\/wp-json\/wp\/v2\/media\/572729"}],"wp:attachment":[{"href":"https:\/\/www.europesays.com\/fr\/wp-json\/wp\/v2\/media?parent=572728"}],"wp:term":[{"taxonomy":"category","embeddable":true,"href":"https:\/\/www.europesays.com\/fr\/wp-json\/wp\/v2\/categories?post=572728"},{"taxonomy":"post_tag","embeddable":true,"href":"https:\/\/www.europesays.com\/fr\/wp-json\/wp\/v2\/tags?post=572728"}],"curies":[{"name":"wp","href":"https:\/\/api.w.org\/{rel}","templated":true}]}}