{"id":572740,"date":"2025-12-02T08:31:12","date_gmt":"2025-12-02T08:31:12","guid":{"rendered":"https:\/\/www.europesays.com\/fr\/572740\/"},"modified":"2025-12-02T08:31:12","modified_gmt":"2025-12-02T08:31:12","slug":"dans-une-petition-lr-denonce-la-derive-scandaleuse-dun-emmanuel-macron-censeur-en-chef","status":"publish","type":"post","link":"https:\/\/www.europesays.com\/fr\/572740\/","title":{"rendered":"dans une p\u00e9tition, LR d\u00e9nonce la \u00abd\u00e9rive scandaleuse\u00bb d\u2019un Emmanuel Macron \u00abcenseur en chef\u00bb"},"content":{"rendered":"<p>\n    <strong>INFO LE FIGARO &#8211; <\/strong>Sous l\u2019impulsion de son pr\u00e9sident, Bruno Retailleau, le parti doit mettre le texte en ligne ce mardi matin.<\/p>\n<p class=\"fig-paragraph\">La nouvelle a \u00e9mu une partie de la classe politique tout en entra\u00eenant une forme de d\u00e9fiance des acteurs des m\u00e9dias\u00a0:\u00a0<a href=\"http:\/\/www.lefigaro.fr\/medias\/la-labellisation-des-medias-l-etrange-obsession-d-emmanuel-macron-pour-combattre-la-desinformation-20251201\" target=\"_blank\" data-fig-type=\"Article\" rel=\"noopener\" data-gtm-custom-categorie=\"navigation\" data-gtm-custom-action=\"crossclick\" data-gtm-custom-label=\"Contextuel\" data-gtm-event=\"customEventSPE\" data-fig-domain=\"LEFIGARO\">Emmanuel Macron a relanc\u00e9 le projet d\u2019un \u00ablabel\u00bb professionnel pour les sites d\u2019information<\/a>\u00a0&#8211; sorte de tampon visant \u00e0 garantir la fiabilit\u00e9 et contrer la d\u00e9sinformation.<\/p>\n<p class=\"fig-paragraph\">Depuis, la pol\u00e9mique enfle. \u00abLa France n\u2019a pas besoin d\u2019un minist\u00e8re de la V\u00e9rit\u00e9\u00bb, a r\u00e9agi Bruno Retailleau. Le patron des R\u00e9publicains (LR) qui lance ce mardi matin une p\u00e9tition \u00abM\u00e9dias\u00a0: oui \u00e0 la libert\u00e9, non \u00e0 la labellisation\u00a0!\u00bb.<\/p>\n<p>                                            \u00abUne offensive contre les m\u00e9dias qui d\u00e9plaisent\u00bb<\/p>\n<p class=\"fig-paragraph\">\u00abSous couvert de lutter contre les fake news, c\u2019est \u00e0 la libert\u00e9 d\u2019information et d\u2019expression qu\u2019on s\u2019en prend (&#8230;) une nouvelle offensive est lanc\u00e9e contre les m\u00e9dias qui d\u00e9plaisent \u00e0 la doxa progressiste\u00bb, lit-on dans ce document \u00e0 para\u00eetre en ligne ce matin, et que Le Figaro a pu consulter. L\u2019ex-ministre de l\u2019Int\u00e9rieur d\u00e9nonce une \u00abd\u00e9rive aussi scandaleuse que dangereuse\u00bb. \u00abEmmanuel Macron n\u2019a re\u00e7u aucun mandat du peuple pour d\u00e9signer les bons et les mauvais\u2026<\/p>\n<p class=\"fig-premium-paywall__infos\">\n        Cet article est r\u00e9serv\u00e9 aux abonn\u00e9s.        Il vous reste 43% \u00e0 d\u00e9couvrir.\n    <\/p>\n<p>                <img  data- alt=\"Le Figaro\" class=\"fig-img--complete fig-img\"\/><\/p>\n<p class=\"fig-premium-paywall__title\">Vous avez envie de lire la suite ?<\/p>\n<p class=\"fig-premium-paywall__subtitle\">D\u00e9bloquez tous les articles imm\u00e9diatement.<\/p>\n<p class=\"fig-premium-paywall__connect\">\n                D\u00e9j\u00e0 abonn\u00e9\u00a0?                <a class=\"fig-premium-paywall__connect-link\" href=\"https:\/\/connect.lefigaro.fr\/login?client=horizon_web&amp;type=main&amp;redirect_uri=https%3A%2F%2Fwww.lefigaro.fr%2Fpolitique%2Flabellisation-des-medias-dans-une-petition-lr-denonce-la-derive-scandaleuse-d-un-emmanuel-macron-censeur-en-chef-20251202\" data-js-gtm=\"{&quot;customCategorie&quot;: &quot;conversion&quot;, &quot;customAction&quot;: &quot;before_Landing_Connexion_paywall_auto&quot;, &quot;customLabel&quot;: &quot;bGVmaWdhcm8uZnJfXzFmMGNmNGJiLTdmNzctNjgwMi05ZTEyLTYxZGM5MzZmNDE0YV9fTmV3c0ZsYXNo_\u00abLabellisation\u00bb des m\u00e9dias\u00a0: dans une p\u00e9tition, LR d\u00e9nonce la \u00abd\u00e9rive scandaleuse\u00bb d\u2019un Emmanuel Macron \u00abcenseur en chef\u00bb_463&quot;, &quot;customIDSPE&quot;: &quot;bGVmaWdhcm8uZnJfXzFmMGNmNGJiLTdmNzctNjgwMi05ZTEyLTYxZGM5MzZmNDE0YV9fTmV3c0ZsYXNo&quot;, &quot;event&quot;: &quot;customEventSPE&quot;}\" target=\"_blank\" rel=\"noopener\"><br \/>\n                    Connectez-vous<br \/>\n                <\/a>\n            <\/p>\n","protected":false},"excerpt":{"rendered":"INFO LE FIGARO &#8211; Sous l\u2019impulsion de son pr\u00e9sident, Bruno Retailleau, le parti doit mettre le texte en&hellip;\n","protected":false},"author":2,"featured_media":572741,"comment_status":"","ping_status":"","sticky":false,"template":"","format":"standard","meta":{"footnotes":""},"categories":[4],"tags":[11,1013,1073,1011,27,6319,12,25],"class_list":{"0":"post-572740","1":"post","2":"type-post","3":"status-publish","4":"format-standard","5":"has-post-thumbnail","7":"category-france","8":"tag-actualites","9":"tag-bruno-retailleau","10":"tag-emmanuel-macron","11":"tag-fr","12":"tag-france","13":"tag-les-republicains","14":"tag-news","15":"tag-republique-francaise"},"share_on_mastodon":{"url":"https:\/\/pubeurope.com\/@fr\/115649045383609601","error":""},"_links":{"self":[{"href":"https:\/\/www.europesays.com\/fr\/wp-json\/wp\/v2\/posts\/572740","targetHints":{"allow":["GET"]}}],"collection":[{"href":"https:\/\/www.europesays.com\/fr\/wp-json\/wp\/v2\/posts"}],"about":[{"href":"https:\/\/www.europesays.com\/fr\/wp-json\/wp\/v2\/types\/post"}],"author":[{"embeddable":true,"href":"https:\/\/www.europesays.com\/fr\/wp-json\/wp\/v2\/users\/2"}],"replies":[{"embeddable":true,"href":"https:\/\/www.europesays.com\/fr\/wp-json\/wp\/v2\/comments?post=572740"}],"version-history":[{"count":0,"href":"https:\/\/www.europesays.com\/fr\/wp-json\/wp\/v2\/posts\/572740\/revisions"}],"wp:featuredmedia":[{"embeddable":true,"href":"https:\/\/www.europesays.com\/fr\/wp-json\/wp\/v2\/media\/572741"}],"wp:attachment":[{"href":"https:\/\/www.europesays.com\/fr\/wp-json\/wp\/v2\/media?parent=572740"}],"wp:term":[{"taxonomy":"category","embeddable":true,"href":"https:\/\/www.europesays.com\/fr\/wp-json\/wp\/v2\/categories?post=572740"},{"taxonomy":"post_tag","embeddable":true,"href":"https:\/\/www.europesays.com\/fr\/wp-json\/wp\/v2\/tags?post=572740"}],"curies":[{"name":"wp","href":"https:\/\/api.w.org\/{rel}","templated":true}]}}