{"id":572742,"date":"2025-12-02T08:32:12","date_gmt":"2025-12-02T08:32:12","guid":{"rendered":"https:\/\/www.europesays.com\/fr\/572742\/"},"modified":"2025-12-02T08:32:12","modified_gmt":"2025-12-02T08:32:12","slug":"la-maison-blanche-protege-pete-hegseth-apres-la-polemique-sur-une-frappe-en-mer-des-caraibes","status":"publish","type":"post","link":"https:\/\/www.europesays.com\/fr\/572742\/","title":{"rendered":"La Maison Blanche prot\u00e8ge Pete Hegseth apr\u00e8s la pol\u00e9mique sur une frappe en mer des Cara\u00efbes"},"content":{"rendered":"<p>        <img decoding=\"async\" loading=\"lazy\" src=\"https:\/\/www.europesays.com\/fr\/wp-content\/uploads\/2025\/12\/64120b7_upload-1-1mf4vfoo41l5-afp-20251201-86qt4rp-v1-highres-whitehousepresssecretarykarolineleavit.jpeg\"  width=\"728\" height=\"409\" alt=\"La porte-parole de la Maison Blanche, Karoline Leavitt, r\u00e9pond aux questions des journalistes \u00e0 la Maison Blanche \u00e0 Washington, DC, le 1er d\u00e9cembre 2025.\"\/>  <\/p>\n<p>ANDREW CABALLERO-REYNOLDS \/ AFP<\/p>\n<p>La porte-parole de la Maison Blanche, Karoline Leavitt, r\u00e9pond aux questions des journalistes \u00e0 la Maison Blanche \u00e0 Washington, DC, le 1er d\u00e9cembre 2025.<\/p>\n<p class=\"asset asset-text\">Une frappe \u00ab\u00a0l\u00e9gale\u00a0\u00bb. La <a href=\"https:\/\/www.huffingtonpost.fr\/international\/article\/ce-classement-des-medias-delinquants-de-la-semaine-revele-le-pire-de-l-administration-trump_257670.html\" target=\"_blank\" rel=\"noopener\">Maison Blanche <\/a>s\u2019est d\u00e9fendue et a sembl\u00e9 vouloir prot\u00e9ger son ministre de la D\u00e9fense <a href=\"https:\/\/www.huffingtonpost.fr\/international\/article\/l-inquietant-discours-du-chef-du-pentagone-qui-veut-virer-les-woke-et-les-gros-de-l-armee_255440.html\" target=\"_blank\" rel=\"noopener\">Pete Hegseth<\/a>, ce lundi 1er\u00a0d\u00e9cembre. Ce dernier est au c\u0153ur d\u2019une pol\u00e9mique croissante aux \u00c9tats-Unis apr\u00e8s une frappe mortelle visant un bateau suspect\u00e9 de narcotrafic au large du Venezuela.<\/p>\n<p class=\"asset asset-text\"><a href=\"https:\/\/www.washingtonpost.com\/national-security\/2025\/11\/28\/hegseth-kill-them-all-survivors-boat-strike\/\" target=\"_blank\" rel=\"noopener\" title=\"Nouvelle fen\u00eatre\">Le Washington Post<\/a>\u00a0a r\u00e9v\u00e9l\u00e9 le 28\u00a0novembre qu\u2019au cours d\u2019une op\u00e9ration le 2\u00a0septembre, une premi\u00e8re frappe am\u00e9ricaine de missile avait d\u00e9truit un bateau soup\u00e7onn\u00e9 de trafic de drogue et laiss\u00e9 deux survivants s\u2019accrochant \u00e0 une \u00e9pave. Le chef du Commandement des op\u00e9rations sp\u00e9ciales aurait ensuite ordonn\u00e9 une seconde frappe pour tuer les deux survivants afin de se conformer aux ordres de Pete Hegseth. \u00ab\u00a0L\u2019ordre \u00e9tait de tuer tout le monde\u00a0\u00bb, a d\u00e9clar\u00e9 l\u2019une des sources du Washington Post.<\/p>\n<p class=\"asset asset-text\">La pr\u00e9sidence am\u00e9ricaine a confirm\u00e9 lundi qu\u2019une deuxi\u00e8me frappe men\u00e9e en septembre avait tu\u00e9 des civils bless\u00e9s apr\u00e8s l\u2019\u00e9chec de la premi\u00e8re tentative, mais a imput\u00e9 cette frappe \u00e0 un amiral.<\/p>\n<p>    \u00ab\u00a0L\u00e9gitime d\u00e9fense\u00a0\u00bb    <\/p>\n<p class=\"asset asset-text\">L\u2019amiral Frank Bradley, \u00e0 la t\u00eate du commandement des op\u00e9rations sp\u00e9ciales des forces arm\u00e9es am\u00e9ricaines, a ordonn\u00e9 cette frappe, a affirm\u00e9 la porte-parole de la Maison Blanche, Karoline Leavitt. L\u2019amiral \u00ab\u00a0\u00e9tait pleinement dans son bon droit\u00a0\u00bb pour prendre cette d\u00e9cision, a-t-elle ajout\u00e9.<\/p>\n<p class=\"asset asset-text\">Avant de poursuivre\u00a0: \u00ab\u00a0La frappe men\u00e9e le 2\u00a0septembre a \u00e9t\u00e9 effectu\u00e9e en l\u00e9gitime d\u00e9fense afin de prot\u00e9ger les Am\u00e9ricains dans l\u2019int\u00e9r\u00eat vital des \u00c9tats-Unis. La frappe a \u00e9t\u00e9 men\u00e9e dans les eaux internationales et conform\u00e9ment au droit des conflits arm\u00e9s.\u00a0\u00bb<\/p>\n<p class=\"asset asset-text\">\u00ab\u00a0Le pr\u00e9sident (Donald Trump ndlr) a clairement indiqu\u00e9 que si des narco-terroristes se livraient \u00e0 nouveau au trafic de drogues ill\u00e9gales vers les \u00c9tats-Unis, il avait le pouvoir de les tuer. C\u2019est ce que fait cette administration\u00a0\u00bb, a martel\u00e9 Karoline Leavitt, d\u2019apr\u00e8s des propos rapport\u00e9s par <a href=\"https:\/\/www.politico.com\/news\/2025\/12\/01\/white-house-second-boat-strike-00671488\" target=\"_blank\" rel=\"noopener\" title=\"Nouvelle fen\u00eatre\">Politico.<\/a><\/p>\n<p>    Donald Trump d\u00e9fend son ministre    <\/p>\n<p class=\"asset asset-text\">Pourtant, aupr\u00e8s du Washington Post, un ex-avocat militaire a expliqu\u00e9 qu\u2019un ordre de tuer des membres d\u2019\u00e9quipages, s\u2019ils ne sont plus en mesure de se battre, \u00ab\u00a0constituerait un crime de guerre\u00a0\u00bb. Et plusieurs autres experts du droit de la guerre interrog\u00e9s par le prestigieux journal ont insist\u00e9 sur le fait qu\u2019il n\u2019y avait pas de menace imminente d\u2019attaque contre les \u00c9tats-Unis et que rien ne justifiait donc cet ordre l\u00e9tal.<\/p>\n<p class=\"asset asset-text\">Dimanche, Donald Trump a d\u00e9clar\u00e9 vouloir v\u00e9rifier les informations du Washington Post, disant qu\u2019il n\u2019aurait \u00ab\u00a0pas voulu\u00a0\u00bb une seconde frappe. \u00c0 bord d\u2019Air Force One, le pr\u00e9sident am\u00e9ricain a cependant d\u00e9fendu son ministre\u00a0: \u00ab\u00a0Il dit qu\u2019il n\u2019a pas dit \u00e7a et je le crois\u00a0\u00bb. Pete Hegseth avait, lui, r\u00e9agi en d\u00e9non\u00e7ant de \u00ab\u00a0fausses informations\u00a0\u00bb (fake news).<\/p>\n<p class=\"asset asset-text\">L\u2019arm\u00e9e am\u00e9ricaine a conduit depuis septembre une s\u00e9rie de frappes contre des embarcations en mer des Cara\u00efbes en particulier, au nom de la lutte contre le trafic des stup\u00e9fiants. Le minist\u00e8re am\u00e9ricain de la Justice affirme que ces op\u00e9rations sont l\u00e9gales, mais le Haut-Commissaire de l\u2019ONU aux droits de l\u2019homme, Volker T\u00fcrk, a dit relever de \u00ab\u00a0solides indices\u00a0\u00bb d\u2019ex\u00e9cutions \u00ab\u00a0extrajudiciaires\u00a0\u00bb.<\/p>\n","protected":false},"excerpt":{"rendered":"ANDREW CABALLERO-REYNOLDS \/ AFP La porte-parole de la Maison Blanche, Karoline Leavitt, r\u00e9pond aux questions des journalistes \u00e0&hellip;\n","protected":false},"author":2,"featured_media":572743,"comment_status":"","ping_status":"","sticky":false,"template":"","format":"standard","meta":{"footnotes":""},"categories":[2],"tags":[11,1052,73,1011,27,14,78,12],"class_list":{"0":"post-572742","1":"post","2":"type-post","3":"status-publish","4":"format-standard","5":"has-post-thumbnail","7":"category-actualites","8":"tag-actualites","9":"tag-drogue","10":"tag-etats-unis","11":"tag-fr","12":"tag-france","13":"tag-international","14":"tag-maison-blanche","15":"tag-news"},"share_on_mastodon":{"url":"https:\/\/pubeurope.com\/@fr\/115649049744957258","error":""},"_links":{"self":[{"href":"https:\/\/www.europesays.com\/fr\/wp-json\/wp\/v2\/posts\/572742","targetHints":{"allow":["GET"]}}],"collection":[{"href":"https:\/\/www.europesays.com\/fr\/wp-json\/wp\/v2\/posts"}],"about":[{"href":"https:\/\/www.europesays.com\/fr\/wp-json\/wp\/v2\/types\/post"}],"author":[{"embeddable":true,"href":"https:\/\/www.europesays.com\/fr\/wp-json\/wp\/v2\/users\/2"}],"replies":[{"embeddable":true,"href":"https:\/\/www.europesays.com\/fr\/wp-json\/wp\/v2\/comments?post=572742"}],"version-history":[{"count":0,"href":"https:\/\/www.europesays.com\/fr\/wp-json\/wp\/v2\/posts\/572742\/revisions"}],"wp:featuredmedia":[{"embeddable":true,"href":"https:\/\/www.europesays.com\/fr\/wp-json\/wp\/v2\/media\/572743"}],"wp:attachment":[{"href":"https:\/\/www.europesays.com\/fr\/wp-json\/wp\/v2\/media?parent=572742"}],"wp:term":[{"taxonomy":"category","embeddable":true,"href":"https:\/\/www.europesays.com\/fr\/wp-json\/wp\/v2\/categories?post=572742"},{"taxonomy":"post_tag","embeddable":true,"href":"https:\/\/www.europesays.com\/fr\/wp-json\/wp\/v2\/tags?post=572742"}],"curies":[{"name":"wp","href":"https:\/\/api.w.org\/{rel}","templated":true}]}}