{"id":572764,"date":"2025-12-02T08:49:37","date_gmt":"2025-12-02T08:49:37","guid":{"rendered":"https:\/\/www.europesays.com\/fr\/572764\/"},"modified":"2025-12-02T08:49:37","modified_gmt":"2025-12-02T08:49:37","slug":"une-infirmiere-agressee-par-un-patient-au-centre-hospitalier-de-rennes","status":"publish","type":"post","link":"https:\/\/www.europesays.com\/fr\/572764\/","title":{"rendered":"Une infirmi\u00e8re agress\u00e9e par un patient au centre hospitalier de Rennes"},"content":{"rendered":"<p>Une infirmi\u00e8re du Centre hospitalier universitaire de Rennes (Ille-et-Vilaine) a \u00e9t\u00e9 agress\u00e9e par un patient samedi 29\u00a0novembre 2025. Les faits se sont d\u00e9roul\u00e9s en milieu d\u2019apr\u00e8s-midi aux alentours de 15\u00a0h. L\u2019homme de 46\u00a0ans, qui se trouvait en \u00e9tat d\u2019\u00e9bri\u00e9t\u00e9, a inflig\u00e9 un violent coup de poing \u00e0 la soignante, alors qu\u2019il importunait le personnel des urgences.<\/p>\n<p><strong>Lire aussi\u00a0:<\/strong> <a href=\"https:\/\/rennes.maville.com\/actu\/actudet_-a-rennes-un-pere-tente-d-aller-chercher-ses-enfants-a-l-ecole-malgre-une-ordonnance-de-protection-il-est-interpelle-_52674-7086479_actu.Htm\" target=\"_self\" rel=\"noopener\">\u00c0 Rennes, un p\u00e8re tente d\u2019aller chercher ses enfants \u00e0 l\u2019\u00e9cole malgr\u00e9 une ordonnance de protection\u00a0: il est interpell\u00e9<\/a><\/p>\n<p>Trois jours d\u2019ITT<\/p>\n<p>Ma\u00eetris\u00e9 par la s\u00e9curit\u00e9 de l\u2019\u00e9tablissement de sant\u00e9, il a \u00e9t\u00e9 pris en charge par la police avant d\u2019\u00eatre plac\u00e9 en garde \u00e0 vue. Il a finalement \u00e9t\u00e9 rel\u00e2ch\u00e9 et s\u2019est vu remettre une convocation pour \u00eatre jug\u00e9 plus tard pour ces faits, dans le cadre d\u2019une comparution sur reconnaissance pr\u00e9alable de culpabilit\u00e9 (CRPC). La victime a re\u00e7u trois jours d\u2019Interruption temporaire de travail.<\/p>\n<p>\u00a0<\/p>\n","protected":false},"excerpt":{"rendered":"Une infirmi\u00e8re du Centre hospitalier universitaire de Rennes (Ille-et-Vilaine) a \u00e9t\u00e9 agress\u00e9e par un patient samedi 29\u00a0novembre 2025.&hellip;\n","protected":false},"author":2,"featured_media":572765,"comment_status":"","ping_status":"","sticky":false,"template":"","format":"standard","meta":{"footnotes":""},"categories":[2821],"tags":[1111,11,35831,829,3335,1777,674,1011,27,31143,5112,12,9532,584,25],"class_list":{"0":"post-572764","1":"post","2":"type-post","3":"status-publish","4":"format-standard","5":"has-post-thumbnail","7":"category-rennes","8":"tag-actu","9":"tag-actualites","10":"tag-agressee","11":"tag-bretagne","12":"tag-centre","13":"tag-eu","14":"tag-europe","15":"tag-fr","16":"tag-france","17":"tag-hospitalier","18":"tag-infirmiere","19":"tag-news","20":"tag-patient","21":"tag-rennes","22":"tag-republique-francaise"},"share_on_mastodon":{"url":"https:\/\/pubeurope.com\/@fr\/115649115807955223","error":""},"_links":{"self":[{"href":"https:\/\/www.europesays.com\/fr\/wp-json\/wp\/v2\/posts\/572764","targetHints":{"allow":["GET"]}}],"collection":[{"href":"https:\/\/www.europesays.com\/fr\/wp-json\/wp\/v2\/posts"}],"about":[{"href":"https:\/\/www.europesays.com\/fr\/wp-json\/wp\/v2\/types\/post"}],"author":[{"embeddable":true,"href":"https:\/\/www.europesays.com\/fr\/wp-json\/wp\/v2\/users\/2"}],"replies":[{"embeddable":true,"href":"https:\/\/www.europesays.com\/fr\/wp-json\/wp\/v2\/comments?post=572764"}],"version-history":[{"count":0,"href":"https:\/\/www.europesays.com\/fr\/wp-json\/wp\/v2\/posts\/572764\/revisions"}],"wp:featuredmedia":[{"embeddable":true,"href":"https:\/\/www.europesays.com\/fr\/wp-json\/wp\/v2\/media\/572765"}],"wp:attachment":[{"href":"https:\/\/www.europesays.com\/fr\/wp-json\/wp\/v2\/media?parent=572764"}],"wp:term":[{"taxonomy":"category","embeddable":true,"href":"https:\/\/www.europesays.com\/fr\/wp-json\/wp\/v2\/categories?post=572764"},{"taxonomy":"post_tag","embeddable":true,"href":"https:\/\/www.europesays.com\/fr\/wp-json\/wp\/v2\/tags?post=572764"}],"curies":[{"name":"wp","href":"https:\/\/api.w.org\/{rel}","templated":true}]}}