{"id":572766,"date":"2025-12-02T08:51:16","date_gmt":"2025-12-02T08:51:16","guid":{"rendered":"https:\/\/www.europesays.com\/fr\/572766\/"},"modified":"2025-12-02T08:51:16","modified_gmt":"2025-12-02T08:51:16","slug":"a-rennes-le-futur-college-beauregard-se-devoile","status":"publish","type":"post","link":"https:\/\/www.europesays.com\/fr\/572766\/","title":{"rendered":"\u00e0 Rennes, le futur coll\u00e8ge Beauregard se d\u00e9voile"},"content":{"rendered":"<p>                    Par<br \/>\n        <strong><br \/>\n            <a href=\"https:\/\/actu.fr\/auteur\/clemence-pays02-actu-fr\" title=\"Consulter tous les articles de Cl\u00e9mence Pays\" target=\"_blank\" rel=\"noopener\">Cl\u00e9mence Pays<\/a><br \/>\n                    <\/strong><\/p>\n<p>        Publi\u00e9 le<\/p>\n<p>            2 d\u00e9c. 2025 \u00e0 9h39        <\/p>\n<p>L\u2019annonce avait \u00e9t\u00e9 faite par le D\u00e9partement d\u2019Ille-et-Vilaine en 2023. <a href=\"https:\/\/actu.fr\/bretagne\/rennes_35238\/rennes-un-nouveau-college-va-ouvrir-dans-le-quartier-beauregard_60332857.html\" target=\"_blank\" rel=\"noopener\">Pour r\u00e9pondre \u00e0 \u00ab\u2009la croissance d\u00e9mographique\u2009\u00bb du quartier Beauregard, au nord-ouest de Rennes, un coll\u00e8ge public va \u00eatre construit<\/a>.<\/p>\n<p class=\" wall-content\">Lundi 1er\u00a0d\u00e9cembre 2025, le D\u00e9partement a r\u00e9v\u00e9l\u00e9 de nouveaux \u00e9l\u00e9ments concernant ce futur coll\u00e8ge Beauregard, notamment le <strong>cabinet d\u2019architecture<\/strong> s\u00e9lectionn\u00e9 pour mener \u00e0 bien ce projet.<\/p>\n<p>Plus de 8\u2009000\u00a0m2 pour 700\u00a0\u00e9l\u00e8ves<\/p>\n<p class=\" wall-content\">C\u2019est donc l\u2019agence <strong>Yl\u00e9 Architectes<\/strong> qui a \u00e9t\u00e9 choisie pour r\u00e9aliser l\u2019\u00e9tablissement scolaire qui sortira de terre \u00ab\u2009sur une partie du site actuel des services du D\u00e9partement d\u2019Ille-et-Vilaine \u00e0 c\u00f4t\u00e9 du parc Beauregard\u2009\u00bb.<\/p>\n<p class=\" wall-content\">Ce futur coll\u00e8ge pourra accueillir <strong>\u00ab\u2009pr\u00e8s de 700\u00a0\u00e9l\u00e8ves\u2009\u00bb<\/strong> pour <strong>une \u00ab\u2009superficie totale de plus de 8\u2009000\u00a0m2\u2009\u00bb.<\/strong><\/p>\n<blockquote class=\"ac-article-quote wall-content\">\n<p>Avec ce nouveau coll\u00e8ge, le D\u00e9partement d\u2019Ille-et-Vilaine porte un projet d\u2019envergure pour les quartiers nord-ouest de Rennes qui permettra d\u2019offrir des conditions d&rsquo;apprentissage optimales pour les \u00e9l\u00e8ves dans un cadre architectural moderne, confortable et respectueux de l&rsquo;environnement.<\/p>\n<p>    <strong>D\u00e9partement d&rsquo;Ille-et-Vilaine<\/strong><br \/>\n        Communiqu\u00e9 de presse    <\/p><\/blockquote>\n<p class=\" wall-content\">Le coll\u00e8ge sera organis\u00e9 autour de <strong>deux espaces principaux<\/strong> reli\u00e9s par une rue int\u00e9rieure tr\u00e8s lumineuse, avec \u00e0 l\u2019ouest le <strong>b\u00e2timent d\u2019enseignement<\/strong> et \u00e0 l\u2019est,<strong> l\u2019espace restauration et la section d\u2019enseignement g\u00e9n\u00e9ral et professionnel adapt\u00e9<\/strong> (Segpa).<\/p>\n<p>Votre r\u00e9gion, votre actu !<\/p>\n<p>Recevez chaque jour les infos qui comptent pour vous.<\/p>\n<p>\t<a href=\"https:\/\/actu.fr\/newsletter\" class=\"ac-btn ac-btn--corner ac-btn--medium ac-btn--blue800\" target=\"_blank\" rel=\"noopener\">S&rsquo;incrire<\/a><br \/>\nUne ouverture sur la v\u00e9g\u00e9tation<\/p>\n<p class=\" wall-content\">\u00ab\u2009Les salles de classe s\u2019ouvriront sur des <strong>espaces v\u00e9g\u00e9talis\u00e9s<\/strong> cr\u00e9ant un lien permanent avec la nature tandis que l\u2019attention port\u00e9e au <strong>confort acoustique et visuel<\/strong> favorisera la concentration et le bien-\u00eatre des \u00e9l\u00e8ves\u2009\u00bb, d\u00e9crit le D\u00e9partement.<\/p>\n<p class=\" wall-content\">\u00c0 l\u2019ext\u00e9rieur, les espaces ont \u00e9t\u00e9 pens\u00e9s \u00ab\u2009pour les usages p\u00e9dagogiques et r\u00e9cr\u00e9atifs gr\u00e2ce notamment \u00e0 <strong>une cour en gradins<\/strong>\u2009\u00bb.<\/p>\n<p class=\" wall-content\">L\u2019<strong>espace de restauration,<\/strong> ouvert sur le jardin, permettra d\u2019accueillir de fa\u00e7on distincte les coll\u00e9giens et les agents usagers du restaurant inter-administratif (RIA).<\/p>\n<p>    <img   decoding=\"async\" loading=\"lazy\" src=\"https:\/\/www.europesays.com\/fr\/wp-content\/uploads\/2025\/12\/college-beauregard-facade-2-credit-yle-architectes-et-paris-picture-club-960x565.png\" alt=\"Les fa\u00e7ades en bois clair marquent \" width=\"960\" height=\"565\"\/><br \/>\n    Les fa\u00e7ades en bois clair marquent \u00ab\u2009une coh\u00e9rence visuelle avec la trame arbor\u00e9e du site\u2009\u00bb, d\u00e9taille le D\u00e9partement. (\u00a9Yl\u00e9 Architectes et Paris Picture Club)<\/p>\n<p class=\" wall-content\"><strong>La production et la logistique seront mutualis\u00e9es<\/strong> \u00ab\u2009permettant d\u2019optimiser l\u2019utilisation des \u00e9quipements d\u00e9partementaux\u2009\u00bb.<\/p>\n<p class=\" wall-content\">Concernant la construction du b\u00e2timent, le choix du D\u00e9partement et des architectes s\u2019est tourn\u00e9 vers \u00ab\u2009des <strong>toitures \u00e0 quatre pans,<\/strong> des chemin\u00e9es de <strong>ventilation naturelle<\/strong> et des <strong>fa\u00e7ades en bois<\/strong> clair\u2009\u00bb.<\/p>\n<blockquote class=\"ac-article-quote wall-content\">\n<p>Le projet pr\u00e9voit notamment l\u2019utilisation du bois pour la structure principale ainsi que des mat\u00e9riaux biosourc\u00e9s, comme la paille hach\u00e9e ou la ouate de cellulose, pour l\u2019isolation. Des panneaux photovolta\u00efques seront aussi install\u00e9s pour produire une partie de l\u2019\u00e9nergie n\u00e9cessaire. <\/p>\n<p>    <strong>D\u00e9partement d&rsquo;Ille-et-Vilaine<\/strong><br \/>\n        Communiqu\u00e9 de presse    <\/p><\/blockquote>\n<p>Ouverture en 2029<\/p>\n<p class=\" wall-content\">Ce coll\u00e8ge \u00ab\u2009s\u2019inscrit pleinement dans le projet de <strong>renouvellement urbain du quartier de Beauregard<\/strong> men\u00e9 par la Ville de Rennes, qui pr\u00e9voit notamment <a href=\"https:\/\/actu.fr\/bretagne\/rennes_35238\/trambus-a-rennes-le-trace-et-les-stations-des-futures-lignes-t1-et-t2_60143845.html\" target=\"_blank\" rel=\"noopener\">l\u2019arriv\u00e9e de la ligne de Trambus<\/a> \u00e0 l\u2019horizon 2030\u2009\u00bb, pr\u00e9cise le D\u00e9partement.<\/p>\n<p class=\" wall-content\">Co\u00fbt total de l\u2019op\u00e9ration (financ\u00e9e par le D\u00e9partement)\u2009: <strong>22,3\u00a0millions d\u2019euros <\/strong>TTC pour le coll\u00e8ge et <strong>13,6\u00a0millions d\u2019euros<\/strong> TTC pour l\u2019espace de restauration mutualis\u00e9e.<\/p>\n<p class=\" wall-content\">Si tout se passe bien, le coll\u00e8ge Beauregard accueillera ses premiers coll\u00e9giens \u00ab\u2009\u00e0 horizon 2029\u2009\u00bb pour <strong>remplacer l\u2019actuel coll\u00e8ge Rosa-Parks,<\/strong> situ\u00e9 dans le quartier <a href=\"https:\/\/actu.fr\/tag\/villejean\" target=\"_blank\" rel=\"noopener\">Villejean<\/a>, non loin de la dalle Kennedy. <a href=\"https:\/\/actu.fr\/bretagne\/rennes_35238\/on-enterre-un-college-a-villejean-profs-et-parents-manifestent-contre-la-fermeture-de-leur-etablissement_62754974.html\" target=\"_blank\" rel=\"noopener\">Une fermeture qui suscite la col\u00e8re d\u2019enseignants et de parents d\u2019\u00e9l\u00e8ves, qui avaient manifest\u00e9 en juin\u00a02025<\/a>.<\/p>\n<p class=\" wall-content\">Personnalisez votre actualit\u00e9 en ajoutant vos villes et m\u00e9dias en favori avec <a href=\"https:\/\/moncompte.actu.fr\" title=\"D\u00e9couvez Mon Actu\" rel=\"nofollow noopener\" data-trk=\"{&quot;cta&quot;:{&quot;action&quot;:&quot;https:\\\/\\\/moncompte.actu.fr&quot;,&quot;category&quot;:&quot;mon compte&quot;,&quot;from&quot;:&quot;article footer&quot;,&quot;name&quot;:&quot;Mon actu&quot;,&quot;type&quot;:&quot;cta&quot;}}\" target=\"_blank\">Mon Actu<\/a>.<\/p>\n","protected":false},"excerpt":{"rendered":"Par Cl\u00e9mence Pays Publi\u00e9 le 2 d\u00e9c. 2025 \u00e0 9h39 L\u2019annonce avait \u00e9t\u00e9 faite par le D\u00e9partement d\u2019Ille-et-Vilaine&hellip;\n","protected":false},"author":2,"featured_media":572767,"comment_status":"","ping_status":"","sticky":false,"template":"","format":"standard","meta":{"footnotes":""},"categories":[2821],"tags":[1111,11,829,9968,1777,674,1011,27,12,584,25,104,5375],"class_list":{"0":"post-572766","1":"post","2":"type-post","3":"status-publish","4":"format-standard","5":"has-post-thumbnail","7":"category-rennes","8":"tag-actu","9":"tag-actualites","10":"tag-bretagne","11":"tag-departement","12":"tag-eu","13":"tag-europe","14":"tag-fr","15":"tag-france","16":"tag-news","17":"tag-rennes","18":"tag-republique-francaise","19":"tag-societe","20":"tag-villejean"},"share_on_mastodon":{"url":"https:\/\/pubeurope.com\/@fr\/115649124451970192","error":""},"_links":{"self":[{"href":"https:\/\/www.europesays.com\/fr\/wp-json\/wp\/v2\/posts\/572766","targetHints":{"allow":["GET"]}}],"collection":[{"href":"https:\/\/www.europesays.com\/fr\/wp-json\/wp\/v2\/posts"}],"about":[{"href":"https:\/\/www.europesays.com\/fr\/wp-json\/wp\/v2\/types\/post"}],"author":[{"embeddable":true,"href":"https:\/\/www.europesays.com\/fr\/wp-json\/wp\/v2\/users\/2"}],"replies":[{"embeddable":true,"href":"https:\/\/www.europesays.com\/fr\/wp-json\/wp\/v2\/comments?post=572766"}],"version-history":[{"count":0,"href":"https:\/\/www.europesays.com\/fr\/wp-json\/wp\/v2\/posts\/572766\/revisions"}],"wp:featuredmedia":[{"embeddable":true,"href":"https:\/\/www.europesays.com\/fr\/wp-json\/wp\/v2\/media\/572767"}],"wp:attachment":[{"href":"https:\/\/www.europesays.com\/fr\/wp-json\/wp\/v2\/media?parent=572766"}],"wp:term":[{"taxonomy":"category","embeddable":true,"href":"https:\/\/www.europesays.com\/fr\/wp-json\/wp\/v2\/categories?post=572766"},{"taxonomy":"post_tag","embeddable":true,"href":"https:\/\/www.europesays.com\/fr\/wp-json\/wp\/v2\/tags?post=572766"}],"curies":[{"name":"wp","href":"https:\/\/api.w.org\/{rel}","templated":true}]}}