{"id":572770,"date":"2025-12-02T08:53:10","date_gmt":"2025-12-02T08:53:10","guid":{"rendered":"https:\/\/www.europesays.com\/fr\/572770\/"},"modified":"2025-12-02T08:53:10","modified_gmt":"2025-12-02T08:53:10","slug":"un-nouvel-acteur-gere-desormais-le-stationnement-a-strasbourg-ce-que-ca-change-pour-vous","status":"publish","type":"post","link":"https:\/\/www.europesays.com\/fr\/572770\/","title":{"rendered":"un nouvel acteur g\u00e8re d\u00e9sormais le stationnement \u00e0 Strasbourg, ce que \u00e7a change pour vous"},"content":{"rendered":"<p>                    Par<br \/>\n        <strong><br \/>\n            <a href=\"https:\/\/actu.fr\/auteur\/ivan-capecchi\" title=\"Consulter tous les articles de Ivan CAPECCHI\" target=\"_blank\" rel=\"noopener\">Ivan CAPECCHI<\/a><br \/>\n                    <\/strong><\/p>\n<p>        Publi\u00e9 le<\/p>\n<p>            2 d\u00e9c. 2025 \u00e0 9h36        <\/p>\n<p>Depuis le 1er\u00a0d\u00e9cembre 2025, la SPL Parcus +\u00a0voirie, soci\u00e9t\u00e9 publique d\u00e9tenue \u00e0 95\u2009% par la Ville de Strasbourg et 5\u2009% par l\u2019Eurom\u00e9tropole, <a href=\"https:\/\/actu.fr\/grand-est\/strasbourg_67482\/stationnement-a-strasbourg-6-choses-a-savoir-sur-la-fin-de-streeteo_61186029.html\" target=\"_blank\" rel=\"noopener\">remplace Streeteo<\/a> pour g\u00e9rer le <a href=\"https:\/\/actu.fr\/grand-est\/strasbourg_67482\/strasbourg-10-choses-a-savoir-sur-la-reforme-du-stationnement-qui-entre-en-vigueur-cette-annee_58023891.html\" target=\"_blank\" rel=\"noopener\">stationnement payant<\/a> sur voirie. Voici ce que \u00e7a change.<\/p>\n<p>Forfaits post-stationnement, gestion des horodateurs\u2026<\/p>\n<p class=\" wall-content\">Concr\u00e8tement, Parcus +\u00a0voirie devient l\u2019interlocuteur unique pour les usagers\u2009:<strong> contr\u00f4les, forfaits post-stationnement (FPS), gestion des horodateurs, moyens de paiement et traitement des premiers recours<\/strong>.<\/p>\n<p class=\" wall-content\">Par ailleurs, un accueil physique d\u00e9di\u00e9 a ouvert au niveau 0 du centre administratif pour les <strong>forfaits professionnels<\/strong>,<strong> l\u2019enregistrement des personnes en situation de handicap<\/strong> et les<strong> informations pratiques sur les tarifs et paiements<\/strong>. Il est accessible du mardi au vendredi de 10h15 \u00e0 17h30 et le samedi de 8h \u00e0 12h, ainsi que par t\u00e9l\u00e9phone et par mail.<\/p>\n<p class=\" wall-content\">\u00ab\u2009Les applications de paiement du stationnement <strong>Easypark<\/strong> et <strong>Indigo Neo<\/strong> sont conserv\u00e9es, et une <strong>nouvelle application Parcus +\u00a0sera d\u00e9ploy\u00e9e en 2026<\/strong>\u2009\u00bb, indique la Ville dans un communiqu\u00e9.<\/p>\n<p class=\" wall-content\">Personnalisez votre actualit\u00e9 en ajoutant vos villes et m\u00e9dias en favori avec <a href=\"https:\/\/moncompte.actu.fr\" title=\"D\u00e9couvez Mon Actu\" rel=\"nofollow noopener\" data-trk=\"{&quot;cta&quot;:{&quot;action&quot;:&quot;https:\\\/\\\/moncompte.actu.fr&quot;,&quot;category&quot;:&quot;mon compte&quot;,&quot;from&quot;:&quot;article footer&quot;,&quot;name&quot;:&quot;Mon actu&quot;,&quot;type&quot;:&quot;cta&quot;}}\" target=\"_blank\">Mon Actu<\/a>.<\/p>\n","protected":false},"excerpt":{"rendered":"Par Ivan CAPECCHI Publi\u00e9 le 2 d\u00e9c. 2025 \u00e0 9h36 Depuis le 1er\u00a0d\u00e9cembre 2025, la SPL Parcus +\u00a0voirie,&hellip;\n","protected":false},"author":2,"featured_media":572771,"comment_status":"","ping_status":"","sticky":false,"template":"","format":"standard","meta":{"footnotes":""},"categories":[2820],"tags":[1111,11,1777,674,1011,27,775,12,25,104,6173,640],"class_list":{"0":"post-572770","1":"post","2":"type-post","3":"status-publish","4":"format-standard","5":"has-post-thumbnail","7":"category-strasbourg","8":"tag-actu","9":"tag-actualites","10":"tag-eu","11":"tag-europe","12":"tag-fr","13":"tag-france","14":"tag-grand-est","15":"tag-news","16":"tag-republique-francaise","17":"tag-societe","18":"tag-stationnement","19":"tag-strasbourg"},"share_on_mastodon":{"url":"https:\/\/pubeurope.com\/@fr\/115649131578225124","error":""},"_links":{"self":[{"href":"https:\/\/www.europesays.com\/fr\/wp-json\/wp\/v2\/posts\/572770","targetHints":{"allow":["GET"]}}],"collection":[{"href":"https:\/\/www.europesays.com\/fr\/wp-json\/wp\/v2\/posts"}],"about":[{"href":"https:\/\/www.europesays.com\/fr\/wp-json\/wp\/v2\/types\/post"}],"author":[{"embeddable":true,"href":"https:\/\/www.europesays.com\/fr\/wp-json\/wp\/v2\/users\/2"}],"replies":[{"embeddable":true,"href":"https:\/\/www.europesays.com\/fr\/wp-json\/wp\/v2\/comments?post=572770"}],"version-history":[{"count":0,"href":"https:\/\/www.europesays.com\/fr\/wp-json\/wp\/v2\/posts\/572770\/revisions"}],"wp:featuredmedia":[{"embeddable":true,"href":"https:\/\/www.europesays.com\/fr\/wp-json\/wp\/v2\/media\/572771"}],"wp:attachment":[{"href":"https:\/\/www.europesays.com\/fr\/wp-json\/wp\/v2\/media?parent=572770"}],"wp:term":[{"taxonomy":"category","embeddable":true,"href":"https:\/\/www.europesays.com\/fr\/wp-json\/wp\/v2\/categories?post=572770"},{"taxonomy":"post_tag","embeddable":true,"href":"https:\/\/www.europesays.com\/fr\/wp-json\/wp\/v2\/tags?post=572770"}],"curies":[{"name":"wp","href":"https:\/\/api.w.org\/{rel}","templated":true}]}}