{"id":572772,"date":"2025-12-02T08:54:20","date_gmt":"2025-12-02T08:54:20","guid":{"rendered":"https:\/\/www.europesays.com\/fr\/572772\/"},"modified":"2025-12-02T08:54:20","modified_gmt":"2025-12-02T08:54:20","slug":"les-transports-lignes-dazur-impactes","status":"publish","type":"post","link":"https:\/\/www.europesays.com\/fr\/572772\/","title":{"rendered":"les transports Lignes d&rsquo;Azur impact\u00e9s\u00a0?"},"content":{"rendered":"<p>                    Par<br \/>\n        <strong><br \/>\n            <a href=\"https:\/\/actu.fr\/auteur\/arthur-frand\" title=\"Consulter tous les articles de Arthur Frand\" target=\"_blank\" rel=\"noopener\">Arthur Frand<\/a><br \/>\n                    <\/strong><\/p>\n<p>        Publi\u00e9 le<\/p>\n<p>            1 d\u00e9c. 2025 \u00e0 15h59        <\/p>\n<p>Une journ\u00e9e de mobilisation est pr\u00e9vue ce mardi 2\u00a0d\u00e9cembre 2025 \u00e0 l\u2019approche du vote du budget. Mais sera-t-elle suivie dans les transports \u00e0 <a href=\"https:\/\/actu.fr\/nice\/\" target=\"_blank\" rel=\"noopener\">Nice<\/a> et dans les <a href=\"https:\/\/actu.fr\/provence-alpes-cote-d-azur\/alpes-maritimes_06\" target=\"_blank\" rel=\"noopener\">Alpes-Maritimes<\/a>\u2009? Le r\u00e9seau Lignes d\u2019Azur a livr\u00e9 ses pr\u00e9visions de trafic pour la journ\u00e9e.<\/p>\n<p class=\" wall-content\">Voici ce qui est pr\u00e9vu ce mardi 2\u00a0d\u00e9cembre.<\/p>\n<p>Un fonctionnement classique<\/p>\n<p class=\" wall-content\">Du c\u00f4t\u00e9 des transports en commun, pas de grosse perturbation attendue. En effet, <strong>aucun pr\u00e9avis de gr\u00e8ve<\/strong> n\u2019a \u00e9t\u00e9 d\u00e9pos\u00e9 pour ce mardi 2\u00a0d\u00e9cembre par le r\u00e9seau Lignes d\u2019Azur, confirme la M\u00e9tropole de Nice C\u00f4te d\u2019Azur \u00e0 actu Nice.<\/p>\n<p class=\" wall-content\">Un rassemblement est bien<strong> pr\u00e9vu \u00e0 Nice d\u00e8s 10h<\/strong> ce mardi. Le cort\u00e8ge partira de la gare Thiers vers 10h30. Mais les salari\u00e9s du r\u00e9seau Lignes d\u2019Azur, pour la plupart, ne devraient pas participer \u00e0 cette mobilisation. La r\u00e9gie annonce un trafic \u00ab\u2009normal\u2009\u00bb sur l\u2019ensemble de ses lignes de tramway et de bus.<\/p>\n<p>Attention sur le parcours de la manifestation<\/p>\n<p class=\" wall-content\">En revanche, il n\u2019est pas exclu que la circulation des tramways et bus soit <strong>l\u00e9g\u00e8rement perturb\u00e9e<\/strong> par la manifestation sur la voie publique \u00e0 Nice. Mais tr\u00e8s faiblement a priori, \u00e9tant donn\u00e9 que le cort\u00e8ge des manifestants \u00e9vitera l\u2019avenue Jean-M\u00e9decin, carrefour des lignes de tramway 1,2, et 3.<\/p>\n<p class=\" wall-content\">Pour \u00eatre au fait, il est conseill\u00e9 de consulter les conditions en temps r\u00e9el dans la matin\u00e9e, sur le r\u00e9seau Lignes d\u2019Azur.<\/p>\n<p>Votre r\u00e9gion, votre actu !<\/p>\n<p>Recevez chaque jour les infos qui comptent pour vous.<\/p>\n<p>\t<a href=\"https:\/\/actu.fr\/newsletter\" class=\"ac-btn ac-btn--corner ac-btn--medium ac-btn--blue800\" target=\"_blank\" rel=\"noopener\">S&rsquo;incrire<\/a><br \/>\nEt dans les trains\u2009?<\/p>\n<p class=\" wall-content\">Du c\u00f4t\u00e9 des trains, la SNCF a annonc\u00e9 que des <strong>retards et suppressions<\/strong> \u00e9taient jug\u00e9s \u00ab\u2009probables\u2009\u00bb sur les liaisons r\u00e9gionales ou nationales ce mardi 2\u00a0d\u00e9cembre.<\/p>\n<p class=\" wall-content\">Les pr\u00e9visions pr\u00e9cises pour chaque ligne de train seront publi\u00e9es en fin de journ\u00e9e ce lundi soir sur le site ou l\u2019application SNCF.<\/p>\n<p class=\" wall-content\">Personnalisez votre actualit\u00e9 en ajoutant vos villes et m\u00e9dias en favori avec <a href=\"https:\/\/moncompte.actu.fr\" title=\"D\u00e9couvez Mon Actu\" rel=\"nofollow noopener\" data-trk=\"{&quot;cta&quot;:{&quot;action&quot;:&quot;https:\\\/\\\/moncompte.actu.fr&quot;,&quot;category&quot;:&quot;mon compte&quot;,&quot;from&quot;:&quot;article footer&quot;,&quot;name&quot;:&quot;Mon actu&quot;,&quot;type&quot;:&quot;cta&quot;}}\" target=\"_blank\">Mon Actu<\/a>.<\/p>\n","protected":false},"excerpt":{"rendered":"Par Arthur Frand Publi\u00e9 le 1 d\u00e9c. 2025 \u00e0 15h59 Une journ\u00e9e de mobilisation est pr\u00e9vue ce mardi&hellip;\n","protected":false},"author":2,"featured_media":572773,"comment_status":"","ping_status":"","sticky":false,"template":"","format":"standard","meta":{"footnotes":""},"categories":[2819],"tags":[1111,11,1777,674,1011,27,14554,12,2401,882,25,2215,104,2803],"class_list":{"0":"post-572772","1":"post","2":"type-post","3":"status-publish","4":"format-standard","5":"has-post-thumbnail","7":"category-nice","8":"tag-actu","9":"tag-actualites","10":"tag-eu","11":"tag-europe","12":"tag-fr","13":"tag-france","14":"tag-lignes-dazur","15":"tag-news","16":"tag-nice","17":"tag-provence-alpes-cote-dazur","18":"tag-republique-francaise","19":"tag-sncf","20":"tag-societe","21":"tag-transport"},"share_on_mastodon":{"url":"https:\/\/pubeurope.com\/@fr\/115649135620099178","error":""},"_links":{"self":[{"href":"https:\/\/www.europesays.com\/fr\/wp-json\/wp\/v2\/posts\/572772","targetHints":{"allow":["GET"]}}],"collection":[{"href":"https:\/\/www.europesays.com\/fr\/wp-json\/wp\/v2\/posts"}],"about":[{"href":"https:\/\/www.europesays.com\/fr\/wp-json\/wp\/v2\/types\/post"}],"author":[{"embeddable":true,"href":"https:\/\/www.europesays.com\/fr\/wp-json\/wp\/v2\/users\/2"}],"replies":[{"embeddable":true,"href":"https:\/\/www.europesays.com\/fr\/wp-json\/wp\/v2\/comments?post=572772"}],"version-history":[{"count":0,"href":"https:\/\/www.europesays.com\/fr\/wp-json\/wp\/v2\/posts\/572772\/revisions"}],"wp:featuredmedia":[{"embeddable":true,"href":"https:\/\/www.europesays.com\/fr\/wp-json\/wp\/v2\/media\/572773"}],"wp:attachment":[{"href":"https:\/\/www.europesays.com\/fr\/wp-json\/wp\/v2\/media?parent=572772"}],"wp:term":[{"taxonomy":"category","embeddable":true,"href":"https:\/\/www.europesays.com\/fr\/wp-json\/wp\/v2\/categories?post=572772"},{"taxonomy":"post_tag","embeddable":true,"href":"https:\/\/www.europesays.com\/fr\/wp-json\/wp\/v2\/tags?post=572772"}],"curies":[{"name":"wp","href":"https:\/\/api.w.org\/{rel}","templated":true}]}}