{"id":572774,"date":"2025-12-02T08:55:14","date_gmt":"2025-12-02T08:55:14","guid":{"rendered":"https:\/\/www.europesays.com\/fr\/572774\/"},"modified":"2025-12-02T08:55:14","modified_gmt":"2025-12-02T08:55:14","slug":"graves-incidents-a-nice-deux-joueurs-en-arret-maladie-et-un-dirigeant-tres-chahute-apres-avoir-ete-pris-a-partie-par-des-supporters","status":"publish","type":"post","link":"https:\/\/www.europesays.com\/fr\/572774\/","title":{"rendered":"graves incidents \u00e0 Nice, deux joueurs en arr\u00eat maladie et un dirigeant \u00ab\u00a0tr\u00e8s chahut\u00e9\u00a0\u00bb apr\u00e8s avoir \u00e9t\u00e9 pris \u00e0 partie par des supporters"},"content":{"rendered":"<p class=\"article-p mdl\">Chaos sur la French Riviera. Tard ce dimanche 30 novembre, des supporters s&rsquo;en sont pris violemment \u00e0 deux joueurs &#8211; qui ont port\u00e9 plainte contre X et sont en arr\u00eat maladie &#8211; et un dirigeant de\u00a0<a class=\"link\" href=\"https:\/\/www.rtl.fr\/sport\/football\/marseille-punit-nice-5-1-et-prend-provisoirement-la-tete-de-la-ligue-1-7900569947\" title=\"Nice-OM : les Marseillais punissent les Aiglons et prennent provisoirement la t\u00eate de la Ligue 1\" target=\"_blank\" rel=\"noopener\">l&rsquo;OGC Nice<\/a>\u00a0apr\u00e8s la sixi\u00e8me d\u00e9faite du club d&rsquo;affil\u00e9e, conc\u00e9d\u00e9e sur le terrain de Lorient en Ligue 1 quelques heures plus t\u00f4t (1-3). Vers 23h15, les Aiglons \u00e9taient donc attendus au centre d&rsquo;entra\u00eenement par 400 personnes en col\u00e8re \u00e0 leur retour et la soir\u00e9e a vite d\u00e9g\u00e9n\u00e9r\u00e9 en coups et en violences.<\/p>\n<p class=\"article-p mdl\">Les fans ont barr\u00e9 le passage du car puis ont allum\u00e9 des fumig\u00e8nes et entonn\u00e9 des chants hostiles. Un de leurs repr\u00e9sentants a \u00e9t\u00e9 autoris\u00e9 \u00e0 monter \u00e0 bord du car pour discuter, raconte \u00e0 l&rsquo;AFP Maxime Bacqui\u00e9, journaliste d&rsquo;Ici Azur, seul reporter pr\u00e9sent sur place.<\/p>\n<p class=\"article-p mdl\">Parmi les premiers \u00e0 en sortir, le directeur sportif Florian Maurice, jug\u00e9 responsable du recrutement d\u00e9faillant de l&rsquo;\u00e9t\u00e9 dernier, a \u00e9t\u00e9 \u00ab\u00a0tr\u00e8s chahut\u00e9\u00a0\u00bb, d&rsquo;apr\u00e8s lui. Il a d\u00fb \u00eatre \u00ab\u00a0exfiltr\u00e9, hagard\u00a0\u00bb, par le service de s\u00e9curit\u00e9. <\/p>\n<p class=\"article-p mdl\">Comme l&rsquo;international fran\u00e7ais\u00a0<a class=\"link\" href=\"https:\/\/www.rtl.fr\/sport\/football\/certains-ne-veulent-pas-entendre-parler-le-triste-constat-de-jonathan-clauss-sur-l-homosexualite-dans-le-foot-7900505940\" title=\"&quot;Certains ne veulent pas entendre parler&quot; : le triste constat de Jonathan Clauss sur l&#039;homosexualit\u00e9 dans le foot\" target=\"_blank\" rel=\"noopener\">Jonathan Clauss<\/a>, l&rsquo;Ivoirien J\u00e9r\u00e9mie Boga et le Nig\u00e9rian Terem Moffi auraient re\u00e7u plusieurs coups, dont certains \u00e0 l&rsquo;entrejambe, en plus des insultes et des crachats. Ils auraient \u00e9t\u00e9 cibl\u00e9s en raison d&rsquo;une attitude jug\u00e9e d\u00e9sinvolte apr\u00e8s les derniers matchs, en d\u00e9pit de la crise sportive. R\u00e9sultat, ils se sont vus prescrire respectivement une semaine et cinq jours d&rsquo;interruption temporaire de travail (ITT) et ils ont port\u00e9 plainte contre X.<\/p>\n<p class=\"article-p mdl\">\u00ab\u00a0Ces violences physiques sont intol\u00e9rables\u00a0\u00bb, a r\u00e9agi lundi soir dans un communiqu\u00e9 l&rsquo;UNFP, le syndicat des joueurs, indiquant avoir \u00ab\u00a0imm\u00e9diatement pris contact\u00a0\u00bb avec Boga et Moffi. \u00ab\u00a0Face \u00e0 ces violences et aux plaintes d\u00e9pos\u00e9es, notre syndicat se r\u00e9serve le droit de se constituer partie civile\u00a0\u00bb, a-t-il ajout\u00e9.<\/p>\n<p>            Le club \u00ab\u00a0comprend la frustration\u00a0\u00bb mais \u00ab\u00a0condamne\u00a0\u00bb<\/p>\n<p class=\"article-p mdl\">Pendant ce laps de temps d&rsquo;environ 45 minutes, l&rsquo;entra\u00eeneur Frank Haise &#8211; qui  a propos\u00e9 \u00e0 ses dirigeants d\u2019\u00eatre \u00ab\u00a0le fusible\u00a0\u00bb ou \u00ab\u00a0l\u2019\u00e9lectrochoc\u00a0\u00bb ces derniers jours, r\u00e9p\u00e9tant n\u00e9anmoins ne pas vouloir d\u00e9missionner &#8211; discutait de la situation avec certains fans moins excit\u00e9s, \u00e0 l&rsquo;\u00e9cart de la m\u00eal\u00e9e.<\/p>\n<p class=\"article-p mdl\">Sur les r\u00e9seaux sociaux, des personnes pr\u00e9sentes dimanche soir au centre d&rsquo;entra\u00eenement des Aiglons d\u00e9mentent formellement une telle pouss\u00e9e de violences, tandis que d&rsquo;autres la minimisent.<\/p>\n<blockquote class=\"twitter-tweet\">\n<p lang=\"fr\" dir=\"ltr\">Communiqu\u00e9 officiel de l&rsquo;OGC Nice \u2935\ufe0e<\/p>\n<p>\u2014 OGC Nice (@ogcnice) <a href=\"https:\/\/twitter.com\/ogcnice\/status\/1995588462041604167?ref_src=twsrc%5Etfw\" target=\"_blank\" rel=\"noopener\">December 1, 2025<\/a><\/p><\/blockquote>\n<p class=\"article-p mdl\">Dans un\u00a0<a class=\"link\" href=\"https:\/\/www.ogcnice.com\/fr\/article\/129577\/communique-officiel-de-logc-nice.html\" target=\"_blank\" rel=\"noopener\">communiqu\u00e9\u00a0<\/a>lundi soir, le club a r\u00e9agi en disant \u00ab\u00a0comprendre la frustration g\u00e9n\u00e9r\u00e9e par la succession de contre-performances\u00a0\u00bb, mais \u00ab\u00a0condamne\u00a0\u00bb et \u00ab\u00a0trouve inacceptables les d\u00e9bordements\u00a0\u00bb qui en d\u00e9coulent. L&rsquo;OGC Nice indique \u00e9galement apporter tout son soutien aux membres du club pris \u00e0 partie. Le pr\u00e9sident Fabrice Bocquet n&rsquo;\u00e9tait pas sur place.<\/p>\n<p>    Reprise de l&rsquo;entra\u00eenement mercredi<\/p>\n<p class=\"article-p mdl\">Plusieurs incidents ont d\u00e9j\u00e0 impliqu\u00e9 des supporters ni\u00e7ois ces derni\u00e8res saisons. En ao\u00fbt 2021,\u00a0<a class=\"link\" href=\"https:\/\/www.rtl.fr\/sport\/football\/incidents-nice-om-le-prefet-ferme-une-tribune-du-stade-de-nice-pour-quatre-matches-7900063741\" target=\"_blank\" rel=\"noopener\">le match Nice-Marseille avait d\u00fb \u00eatre arr\u00eat\u00e9<\/a>, des ultras de la Tribune Populaire Sud \u00e9tant descendus sur la pelouse pour en d\u00e9coudre avec les joueurs de l&rsquo;OM, notamment Dimitri Payet, pr\u00e9c\u00e9demment touch\u00e9 par une bouteille jet\u00e9e des gradins.<\/p>\n<p>En mai de cette m\u00eame ann\u00e9e, un chant insultant envers l&rsquo;ancien attaquant argentin de Nantes\u00a0<a class=\"link\" href=\"https:\/\/www.rtl.fr\/sport\/football\/chants-insultants-envers-emiliano-sala-les-ultras-nicois-repondent-7900153905\" target=\"_blank\" rel=\"noopener\">Emiliano Sala<\/a>, d\u00e9c\u00e9d\u00e9 en 2019, avait \u00e9galement \u00e9t\u00e9 unanimement condamn\u00e9. D\u00e9but 2025, encore contre Marseille, cette m\u00eame tribune avait exhib\u00e9 une banderole jug\u00e9e \u00ab\u00a0raciste et injurieuse\u00a0\u00bb par l&rsquo;OM et la Ligue. Le club avait dit s&rsquo;y \u00eatre oppos\u00e9 sans succ\u00e8s. La tribune avait \u00e9t\u00e9 ferm\u00e9e trois matches.<\/p>\n<p>Mi-octobre, lors du match Nice-Lyon, la classe politique locale avait en revanche globalement apport\u00e9 son soutien aux Ultras de la m\u00eame tribune apr\u00e8s l&rsquo;interruption momentan\u00e9e du match \u00e0 cause de chants anti-Daech jug\u00e9s homophobes.<\/p>\n<p>Dimanche, Nice (10e) recevra Angers (12e). Apr\u00e8s deux jours de repos, l&rsquo;\u00e9quipe, qui est actuellement derni\u00e8re de la poule de 36 clubs en Ligue Europa, doit reprendre l&rsquo;entra\u00eenement mercredi.<\/p>\n<p>    La r\u00e9daction vous recommande<\/p>\n<p class=\"s-newsletter__title\">\n                L\u2019actualit\u00e9 par la r\u00e9daction de RTL dans votre bo\u00eete mail.\n            <\/p>\n<p class=\"s-newsletter__subtitle\">\n                Gr\u00e2ce \u00e0 votre compte RTL abonnez-vous \u00e0 la newsletter RTL info pour suivre toute l&rsquo;actualit\u00e9 au quotidien\n            <\/p>\n<p>\n                                    Lire la suite\n                                <\/p>\n<p>                            <script async src=\"https:\/\/platform.twitter.com\/widgets.js\" charset=\"utf-8\"><\/script><\/p>\n","protected":false},"excerpt":{"rendered":"Chaos sur la French Riviera. Tard ce dimanche 30 novembre, des supporters s&rsquo;en sont pris violemment \u00e0 deux&hellip;\n","protected":false},"author":2,"featured_media":572775,"comment_status":"","ping_status":"","sticky":false,"template":"","format":"standard","meta":{"footnotes":""},"categories":[2819],"tags":[1111,11,1777,674,107,63,1011,27,66,12,2401,2268,882,25,10221,2949],"class_list":{"0":"post-572774","1":"post","2":"type-post","3":"status-publish","4":"format-standard","5":"has-post-thumbnail","7":"category-nice","8":"tag-actu","9":"tag-actualites","10":"tag-eu","11":"tag-europe","12":"tag-fil-info","13":"tag-football","14":"tag-fr","15":"tag-france","16":"tag-ligue-1","17":"tag-news","18":"tag-nice","19":"tag-ogc-nice","20":"tag-provence-alpes-cote-dazur","21":"tag-republique-francaise","22":"tag-supporters","23":"tag-violences"},"share_on_mastodon":{"url":"https:\/\/pubeurope.com\/@fr\/115649139488863474","error":""},"_links":{"self":[{"href":"https:\/\/www.europesays.com\/fr\/wp-json\/wp\/v2\/posts\/572774","targetHints":{"allow":["GET"]}}],"collection":[{"href":"https:\/\/www.europesays.com\/fr\/wp-json\/wp\/v2\/posts"}],"about":[{"href":"https:\/\/www.europesays.com\/fr\/wp-json\/wp\/v2\/types\/post"}],"author":[{"embeddable":true,"href":"https:\/\/www.europesays.com\/fr\/wp-json\/wp\/v2\/users\/2"}],"replies":[{"embeddable":true,"href":"https:\/\/www.europesays.com\/fr\/wp-json\/wp\/v2\/comments?post=572774"}],"version-history":[{"count":0,"href":"https:\/\/www.europesays.com\/fr\/wp-json\/wp\/v2\/posts\/572774\/revisions"}],"wp:featuredmedia":[{"embeddable":true,"href":"https:\/\/www.europesays.com\/fr\/wp-json\/wp\/v2\/media\/572775"}],"wp:attachment":[{"href":"https:\/\/www.europesays.com\/fr\/wp-json\/wp\/v2\/media?parent=572774"}],"wp:term":[{"taxonomy":"category","embeddable":true,"href":"https:\/\/www.europesays.com\/fr\/wp-json\/wp\/v2\/categories?post=572774"},{"taxonomy":"post_tag","embeddable":true,"href":"https:\/\/www.europesays.com\/fr\/wp-json\/wp\/v2\/tags?post=572774"}],"curies":[{"name":"wp","href":"https:\/\/api.w.org\/{rel}","templated":true}]}}