{"id":572776,"date":"2025-12-02T08:56:15","date_gmt":"2025-12-02T08:56:15","guid":{"rendered":"https:\/\/www.europesays.com\/fr\/572776\/"},"modified":"2025-12-02T08:56:15","modified_gmt":"2025-12-02T08:56:15","slug":"surpopulation-carcerale-en-2025-louest-francais-atteint-ses-limites","status":"publish","type":"post","link":"https:\/\/www.europesays.com\/fr\/572776\/","title":{"rendered":"Surpopulation carc\u00e9rale : en 2025, l\u2019Ouest fran\u00e7ais atteint ses limites"},"content":{"rendered":"\n<p data-start=\"643\" data-end=\"1138\">L\u2019ann\u00e9e 2025 restera comme celle o\u00f9 la population carc\u00e9rale fran\u00e7aise a franchi un nouveau cap. Plus de quatre-vingt-quatre mille personnes sont incarc\u00e9r\u00e9es pour un peu plus de soixante-deux mille places disponibles. Dans les maisons d\u2019arr\u00eat, o\u00f9 se concentrent pr\u00e9venus et courtes peines, la densit\u00e9 atteint des niveaux qui n\u2019avaient encore jamais \u00e9t\u00e9 observ\u00e9s. Cette tension g\u00e9n\u00e9rale glisse vers l\u2019Ouest et s\u2019y accroche, r\u00e9v\u00e9lant des \u00e9tablissements satur\u00e9s et des \u00e9quipes p\u00e9nitentiaires \u00e0 bout.<\/p>\n<p><strong data-start=\"1148\" data-end=\"1193\">Nantes : un record qui marque un tournant<\/strong><\/p>\n<p data-start=\"1195\" data-end=\"1831\">Le 1\u1d49\u02b3 d\u00e9cembre 2025, la maison d\u2019arr\u00eat de Nantes franchit un seuil que personne n\u2019avait imagin\u00e9 atteindre. Pr\u00e8s de mille hommes y sont enferm\u00e9s, pour une capacit\u00e9 initiale de quatre cent vingt places. \u00c0 cela s\u2019ajoutent plusieurs dizaines de personnes en attente d\u2019affectation qui, faute de solutions, prolongent une situation d\u00e9j\u00e0 hors norme. Les cellules d\u00e9bordent, les mattress au sol se multiplient et l\u2019\u00e9tablissement se retrouve confront\u00e9 \u00e0 une densit\u00e9 qui bouscule chaque rouage du quotidien. Ce record n\u2019est pas seulement un chiffre : il devient le symbole d\u2019une prison qui ne parvient plus \u00e0 absorber les flux qui la traversent.<\/p>\n<p><strong data-start=\"1841\" data-end=\"1894\">Brest : une maison d\u2019arr\u00eat qui \u00e9touffe elle aussi<\/strong><\/p>\n<p data-start=\"1896\" data-end=\"2406\">Quelques mois plus t\u00f4t, \u00e0 Brest, les surveillants tirent la sonnette d\u2019alarme. Au d\u00e9but du mois de mai, l\u2019\u00e9tablissement compte plus de quatre cent cinquante d\u00e9tenus pour \u00e0 peine deux cent cinquante places. Les cellules exigu\u00ebs accueillent parfois trois hommes et le sol se transforme en espace de couchage faute de lits disponibles. L\u2019atmosph\u00e8re se tend, la promiscuit\u00e9 alimente les tensions et le personnel d\u00e9crit une d\u00e9t\u00e9rioration rapide des conditions de vie, comme si la prison, elle aussi, manquait d\u2019air.<\/p>\n<p><strong data-start=\"2416\" data-end=\"2473\">Un syst\u00e8me fragilis\u00e9 qui cherche encore ses solutions<\/strong><\/p>\n<p data-start=\"2475\" data-end=\"2917\">Nantes et Brest ne sont pas des exceptions isol\u00e9es, mais les reflets les plus visibles d\u2019une m\u00e9canique qui se grippe. Malgr\u00e9 les projets d\u2019extension et les annonces de cr\u00e9ations de places suppl\u00e9mentaires, la r\u00e9alit\u00e9 quotidienne montre un \u00e9cart persistant entre les besoins et les capacit\u00e9s. La surpopulation progresse plus vite que les r\u00e9ponses apport\u00e9es, laissant les \u00e9quipes p\u00e9nitentiaires naviguer dans un \u00e9quilibre toujours plus pr\u00e9caire.<\/p>\n<p><strong data-start=\"2927\" data-end=\"2972\">Au-del\u00e0 des murs, une alerte qui persiste<\/strong><\/p>\n<p data-start=\"2974\" data-end=\"3335\">L\u2019ann\u00e9e 2025 rappelle avec force que la question carc\u00e9rale ne peut plus \u00eatre rel\u00e9gu\u00e9e \u00e0 l\u2019arri\u00e8re-plan. Les situations observ\u00e9es \u00e0 Nantes et \u00e0 Brest dressent le portrait d\u2019un syst\u00e8me qui atteint ses limites. Une pression silencieuse, mais constante, qui interroge autant la gestion des \u00e9tablissements que la mani\u00e8re dont la soci\u00e9t\u00e9 souhaite penser la d\u00e9tention.<\/p>\n","protected":false},"excerpt":{"rendered":"L\u2019ann\u00e9e 2025 restera comme celle o\u00f9 la population carc\u00e9rale fran\u00e7aise a franchi un nouveau cap. Plus de quatre-vingt-quatre&hellip;\n","protected":false},"author":2,"featured_media":572777,"comment_status":"","ping_status":"","sticky":false,"template":"","format":"standard","meta":{"footnotes":""},"categories":[2818],"tags":[1111,11,28368,829,16823,1777,674,118,462,1106,1011,27,848,1922,6417,1114,13289,2217,28369,3047,3729,766,12,2636,1833,584,25,3272,517,3087,2546],"class_list":{"0":"post-572776","1":"post","2":"type-post","3":"status-publish","4":"format-standard","5":"has-post-thumbnail","7":"category-nantes","8":"tag-actu","9":"tag-actualites","10":"tag-bain-de-bretagne","11":"tag-bretagne","12":"tag-chateaubriant","13":"tag-eu","14":"tag-europe","15":"tag-faits-divers","16":"tag-fc-nantes","17":"tag-flash","18":"tag-fr","19":"tag-france","20":"tag-ille-et-vilaine","21":"tag-info","22":"tag-information","23":"tag-infos","24":"tag-la-roche-sur-yon","25":"tag-la-rochelle","26":"tag-les-sables-d-olonnes","27":"tag-loire-atlantique","28":"tag-morbihan","29":"tag-nantes","30":"tag-news","31":"tag-pays-de-la-loire","32":"tag-redaction","33":"tag-rennes","34":"tag-republique-francaise","35":"tag-saint-nazaire","36":"tag-sport","37":"tag-stade-rennais","38":"tag-vendee"},"share_on_mastodon":{"url":"https:\/\/pubeurope.com\/@fr\/115649143392130828","error":""},"_links":{"self":[{"href":"https:\/\/www.europesays.com\/fr\/wp-json\/wp\/v2\/posts\/572776","targetHints":{"allow":["GET"]}}],"collection":[{"href":"https:\/\/www.europesays.com\/fr\/wp-json\/wp\/v2\/posts"}],"about":[{"href":"https:\/\/www.europesays.com\/fr\/wp-json\/wp\/v2\/types\/post"}],"author":[{"embeddable":true,"href":"https:\/\/www.europesays.com\/fr\/wp-json\/wp\/v2\/users\/2"}],"replies":[{"embeddable":true,"href":"https:\/\/www.europesays.com\/fr\/wp-json\/wp\/v2\/comments?post=572776"}],"version-history":[{"count":0,"href":"https:\/\/www.europesays.com\/fr\/wp-json\/wp\/v2\/posts\/572776\/revisions"}],"wp:featuredmedia":[{"embeddable":true,"href":"https:\/\/www.europesays.com\/fr\/wp-json\/wp\/v2\/media\/572777"}],"wp:attachment":[{"href":"https:\/\/www.europesays.com\/fr\/wp-json\/wp\/v2\/media?parent=572776"}],"wp:term":[{"taxonomy":"category","embeddable":true,"href":"https:\/\/www.europesays.com\/fr\/wp-json\/wp\/v2\/categories?post=572776"},{"taxonomy":"post_tag","embeddable":true,"href":"https:\/\/www.europesays.com\/fr\/wp-json\/wp\/v2\/tags?post=572776"}],"curies":[{"name":"wp","href":"https:\/\/api.w.org\/{rel}","templated":true}]}}