{"id":572780,"date":"2025-12-02T08:58:15","date_gmt":"2025-12-02T08:58:15","guid":{"rendered":"https:\/\/www.europesays.com\/fr\/572780\/"},"modified":"2025-12-02T08:58:15","modified_gmt":"2025-12-02T08:58:15","slug":"bordeaux-sembrase-au-son-du-rap-et-de-la-danse-avec-rest-in-zik","status":"publish","type":"post","link":"https:\/\/www.europesays.com\/fr\/572780\/","title":{"rendered":"Bordeaux s\u2019embrase au son du rap et de la danse avec Rest in Zik !"},"content":{"rendered":"<p>Tu cherches une dose de hip-hop authentique \u00e0 Bordeaux ? Le <a href=\"https:\/\/shotgun.live\/fr\/festivals\/rest-in-zik-festival\" target=\"_blank\" rel=\"noreferrer noopener\">festival Rest in Zik<\/a> revient les 5 et 6 d\u00e9cembre \u00e0 la salle du Grand-Parc, pr\u00eat \u00e0 te plonger dans l\u2019univers urbain avec une \u00e9nergie contagieuse. Apr\u00e8s une rentr\u00e9e bouscul\u00e9e par un mastodonte musical en septembre, le festival a d\u00fb migrer et repenser son format. R\u00e9sultat : une \u00e9dition resserr\u00e9e, concentr\u00e9e sur l\u2019essentiel, et qui mise pleinement sur les disciplines fondatrices du hip-hop.<\/p>\n<p>C\u00f4t\u00e9 sc\u00e8ne, tu ne seras pas d\u00e9\u00e7u. <strong>Sinik<\/strong>, l\u00e9gende du rap fran\u00e7ais, prendra le micro vendredi 5 d\u00e9cembre pour revisiter ses classiques et partager pr\u00e8s de deux d\u00e9cennies d\u2019exp\u00e9rience sc\u00e9nique. \u00c0 ses c\u00f4t\u00e9s, <strong>Triptik<\/strong>, reform\u00e9 en 2024, promet une \u00e9nergie underground intacte, tandis que <strong>La Brigade<\/strong>, <strong>Melan<\/strong>, <strong>Juste Shanni<\/strong> et <strong>LIM <\/strong>t\u2019offriront des flows percutants et des textes engag\u00e9s.<\/p>\n<p><img fetchpriority=\"high\" decoding=\"async\" width=\"820\" height=\"1024\" data-id=\"87165\" src=\"https:\/\/www.europesays.com\/fr\/wp-content\/uploads\/2025\/12\/\ud83c\udfb6-Ils-sont-la-Les-artistes-phares-du-festival-Rest-In-Zik-2025-\ud83c\udfa4\ud83d\udd25-Swipe-pour-parcourir-le-c-820x1024.jpeg\" alt=\"\" class=\"wp-image-87165\"  \/><\/p>\n<p><img loading=\"lazy\" decoding=\"async\" width=\"819\" height=\"1024\" data-id=\"87164\" src=\"https:\/\/www.europesays.com\/fr\/wp-content\/uploads\/2025\/12\/image-23-819x1024.png\" alt=\"\" class=\"wp-image-87164\"  \/><\/p>\n<p>Mais <strong><a href=\"https:\/\/www.instagram.com\/p\/DRPnPARjNGM\/\" target=\"_blank\" rel=\"noreferrer noopener\">Rest in Zik<\/a><\/strong> ne se limite pas \u00e0 la musique. La danse occupe une place centrale avec trois crews qui feront vibrer le Grand-Parc : <strong>JBDC<\/strong>, <strong>Crazy Flow<\/strong> et <strong>Kiff Kidz<\/strong>. Et pour la premi\u00e8re fois, un <strong>battle un contre un breakdance<\/strong> te tiendra en haleine, jug\u00e9 par Bboy Doudou, Bboy Enerji et Ben1style.<\/p>\n<p>Les platines, elles, seront anim\u00e9es par <strong>DJ Idem<\/strong> et <strong>DJ Substanz<\/strong>, garantissant des transitions \u00e9lectriques entre les performances. Et pour marquer le lieu, un graff g\u00e9ant viendra habiller le mur de la piscine, symbole concret de l\u2019ancrage urbain et du d\u00e9sir de laisser une trace durable dans le quartier.<\/p>\n<p><img loading=\"lazy\" decoding=\"async\" width=\"750\" height=\"421\" src=\"https:\/\/www.europesays.com\/fr\/wp-content\/uploads\/2025\/12\/image-20.png\" alt=\"\" class=\"wp-image-87161\" style=\"width:654px;height:auto\"  \/>Avec des pass abordables, Rest in Zik reste authentique, solide et incontournable dans le hip-hop bordelais. \u00a9Shotgun<\/p>\n<p>Avec des <a href=\"https:\/\/shotgun.live\/fr\/festivals\/rest-in-zik-festival\" target=\"_blank\" rel=\"noreferrer noopener\">pass<\/a> \u00e0 <strong>20 euros pour un jour<\/strong> et <strong>30 euros pour deux<\/strong>, Rest in Zik joue la carte de l\u2019authenticit\u00e9 plut\u00f4t que de la d\u00e9mesure. Malgr\u00e9 la concurrence et un march\u00e9 satur\u00e9, le festival avance, solide et confiant, et continue d\u2019affirmer sa place dans le paysage hip-hop bordelais. Cette ann\u00e9e, il est plus resserr\u00e9, plus coh\u00e9rent\u2026 et plus hip-hop que jamais.<\/p>\n<p>\u00c0 lire aussi : <a href=\"https:\/\/www.bougerabordeaux.com\/actu\/gironde-la-maison-des-possibles-lieu-unique-pour-les-familles-extraordinaires-a-besoin-de-vous\/\" target=\"_blank\" rel=\"noreferrer noopener\">Gironde : la Maison des Possibles, lieu unique pour les familles extraordinaires a besoin de vous !<\/a><\/p>\n<p>\t\t<script async src=\"\/\/www.instagram.com\/embed.js\"><\/script><\/p>\n","protected":false},"excerpt":{"rendered":"Tu cherches une dose de hip-hop authentique \u00e0 Bordeaux ? Le festival Rest in Zik revient les 5&hellip;\n","protected":false},"author":2,"featured_media":572781,"comment_status":"","ping_status":"","sticky":false,"template":"","format":"standard","meta":{"footnotes":""},"categories":[2817],"tags":[1111,11,1997,1777,674,1011,27,12,2219,25],"class_list":{"0":"post-572780","1":"post","2":"type-post","3":"status-publish","4":"format-standard","5":"has-post-thumbnail","7":"category-bordeaux","8":"tag-actu","9":"tag-actualites","10":"tag-bordeaux","11":"tag-eu","12":"tag-europe","13":"tag-fr","14":"tag-france","15":"tag-news","16":"tag-nouvelle-aquitaine","17":"tag-republique-francaise"},"share_on_mastodon":{"url":"https:\/\/pubeurope.com\/@fr\/115649153874861076","error":""},"_links":{"self":[{"href":"https:\/\/www.europesays.com\/fr\/wp-json\/wp\/v2\/posts\/572780","targetHints":{"allow":["GET"]}}],"collection":[{"href":"https:\/\/www.europesays.com\/fr\/wp-json\/wp\/v2\/posts"}],"about":[{"href":"https:\/\/www.europesays.com\/fr\/wp-json\/wp\/v2\/types\/post"}],"author":[{"embeddable":true,"href":"https:\/\/www.europesays.com\/fr\/wp-json\/wp\/v2\/users\/2"}],"replies":[{"embeddable":true,"href":"https:\/\/www.europesays.com\/fr\/wp-json\/wp\/v2\/comments?post=572780"}],"version-history":[{"count":0,"href":"https:\/\/www.europesays.com\/fr\/wp-json\/wp\/v2\/posts\/572780\/revisions"}],"wp:featuredmedia":[{"embeddable":true,"href":"https:\/\/www.europesays.com\/fr\/wp-json\/wp\/v2\/media\/572781"}],"wp:attachment":[{"href":"https:\/\/www.europesays.com\/fr\/wp-json\/wp\/v2\/media?parent=572780"}],"wp:term":[{"taxonomy":"category","embeddable":true,"href":"https:\/\/www.europesays.com\/fr\/wp-json\/wp\/v2\/categories?post=572780"},{"taxonomy":"post_tag","embeddable":true,"href":"https:\/\/www.europesays.com\/fr\/wp-json\/wp\/v2\/tags?post=572780"}],"curies":[{"name":"wp","href":"https:\/\/api.w.org\/{rel}","templated":true}]}}