{"id":572782,"date":"2025-12-02T08:59:11","date_gmt":"2025-12-02T08:59:11","guid":{"rendered":"https:\/\/www.europesays.com\/fr\/572782\/"},"modified":"2025-12-02T08:59:11","modified_gmt":"2025-12-02T08:59:11","slug":"dncg-les-girondins-de-bordeaux-face-au-controle-financier-de-mi-saison-ce-mardi","status":"publish","type":"post","link":"https:\/\/www.europesays.com\/fr\/572782\/","title":{"rendered":"DNCG : Les Girondins de Bordeaux face au contr\u00f4le financier de mi-saison ce mardi"},"content":{"rendered":"<p><img decoding=\"async\" src=\"https:\/\/www.europesays.com\/fr\/wp-content\/uploads\/2025\/12\/671_d6487b6e03040edd398f66f9f4c968e9.jpg\" alt=\"DNCG : Les Girondins de Bordeaux face au contr\u00f4le financier de mi-saison ce mardi\" class=\"img-responsive mt-3\"\/><\/p>\n<p class=\"text-center mb-3\" style=\"font-size: 14px\">\u00a9 Iconsport<\/p>\n<p>      <strong>DNCG : les Girondins attendus pour un point d&rsquo;\u00e9tape crucial<\/strong><br \/>\n<strong>Girondins de Bordeaux : Le club face \u00e0 la DNCG ce mardi pour un contr\u00f4le financier de mi-saison<\/strong><\/p>\n<p style=\"text-align: justify;\">C&rsquo;est un rendez-vous annuel incontournable pour les clubs fran\u00e7ais, mais particuli\u00e8rement important pour les Girondins de Bordeaux. Le club au scapulaire se pr\u00e9sentera ce mardi matin (10h30) au si\u00e8ge de la F\u00e9d\u00e9ration fran\u00e7aise de football (FFF) pour un point d&rsquo;\u00e9tape devant la DNCG f\u00e9d\u00e9rale (Direction Nationale du Contr\u00f4le de Gestion) indique <a href=\"https:\/\/www.sudouest.fr\/sport\/football\/girondins-de-bordeaux-ce-qu-il-faut-savoir-avant-le-passage-devant-la-dncg-ce-mardi-26929708.php\" target=\"_blank\" rel=\"noopener\">Sud Ouest<\/a>.<\/p>\n<p style=\"text-align: justify;\">Le directeur g\u00e9n\u00e9ral Arnaud Saint-Andr\u00e9 et le vice-pr\u00e9sident Arnaud De Carli repr\u00e9senteront le FCGB pour cet exercice de mi-saison. G\u00e9rard Lopez, pr\u00e9sident et propri\u00e9taire, sera pr\u00e9sent indique <a href=\"https:\/\/www.lequipe.fr\/\" target=\"_blank\" rel=\"noopener\">L&rsquo;\u00c9quipe<\/a>.<\/p>\n<p><strong>Des chiffres tenus apr\u00e8s les engagements de G\u00e9rard Lopez ?<\/strong><\/p>\n<p style=\"text-align: justify;\">Ce passage devant la commission de contr\u00f4le financier vise \u00e0 pr\u00e9senter le bilan consolid\u00e9 de l&rsquo;exercice pr\u00e9c\u00e9dent et \u00e0 faire le point sur la situation actuelle \u00e0 mi-saison 2025-2026. L&rsquo;objectif principal est de prouver que les engagements pris en juin, lors de la validation du plan de continuation par le tribunal de commerce, sont respect\u00e9s.<\/p>\n<p style=\"text-align: justify;\">\u00c0 l&rsquo;\u00e9poque, l&rsquo;actionnaire et pr\u00e9sident G\u00e9rard Lopez avait notamment provisionn\u00e9 pr\u00e8s de 9 millions d&rsquo;euros sur un compte pour couvrir les premi\u00e8res \u00e9ch\u00e9ances de remboursement de dettes (5,3 M\u20ac) et, surtout, assurer la couverture du d\u00e9ficit pr\u00e9vu pour la saison en cours (3,5 M\u20ac sur un budget pr\u00e9visionnel de 7 M\u20ac).<\/p>\n<p style=\"text-align: justify;\">Selon le club, et le quotidien r\u00e9gional Sud-Ouest, malgr\u00e9 quelques ajustements dans les postes de recettes et de d\u00e9penses, les chiffres annonc\u00e9s devraient \u00eatre tenus.<\/p>\n<p><strong>Quelles sanctions possibles pour les Girondins ?<\/strong><\/p>\n<p style=\"text-align: justify;\">Sauf surprise majeure, la DNCG devrait maintenir l&rsquo;encadrement strict de la masse salariale du FCGB cette saison.<\/p>\n<p style=\"text-align: justify;\">Toutefois, si la commission juge que les engagements pris en juin ne sont pas respect\u00e9s, elle pourrait alourdir les sanctions. Celles-ci peuvent aller de l&rsquo;interdiction de recrutement \u00e0 une sanction de points, voire, dans le cas le plus extr\u00eame et conservatoire, \u00e0 une r\u00e9trogradation.<\/p>\n<p style=\"text-align: justify;\">La semaine derni\u00e8re le <a href=\"https:\/\/www.webgirondins.com\/actualite-girondins-dncg-un-club-de-national-2-sanctionne-de-trois-points-les-girondins-bientot-auditionnes-131279\" target=\"_blank\" rel=\"noopener\">FC Chambly (N2) a \u00e9cop\u00e9 de la part de la DNCG d&rsquo;un retrait de trois points<\/a> comme sanction.<\/p>\n<p style=\"text-align: justify;\">\u00c0\u00a0 lire &gt;&gt; Voir les <strong><a href=\"https:\/\/www.webgirondins.com\/actualite-girondins-coupe-de-france-quels-adversaires-possibles-pour-les-girondins-en-32e-de-finale-131332\" target=\"_blank\" rel=\"noopener\">64 \u00e9quipes qualifi\u00e9es pour les 32e de finale de la Coupe de France<\/a><\/strong><\/p>\n<p style=\"text-align: justify;\">\u00c9coutez dans le podcast court sur l&rsquo;actu des Girondins :<\/p>\n<p>\u00a0<\/p>\n","protected":false},"excerpt":{"rendered":"\u00a9 Iconsport DNCG : les Girondins attendus pour un point d&rsquo;\u00e9tape crucial Girondins de Bordeaux : Le club&hellip;\n","protected":false},"author":2,"featured_media":572783,"comment_status":"","ping_status":"","sticky":false,"template":"","format":"standard","meta":{"footnotes":""},"categories":[2817],"tags":[1111,11,1997,7325,13413,19747,20173,1777,674,2823,16197,1011,27,1987,9778,4659,12,2219,3948,471,11963,25,3242,4568],"class_list":{"0":"post-572782","1":"post","2":"type-post","3":"status-publish","4":"format-standard","5":"has-post-thumbnail","7":"category-bordeaux","8":"tag-actu","9":"tag-actualites","10":"tag-bordeaux","11":"tag-controle","12":"tag-devant","13":"tag-dncg","14":"tag-etape","15":"tag-eu","16":"tag-europe","17":"tag-face","18":"tag-financier","19":"tag-fr","20":"tag-france","21":"tag-girondins","22":"tag-mardi","23":"tag-matin","24":"tag-news","25":"tag-nouvelle-aquitaine","26":"tag-point","27":"tag-pour","28":"tag-rendez","29":"tag-republique-francaise","30":"tag-saison","31":"tag-vous"},"share_on_mastodon":{"url":"https:\/\/pubeurope.com\/@fr\/115649155742757259","error":""},"_links":{"self":[{"href":"https:\/\/www.europesays.com\/fr\/wp-json\/wp\/v2\/posts\/572782","targetHints":{"allow":["GET"]}}],"collection":[{"href":"https:\/\/www.europesays.com\/fr\/wp-json\/wp\/v2\/posts"}],"about":[{"href":"https:\/\/www.europesays.com\/fr\/wp-json\/wp\/v2\/types\/post"}],"author":[{"embeddable":true,"href":"https:\/\/www.europesays.com\/fr\/wp-json\/wp\/v2\/users\/2"}],"replies":[{"embeddable":true,"href":"https:\/\/www.europesays.com\/fr\/wp-json\/wp\/v2\/comments?post=572782"}],"version-history":[{"count":0,"href":"https:\/\/www.europesays.com\/fr\/wp-json\/wp\/v2\/posts\/572782\/revisions"}],"wp:featuredmedia":[{"embeddable":true,"href":"https:\/\/www.europesays.com\/fr\/wp-json\/wp\/v2\/media\/572783"}],"wp:attachment":[{"href":"https:\/\/www.europesays.com\/fr\/wp-json\/wp\/v2\/media?parent=572782"}],"wp:term":[{"taxonomy":"category","embeddable":true,"href":"https:\/\/www.europesays.com\/fr\/wp-json\/wp\/v2\/categories?post=572782"},{"taxonomy":"post_tag","embeddable":true,"href":"https:\/\/www.europesays.com\/fr\/wp-json\/wp\/v2\/tags?post=572782"}],"curies":[{"name":"wp","href":"https:\/\/api.w.org\/{rel}","templated":true}]}}