{"id":572784,"date":"2025-12-02T09:00:18","date_gmt":"2025-12-02T09:00:18","guid":{"rendered":"https:\/\/www.europesays.com\/fr\/572784\/"},"modified":"2025-12-02T09:00:18","modified_gmt":"2025-12-02T09:00:18","slug":"loperation-est-imminente-a-toulouse-un-donneur-enfin-trouve-pour-raphael-atteint-dune-leucemie","status":"publish","type":"post","link":"https:\/\/www.europesays.com\/fr\/572784\/","title":{"rendered":"L\u2019op\u00e9ration est imminente\u00a0: \u00e0 Toulouse, un donneur enfin trouv\u00e9 pour Rapha\u00ebl, atteint d\u2019une leuc\u00e9mie"},"content":{"rendered":"<p class=\"paragraph text_align_left lp-f-body-02\"><a href=\"https:\/\/www.leparisien.fr\/haute-garonne-31\/une-chance-sur-un-million-un-appel-pour-raphael-19-ans-qui-a-besoin-dun-don-de-moelle-osseuse-15-08-2025-HA2CGUTJFVHRDK7UG7O3WEIQ7U.php\" target=\"_self\" rel=\"noopener\">En ao\u00fbt dernier, l\u2019appel de Laurence afin de trouver un donneur \u00e0 son fils Rapha\u00ebl,<\/a> atteint d\u2019une leuc\u00e9mie aigu\u00eb, avait suscit\u00e9 l\u2019\u00e9motion et mobilis\u00e9 le minist\u00e8re des Affaires \u00e9trang\u00e8res. Un peu plus de trois mois plus tard, le jeune Toulousain va recevoir une greffe de moelle osseuse dans les heures qui viennent. \u00ab Elle va se faire ce mardi 2 d\u00e9cembre au soir ou mercredi matin, en fonction de l\u2019arriv\u00e9e du don \u00bb, explique sa m\u00e8re.<\/p>\n<p class=\"paragraph text_align_left lp-f-body-02\">Alors que les chances d\u2019avoir un donneur compatible pour le jeune homme d\u2019origine vietnamienne \u00e9taient infimes, l\u2019Oncopole de Toulouse a trouv\u00e9 dans les fichiers internationaux, il y a un mois environ. \u00ab On venait r\u00e9guli\u00e8rement pour le traitement et l\u2019oncologue nous a annonc\u00e9 que quelqu\u2019un \u00e9tait compatible 8\/10. Ils ont continu\u00e9 \u00e0 chercher parce qu\u2019ils ne savaient pas s\u2019ils allaient faire la greffe avec ce donneur. Il n\u2019y a qu\u2019une dizaine de greffes 8\/10 en France chaque ann\u00e9e \u00bb, raconte Laurence, la voix m\u00ealant impatience, soulagement et inqui\u00e9tude. Dans ce genre de cas, les risques de GVH, une r\u00e9action du greffon contre l\u2019h\u00f4te, sont en effet pr\u00e9sents, ce qui inqui\u00e8te sa famille, sachant que certaines s\u00e9quelles peuvent \u00eatre chroniques.<\/p>\n<p>\u00ab On saura d\u2019ici 5 ans environ s\u2019il est en r\u00e9mission \u00bb<\/p>\n<p class=\"paragraph text_align_left lp-f-body-02\">Entr\u00e9 \u00e0 l\u2019Oncopole il y a une semaine pour une chimioth\u00e9rapie de conditionnement, afin de pr\u00e9parer le corps \u00e0 la r\u00e9ception de cette nouvelle moelle osseuse, Rapha\u00ebl est tr\u00e8s fatigu\u00e9, selon sa m\u00e8re. \u00ab Il a froid, il n\u2019est pas bien. D\u2019habitude, il aime bien aller sur son ordi pour jouer avec ses copains mais l\u00e0, il est mieux dans le lit avec la couverture. Je vais lui ramener un bonnet et des chaussettes \u00bb, t\u00e9moigne Laurence. Plac\u00e9 en environnement st\u00e9rile, l\u2019attente est longue pour le jeune homme qui ne peut voir que ses parents et sa copine. \u00ab Heureusement qu\u2019il y a les r\u00e9seaux sociaux \u00bb, reconna\u00eet sa m\u00e8re.<\/p>\n<p class=\"paragraph text_align_left lp-f-body-02\">S\u2019il tarde au jeune Toulousain que tout cela soit fini, le processus ne fait que commencer. Deux nouvelles sessions de chimioth\u00e9rapie vont se succ\u00e9der, entra\u00eenant une grande fatigue en raison de l\u2019aplasie m\u00e9dullaire. Il faut en effet compter entre 21 et 25 jours pour que la nouvelle moelle reprenne ses fonctions. Une attente dure pour Rapha\u00ebl et sa famille, alors que rien n\u2019est garanti, comme le rappelle Laurence. \u00ab On sait que la greffe peut ne pas fonctionner et on n\u2019est pas s\u00fbr non plus que la nouvelle moelle combatte la maladie. Mais sans cette greffe, Rapha\u00ebl \u00e9tait condamn\u00e9. On saura d\u2019ici 5 ans environ s\u2019il est en r\u00e9mission \u00bb, confie-t-elle, croyant malgr\u00e9 tout en une \u00ab renaissance \u00bb.<\/p>\n<p class=\"paragraph text_align_left lp-f-body-02\">Mais Laurence voit au-del\u00e0 du cas de son fils. \u00ab On a vu la mobilisation, et m\u00eame encore, des gens continuent \u00e0 se mobiliser, \u00e7a fait chaud au c\u0153ur. On nous a dit que les dons avaient explos\u00e9 cet \u00e9t\u00e9. Le fait de mettre un nom et un visage sur un possible don, \u00e7\u2019a aid\u00e9. Mais il ne faut pas que l\u2019\u00e9lan s\u2019arr\u00eate, que les dons continuent, car les besoins sont nombreux. \u00bb<\/p>\n","protected":false},"excerpt":{"rendered":"En ao\u00fbt dernier, l\u2019appel de Laurence afin de trouver un donneur \u00e0 son fils Rapha\u00ebl, atteint d\u2019une leuc\u00e9mie&hellip;\n","protected":false},"author":2,"featured_media":572785,"comment_status":"","ping_status":"","sticky":false,"template":"","format":"standard","meta":{"footnotes":""},"categories":[2816],"tags":[1111,917,11,459,1777,674,1011,27,4623,12,2680,25,104,2312],"class_list":{"0":"post-572784","1":"post","2":"type-post","3":"status-publish","4":"format-standard","5":"has-post-thumbnail","7":"category-toulouse","8":"tag-actu","9":"tag-actu-locale","10":"tag-actualites","11":"tag-departements-horsidfo","12":"tag-eu","13":"tag-europe","14":"tag-fr","15":"tag-france","16":"tag-haute-garonne-31","17":"tag-news","18":"tag-occitanie","19":"tag-republique-francaise","20":"tag-societe","21":"tag-toulouse"},"share_on_mastodon":{"url":"https:\/\/pubeurope.com\/@fr\/115649159037216325","error":""},"_links":{"self":[{"href":"https:\/\/www.europesays.com\/fr\/wp-json\/wp\/v2\/posts\/572784","targetHints":{"allow":["GET"]}}],"collection":[{"href":"https:\/\/www.europesays.com\/fr\/wp-json\/wp\/v2\/posts"}],"about":[{"href":"https:\/\/www.europesays.com\/fr\/wp-json\/wp\/v2\/types\/post"}],"author":[{"embeddable":true,"href":"https:\/\/www.europesays.com\/fr\/wp-json\/wp\/v2\/users\/2"}],"replies":[{"embeddable":true,"href":"https:\/\/www.europesays.com\/fr\/wp-json\/wp\/v2\/comments?post=572784"}],"version-history":[{"count":0,"href":"https:\/\/www.europesays.com\/fr\/wp-json\/wp\/v2\/posts\/572784\/revisions"}],"wp:featuredmedia":[{"embeddable":true,"href":"https:\/\/www.europesays.com\/fr\/wp-json\/wp\/v2\/media\/572785"}],"wp:attachment":[{"href":"https:\/\/www.europesays.com\/fr\/wp-json\/wp\/v2\/media?parent=572784"}],"wp:term":[{"taxonomy":"category","embeddable":true,"href":"https:\/\/www.europesays.com\/fr\/wp-json\/wp\/v2\/categories?post=572784"},{"taxonomy":"post_tag","embeddable":true,"href":"https:\/\/www.europesays.com\/fr\/wp-json\/wp\/v2\/tags?post=572784"}],"curies":[{"name":"wp","href":"https:\/\/api.w.org\/{rel}","templated":true}]}}