{"id":572786,"date":"2025-12-02T09:02:28","date_gmt":"2025-12-02T09:02:28","guid":{"rendered":"https:\/\/www.europesays.com\/fr\/572786\/"},"modified":"2025-12-02T09:02:28","modified_gmt":"2025-12-02T09:02:28","slug":"toutes-les-perturbations-a-venir","status":"publish","type":"post","link":"https:\/\/www.europesays.com\/fr\/572786\/","title":{"rendered":"toutes les perturbations \u00e0 venir"},"content":{"rendered":"<p>                    Par<br \/>\n        <strong><br \/>\n            <a href=\"https:\/\/actu.fr\/auteur\/lea-afonso\" title=\"Consulter tous les articles de L\u00e9a Afonso\" target=\"_blank\" rel=\"noopener\">L\u00e9a Afonso<\/a><br \/>\n                    <\/strong><\/p>\n<p>        Publi\u00e9 le<\/p>\n<p>            2 d\u00e9c. 2025 \u00e0 9h35        <\/p>\n<p>Une nouvelle <strong>journ\u00e9e de mobilisation nationale<\/strong> est pr\u00e9vue ce mardi 2\u00a0d\u00e9cembre 2025. \u00c0 l\u2019<strong>appel de la CGT, de la FSU et de Solidaires,<\/strong> les manifestants sont invit\u00e9s \u00e0 descendre dans la rue pour protester <strong>contre le projet de budget 2026<\/strong> d\u00e9fendu par le Premier ministre, S\u00e9bastien Lecornu. <a href=\"https:\/\/actu.fr\/toulouse\/\" target=\"_blank\" rel=\"noopener\">Toulouse<\/a> figure parmi les villes dans lesquelles les habitants descendront dans la rue.<\/p>\n<p>Une manifestation organis\u00e9e dans la Ville rose<\/p>\n<p class=\" wall-content\">\u00c0<strong> Toulouse, un cort\u00e8ge est programm\u00e9 \u00e0 partir de 14\u00a0heures<\/strong>. Le point de rendez-vous est fix\u00e9 place<strong> Jean-Jaur\u00e8s<\/strong>, avant un d\u00e9part en direction du <strong>quartier de Saint-Cyprien.<\/strong><\/p>\n<p class=\" wall-content\">Le parcours annonc\u00e9 pr\u00e9voit par Arnaud Bernard, puis le boulevard d\u2019H\u00e9racl\u00e8s, avant le passage sur le pont des Catalans. Le cort\u00e8ge rejoindra ensuite la rive gauche pour terminer sa marche \u00e0 Saint-Cyprien. Des perturbations sont \u00e0 anticiper dans tout le centre-ville durant une bonne partie de l\u2019apr\u00e8s-midi.<\/p>\n<p>Des d\u00e9viations pr\u00e9vues sur le r\u00e9seau Tiss\u00e9o<\/p>\n<p class=\" wall-content\">Comme lors de chaque mouvement social, <strong>Tiss\u00e9o<\/strong> met en place un <strong>plan de d\u00e9viation<\/strong> pour plusieurs lignes. \u00c0 partir de 13\u2009h\u200930, la Navette A\u00e9roport sera d\u00e9vi\u00e9e, tout comme les lignes L1, L8, L9, L14, 13, 15, 23, 29, 39, 45, 63, 66 et 70.<\/p>\n<p class=\" wall-content\">Les Navettes Centre-Ville et Bonnefoy seront quant \u00e0 elles suspendues pour la dur\u00e9e de la manifestation. Les usagers sont invit\u00e9s \u00e0 adapter leurs d\u00e9placements en cons\u00e9quence.<\/p>\n<p>Vid\u00e9os : en ce moment sur ActuDes fermetures dans les \u00e9coles et des accueils d\u00e9di\u00e9s<\/p>\n<p class=\" wall-content\">Plusieurs<strong> \u00e9tablissements scolaires publics seront ferm\u00e9s<\/strong> ou fonctionneront avec un personnel r\u00e9duit en raison de la gr\u00e8ve. La mairie de Toulouse a mis en place des<strong> structures d\u2019accueil pour les familles<\/strong> ne pouvant garder leurs enfants\u2009:<\/p>\n<ul class=\" wall-content\">\n<li>Les \u00e9l\u00e8ves de maternelle qui ne peuvent pas \u00eatre accueillis dans leur \u00e9tablissement pourront \u00eatre re\u00e7us \u00e0 l\u2019\u00e9cole maternelle de Patte-d\u2019Oie, situ\u00e9e 87 rue de Cugnaux, de 8\u2009h \u00e0 18h30.<\/li>\n<li>Les \u00e9l\u00e8ves d\u2019\u00e9l\u00e9mentaire auront la possibilit\u00e9 d\u2019\u00eatre accueillis au Centre du Petit Capitole, au 153 avenue de Lardenne, aux m\u00eames horaires.<\/li>\n<\/ul>\n<p>Votre r\u00e9gion, votre actu !<\/p>\n<p>Recevez chaque jour les infos qui comptent pour vous.<\/p>\n<p>\t<a href=\"https:\/\/actu.fr\/newsletter\" class=\"ac-btn ac-btn--corner ac-btn--medium ac-btn--blue800\" target=\"_blank\" rel=\"noopener\">S&rsquo;incrire<\/a><br \/>\nUn trafic ferroviaire partiellement perturb\u00e9<\/p>\n<p class=\" wall-content\">Dans un communiqu\u00e9 publi\u00e9 d\u00e8s le lundi 1er\u00a0d\u00e9cembre, liO Occitanie a annonc\u00e9 que le <strong>trafic ferroviaire<\/strong> serait<strong> perturb\u00e9 dans la r\u00e9gion<\/strong> en raison du mouvement social. Toutefois, plusieurs axes fonctionneront normalement, notamment les liaisons Toulouse \u2013 Agen, Toulouse \u2013 Auch et Toulouse \u2013 Brive.<\/p>\n<p>Peu d\u2019impact attendu \u00e0 l\u2019a\u00e9roport<\/p>\n<p class=\" wall-content\">\u00c0 ce stade,<strong> l\u2019a\u00e9roport de Toulouse-Blagnac n\u2019annonce pas de perturbations<\/strong> particuli\u00e8res. Les vols devraient \u00eatre assur\u00e9s normalement pendant la dur\u00e9e du mouvement.<\/p>\n<p class=\" wall-content\">Personnalisez votre actualit\u00e9 en ajoutant vos villes et m\u00e9dias en favori avec <a href=\"https:\/\/moncompte.actu.fr\" title=\"D\u00e9couvez Mon Actu\" rel=\"nofollow noopener\" data-trk=\"{&quot;cta&quot;:{&quot;action&quot;:&quot;https:\\\/\\\/moncompte.actu.fr&quot;,&quot;category&quot;:&quot;mon compte&quot;,&quot;from&quot;:&quot;article footer&quot;,&quot;name&quot;:&quot;Mon actu&quot;,&quot;type&quot;:&quot;cta&quot;}}\" target=\"_blank\">Mon Actu<\/a>.<\/p>\n","protected":false},"excerpt":{"rendered":"Par L\u00e9a Afonso Publi\u00e9 le 2 d\u00e9c. 2025 \u00e0 9h35 Une nouvelle journ\u00e9e de mobilisation nationale est pr\u00e9vue&hellip;\n","protected":false},"author":2,"featured_media":572787,"comment_status":"","ping_status":"","sticky":false,"template":"","format":"standard","meta":{"footnotes":""},"categories":[2816],"tags":[1111,11,1777,674,1011,27,1272,12,2680,25,104,2312],"class_list":{"0":"post-572786","1":"post","2":"type-post","3":"status-publish","4":"format-standard","5":"has-post-thumbnail","7":"category-toulouse","8":"tag-actu","9":"tag-actualites","10":"tag-eu","11":"tag-europe","12":"tag-fr","13":"tag-france","14":"tag-manifestations","15":"tag-news","16":"tag-occitanie","17":"tag-republique-francaise","18":"tag-societe","19":"tag-toulouse"},"share_on_mastodon":{"url":"https:\/\/pubeurope.com\/@fr\/115649166938089870","error":""},"_links":{"self":[{"href":"https:\/\/www.europesays.com\/fr\/wp-json\/wp\/v2\/posts\/572786","targetHints":{"allow":["GET"]}}],"collection":[{"href":"https:\/\/www.europesays.com\/fr\/wp-json\/wp\/v2\/posts"}],"about":[{"href":"https:\/\/www.europesays.com\/fr\/wp-json\/wp\/v2\/types\/post"}],"author":[{"embeddable":true,"href":"https:\/\/www.europesays.com\/fr\/wp-json\/wp\/v2\/users\/2"}],"replies":[{"embeddable":true,"href":"https:\/\/www.europesays.com\/fr\/wp-json\/wp\/v2\/comments?post=572786"}],"version-history":[{"count":0,"href":"https:\/\/www.europesays.com\/fr\/wp-json\/wp\/v2\/posts\/572786\/revisions"}],"wp:featuredmedia":[{"embeddable":true,"href":"https:\/\/www.europesays.com\/fr\/wp-json\/wp\/v2\/media\/572787"}],"wp:attachment":[{"href":"https:\/\/www.europesays.com\/fr\/wp-json\/wp\/v2\/media?parent=572786"}],"wp:term":[{"taxonomy":"category","embeddable":true,"href":"https:\/\/www.europesays.com\/fr\/wp-json\/wp\/v2\/categories?post=572786"},{"taxonomy":"post_tag","embeddable":true,"href":"https:\/\/www.europesays.com\/fr\/wp-json\/wp\/v2\/tags?post=572786"}],"curies":[{"name":"wp","href":"https:\/\/api.w.org\/{rel}","templated":true}]}}