{"id":572788,"date":"2025-12-02T09:04:12","date_gmt":"2025-12-02T09:04:12","guid":{"rendered":"https:\/\/www.europesays.com\/fr\/572788\/"},"modified":"2025-12-02T09:04:12","modified_gmt":"2025-12-02T09:04:12","slug":"la-ligne-1-du-metro-de-lille-encore-interrompue-ce-mardi-en-raison-du-nouveau-pilote-automatique","status":"publish","type":"post","link":"https:\/\/www.europesays.com\/fr\/572788\/","title":{"rendered":"la ligne 1 du m\u00e9tro de Lille encore interrompue ce mardi en raison du nouveau pilote automatique"},"content":{"rendered":"<p>                    Par<br \/>\n        <strong><br \/>\n            <a href=\"https:\/\/actu.fr\/auteur\/nicolas-demollien\" title=\"Consulter tous les articles de Nicolas Demollien\" target=\"_blank\" rel=\"noopener\">Nicolas Demollien<\/a><br \/>\n                    <\/strong><\/p>\n<p>        Publi\u00e9 le<\/p>\n<p>            2 d\u00e9c. 2025 \u00e0 8h46        <\/p>\n<p>\u00ab\u2009Encore et encore\u2009!\u2009\u00bb pouvait-on entendre dans les stations de <a href=\"https:\/\/actu.fr\/tag\/metro\" target=\"_blank\" rel=\"noopener\">m\u00e9tro<\/a> \u00e0 <a href=\"https:\/\/actu.fr\/hauts-de-france\/lille_59350\" target=\"_blank\" rel=\"noopener\">Lille<\/a> (Nord) ce matin du <b>mardi 2\u00a0d\u00e9cembre 2025<\/b>. La <b>ligne 1 a \u00e9t\u00e9 \u00e0 nouveau interrompue<\/b>, en raison d\u2019un \u00ab<b>\u2009d\u00e9faut sur le pilote automatique<\/b>\u2009\u00bb, a pr\u00e9cis\u00e9 le gestionnaire du r\u00e9seau <a href=\"https:\/\/actu.fr\/tag\/ilevia\" target=\"_blank\" rel=\"noopener\">Il\u00e9via<\/a>.<\/p>\n<p>La ligne 1 du m\u00e9tro Il\u00e9via interrompue entre Lille et Villeneuve-d\u2019Ascq<\/p>\n<p class=\" wall-content\">L\u2019interruption a \u00e9t\u00e9 annonc\u00e9e aux alentours de 8\u2009h\u200920. Ce n\u2019\u00e9tait pas la totalit\u00e9 de la ligne qui est rest\u00e9e inaccessible mais la <b>portion entre R\u00e9publique Beaux-Arts<\/b> et <b><a href=\"https:\/\/actu.fr\/hauts-de-france\/villeneuve-d-ascq_59009\" target=\"_blank\" rel=\"noopener\">Villeneuve-d\u2019Ascq<\/a> H\u00f4tel de Ville<\/b>.<\/p>\n<p class=\" wall-content\">L\u2019entreprise de <a href=\"https:\/\/actu.fr\/tag\/transport\" target=\"_blank\" rel=\"noopener\">transport<\/a> annon\u00e7ait dans un premier temps une <b>reprise du trafic aux alentours de 9\u2009h\u200905<\/b>.<\/p>\n<p class=\" wall-content\">\n<p class=\" wall-content\">Il y avait de quoi se demander si l\u2019horaire serait respect\u00e9. Les derni\u00e8res pannes ont fait perdre la confiance aux usagers face \u00e0 ces annonces.<\/p>\n<p class=\" wall-content\">Fort heureusement, <b>le trafic a repris peu avant 9h.<\/b><\/p>\n<p class=\" wall-content\">Bonne nouvelle pour les personnes coinc\u00e9es dans les rames, qui ont une nouvelle fois partag\u00e9 leur d\u00e9sarroi sur les <a href=\"https:\/\/actu.fr\/tag\/reseaux-sociaux\" target=\"_blank\" rel=\"noopener\">r\u00e9seaux sociaux<\/a>.<\/p>\n<p class=\" wall-content\">Personnalisez votre actualit\u00e9 en ajoutant vos villes et m\u00e9dias en favori avec <a href=\"https:\/\/moncompte.actu.fr\" title=\"D\u00e9couvez Mon Actu\" rel=\"nofollow noopener\" data-trk=\"{&quot;cta&quot;:{&quot;action&quot;:&quot;https:\\\/\\\/moncompte.actu.fr&quot;,&quot;category&quot;:&quot;mon compte&quot;,&quot;from&quot;:&quot;article footer&quot;,&quot;name&quot;:&quot;Mon actu&quot;,&quot;type&quot;:&quot;cta&quot;}}\" target=\"_blank\">Mon Actu<\/a>.<\/p>\n","protected":false},"excerpt":{"rendered":"Par Nicolas Demollien Publi\u00e9 le 2 d\u00e9c. 2025 \u00e0 8h46 \u00ab\u2009Encore et encore\u2009!\u2009\u00bb pouvait-on entendre dans les stations&hellip;\n","protected":false},"author":2,"featured_media":572789,"comment_status":"","ping_status":"","sticky":false,"template":"","format":"standard","meta":{"footnotes":""},"categories":[2815],"tags":[1111,11,1777,674,1011,27,811,4288,1307,4047,12,25,104,2803],"class_list":{"0":"post-572788","1":"post","2":"type-post","3":"status-publish","4":"format-standard","5":"has-post-thumbnail","7":"category-lille","8":"tag-actu","9":"tag-actualites","10":"tag-eu","11":"tag-europe","12":"tag-fr","13":"tag-france","14":"tag-hauts-de-france","15":"tag-ilevia","16":"tag-lille","17":"tag-metro","18":"tag-news","19":"tag-republique-francaise","20":"tag-societe","21":"tag-transport"},"share_on_mastodon":{"url":"https:\/\/pubeurope.com\/@fr\/115649174966992619","error":""},"_links":{"self":[{"href":"https:\/\/www.europesays.com\/fr\/wp-json\/wp\/v2\/posts\/572788","targetHints":{"allow":["GET"]}}],"collection":[{"href":"https:\/\/www.europesays.com\/fr\/wp-json\/wp\/v2\/posts"}],"about":[{"href":"https:\/\/www.europesays.com\/fr\/wp-json\/wp\/v2\/types\/post"}],"author":[{"embeddable":true,"href":"https:\/\/www.europesays.com\/fr\/wp-json\/wp\/v2\/users\/2"}],"replies":[{"embeddable":true,"href":"https:\/\/www.europesays.com\/fr\/wp-json\/wp\/v2\/comments?post=572788"}],"version-history":[{"count":0,"href":"https:\/\/www.europesays.com\/fr\/wp-json\/wp\/v2\/posts\/572788\/revisions"}],"wp:featuredmedia":[{"embeddable":true,"href":"https:\/\/www.europesays.com\/fr\/wp-json\/wp\/v2\/media\/572789"}],"wp:attachment":[{"href":"https:\/\/www.europesays.com\/fr\/wp-json\/wp\/v2\/media?parent=572788"}],"wp:term":[{"taxonomy":"category","embeddable":true,"href":"https:\/\/www.europesays.com\/fr\/wp-json\/wp\/v2\/categories?post=572788"},{"taxonomy":"post_tag","embeddable":true,"href":"https:\/\/www.europesays.com\/fr\/wp-json\/wp\/v2\/tags?post=572788"}],"curies":[{"name":"wp","href":"https:\/\/api.w.org\/{rel}","templated":true}]}}