{"id":572792,"date":"2025-12-02T09:06:14","date_gmt":"2025-12-02T09:06:14","guid":{"rendered":"https:\/\/www.europesays.com\/fr\/572792\/"},"modified":"2025-12-02T09:06:14","modified_gmt":"2025-12-02T09:06:14","slug":"apres-lamour-berengere-krief-sattaque-au-sexe-au-marseille-stand-up-festival","status":"publish","type":"post","link":"https:\/\/www.europesays.com\/fr\/572792\/","title":{"rendered":"Apr\u00e8s l&rsquo;amour, B\u00e9reng\u00e8re Krief s&rsquo;attaque au \u00ab\u00a0Sexe\u00a0\u00bb au Marseille stand-up festival"},"content":{"rendered":"<p>Elle avait commenc\u00e9 l\u2019ann\u00e9e\u00a02025 avec le succ\u00e8s de la saison 2 de Bref., o\u00f9 son r\u00f4le de Marla, alias le \u00ab\u00a0plan-cul r\u00e9gulier\u00a0\u00bb, a bien \u00e9volu\u00e9. Puis <a href=\"https:\/\/www.laprovence.com\/article\/culture-loisirs\/62742476509811\/berengere-krief-wally-dia-verino-notre-selection-des-10-spectacles-a-voir-a-avignon\" target=\"_blank\" rel=\"noopener\">B\u00e9reng\u00e8re Krief<\/a> a retrouv\u00e9 la sc\u00e8ne avec son nouveau spectacle Sexe, dont le rodage puis l\u2019une des toutes premi\u00e8res dates s\u2019\u00e9taient d\u00e9roul\u00e9s \u00e0 Marseille, \u00e0 l\u2019Art D\u00fb et l\u2019Espace Julien. Ce vendredi, l\u2019humoriste retrouve le Sud pour le Marseille stand-up festival, un rendez-vous dont elle est une des t\u00eates d\u2019affiche. Et avant lequel elle s\u2019est confi\u00e9e avec enthousiasme sur sa tourn\u00e9e, qui fera aussi escale \u00e0 Avignon et Aix-en-Provence en\u00a02026.<\/p>\n<p><strong>Le spectacle \u00ab\u00a0Sexe\u00a0\u00bb fait suite \u00e0 \u00ab\u00a0Amour\u00a0\u00bb, est-ce une suite logique ou deux sujets totalement dissoci\u00e9s\u00a0?<\/strong>&#13;\n<\/p>\n<p>C\u2019est tout le sujet du spectacle. Avec Amour, j\u2019ai livr\u00e9 un pan important de ma vie intime. J\u2019avais envie de remonter rapidement sur sc\u00e8ne, tout en me demandant ce que j\u2019allais bien pouvoir raconter d\u2019aussi fort. L\u2019autre sujet qui me passionne, c\u2019est la sexualit\u00e9, m\u00eame si c\u2019est difficile \u00e0 assumer. Je l\u2019avais pos\u00e9 dans un coin depuis longtemps, par manque d\u2019information. Nous sommes tr\u00e8s mal renseign\u00e9s l\u00e0-dessus et comme je suis tr\u00e8s scolaire, j\u2019aime apprendre les choses avant de les faire.<\/p>\n<p><strong>Cependant,<\/strong>&#8230;<\/p>\n","protected":false},"excerpt":{"rendered":"Elle avait commenc\u00e9 l\u2019ann\u00e9e\u00a02025 avec le succ\u00e8s de la saison 2 de Bref., o\u00f9 son r\u00f4le de Marla,&hellip;\n","protected":false},"author":2,"featured_media":572793,"comment_status":"","ping_status":"","sticky":false,"template":"","format":"standard","meta":{"footnotes":""},"categories":[2814],"tags":[17,1111,11,150,68722,251,1777,674,1011,27,68723,27752,884,12,882,25,1005,15436],"class_list":{"0":"post-572792","1":"post","2":"type-post","3":"status-publish","4":"format-standard","5":"has-post-thumbnail","7":"category-marseille","8":"tag-17","9":"tag-actu","10":"tag-actualites","11":"tag-apres","12":"tag-berengere","13":"tag-culture","14":"tag-eu","15":"tag-europe","16":"tag-fr","17":"tag-france","18":"tag-krief","19":"tag-lamour","20":"tag-marseille","21":"tag-news","22":"tag-provence-alpes-cote-dazur","23":"tag-republique-francaise","24":"tag-sattaque","25":"tag-sexe"},"share_on_mastodon":{"url":"https:\/\/pubeurope.com\/@fr\/115649182899087400","error":""},"_links":{"self":[{"href":"https:\/\/www.europesays.com\/fr\/wp-json\/wp\/v2\/posts\/572792","targetHints":{"allow":["GET"]}}],"collection":[{"href":"https:\/\/www.europesays.com\/fr\/wp-json\/wp\/v2\/posts"}],"about":[{"href":"https:\/\/www.europesays.com\/fr\/wp-json\/wp\/v2\/types\/post"}],"author":[{"embeddable":true,"href":"https:\/\/www.europesays.com\/fr\/wp-json\/wp\/v2\/users\/2"}],"replies":[{"embeddable":true,"href":"https:\/\/www.europesays.com\/fr\/wp-json\/wp\/v2\/comments?post=572792"}],"version-history":[{"count":0,"href":"https:\/\/www.europesays.com\/fr\/wp-json\/wp\/v2\/posts\/572792\/revisions"}],"wp:featuredmedia":[{"embeddable":true,"href":"https:\/\/www.europesays.com\/fr\/wp-json\/wp\/v2\/media\/572793"}],"wp:attachment":[{"href":"https:\/\/www.europesays.com\/fr\/wp-json\/wp\/v2\/media?parent=572792"}],"wp:term":[{"taxonomy":"category","embeddable":true,"href":"https:\/\/www.europesays.com\/fr\/wp-json\/wp\/v2\/categories?post=572792"},{"taxonomy":"post_tag","embeddable":true,"href":"https:\/\/www.europesays.com\/fr\/wp-json\/wp\/v2\/tags?post=572792"}],"curies":[{"name":"wp","href":"https:\/\/api.w.org\/{rel}","templated":true}]}}