{"id":572794,"date":"2025-12-02T09:07:12","date_gmt":"2025-12-02T09:07:12","guid":{"rendered":"https:\/\/www.europesays.com\/fr\/572794\/"},"modified":"2025-12-02T09:07:12","modified_gmt":"2025-12-02T09:07:12","slug":"parti-de-marseille-ce-hockeyeur-marnais-traverse-la-france-a-roller-en-30-heures-chrono-pour-le-telethon-ca-va-etre-intense","status":"publish","type":"post","link":"https:\/\/www.europesays.com\/fr\/572794\/","title":{"rendered":"Parti de Marseille, ce hockeyeur Marnais traverse la France \u00e0 roller en 30 heures chrono pour le T\u00e9l\u00e9thon : \u00ab Ca va \u00eatre intense \u00bb"},"content":{"rendered":"<p class=\"paragraph text_align_left lp-f-body-02\">Louis Chaix s\u2019est \u00e9lanc\u00e9, ce matin, de la corniche Kennedy \u00e0 Marseille (Bouches-du-Rh\u00f4ne). C\u2019est parti pour un d\u00e9fi de 30 heures non-stop pour ce joueur des Gaulois, l\u2019\u00e9quipe de hockey sur glace de Ch\u00e2lons-en-Champagne (Marne). Pour cette mission (<a href=\"https:\/\/www.facebook.com\/share\/1DCpRZSu81\/\" target=\"_blank\" rel=\"noreferrer noopener\">qui peut \u00eatre suivie sur sa page Facebook<\/a>) visant \u00e0 r\u00e9colter des dons pour le <a href=\"https:\/\/www.afm-telethon.fr\/fr\/evenement-telethon\" target=\"_blank\" rel=\"noreferrer noopener\">T\u00e9l\u00e9thon<\/a>, il a troqu\u00e9 ses patins contre des rollers. \u00ab Je vais patiner le plus de distance possible jusqu\u2019\u00e0 mercredi 14 heures, et ensuite j\u2019ai le reste de la semaine pour rallier Paris \u00bb, explique le sportif. <\/p>\n<p class=\"paragraph text_align_left lp-f-body-02\">Les plus de 500 km au compteur de cette premi\u00e8re portion devraient lui permettre d\u2019arriver \u00e0 Roanne (Loire), voire m\u00eame un peu plus loin. \u00ab Ca va \u00eatre intense. Je serai bien couvert et la prise au vent risque de me freiner. Je vais essayer de boire et manger tout en patinant. Et je m\u2019arr\u00eaterais juste pour les pauses techniques naturelles \u00bb, r\u00e9sume-t-il.<\/p>\n<p class=\"paragraph text_align_left lp-f-body-02\">Avec une moyenne de vitesse \u00e0 15 km\/h, des pics \u00e0 30 km\/h seront tout de m\u00eame possibles sur certains axes. Louis a pr\u00e9vu de privil\u00e9gier les pistes cyclables et les routes d\u00e9partementales. Mais son d\u00e9fi ne s\u2019arr\u00eatera pas l\u00e0. Apr\u00e8s une pause bien m\u00e9rit\u00e9e, il parcourra les derniers 400 km pour rejoindre le plateau de France T\u00e9l\u00e9visions \u00e0 Paris lors de la grande soir\u00e9e du T\u00e9l\u00e9thon du samedi 6 d\u00e9cembre. <\/p>\n<p>\u00ab Ayant travers\u00e9 la maladie, je ne peux pas rester l\u00e0 sans rien faire \u00bb<\/p>\n<p class=\"paragraph text_align_left lp-f-body-02\">Le jeune homme de 28 ans n\u2019en est pas \u00e0 son coup d\u2019essai. Aux Etats-Unis, durant son cursus universitaire, il avait d\u00e9j\u00e0 relev\u00e9 un d\u00e9fi caritatif en parcourant le pays d\u2019ouest en est, en juin 2022, pour r\u00e9colter des fonds pour la recherche sur <a href=\"https:\/\/www.leparisien.fr\/faits-divers\/aveugle-depuis-lage-de-12-ans-un-jeune-heraultais-retrouve-la-vue-grace-a-un-morceau-de-dent-greffe-dans-son-oeil-19-09-2025-LIRN2ABONBAFRHRIW2CZPD2MDU.php\" target=\"_blank\" rel=\"noreferrer noopener\">le syndrome de Lyell<\/a>. Touch\u00e9 lui-m\u00eame par cette maladie durant son enfance, il a parcouru la distance de Los Angeles \u00e0 New York en 45 jours. Il a ensuite entam\u00e9 sa carri\u00e8re professionnelle en Europe. <\/p>\n<p class=\"paragraph text_align_left lp-f-body-02\">\u00ab Ayant travers\u00e9 la maladie, je ne peux pas rester l\u00e0 sans rien faire \u00bb, rel\u00e8ve Louis Chaix. \u00ab J\u2019ai surv\u00e9cu de mani\u00e8re assez miraculeuse et je me sens redevable. J\u2019avais envie d\u2019un nouveau d\u00e9fi pour apporter du soutien \u00e0 ceux qui en ont besoin. \u00bb <\/p>\n<p class=\"paragraph text_align_left lp-f-body-02\">Dans son p\u00e9riple, le hockeyeur marnais sera suivi par une \u00e9quipe de 10 personnes dont un m\u00e9decin, un r\u00e9alisateur et trois cadreurs, car cet exploit va faire l\u2019objet d\u2019un documentaire. Deux vans am\u00e9nag\u00e9s et un pick-up sigl\u00e9 du nom du d\u00e9fi des 30 heures accompagneront Louis sur les routes de France. En cas de bris de mat\u00e9riel, l\u2019\u00e9quipe sera aussi l\u00e0 pour donner un coup de main. <\/p>\n<p class=\"paragraph text_align_left lp-f-body-02\">\u00ab Derri\u00e8re moi, je sais qu\u2019il y a aussi toute la ville de Ch\u00e2lons-en-Champagne, et mon club qui s\u2019est mobilis\u00e9 pour trouver des sponsors pour r\u00e9aliser cette aventure et lever des fonds pour les maladies rares \u00bb, souligne-t-il. Rendez-vous samedi prochain \u00e0 Paris, o\u00f9 Louis Chaix est attendu par les \u00e9quipes du T\u00e9l\u00e9thon.<\/p>\n","protected":false},"excerpt":{"rendered":"Louis Chaix s\u2019est \u00e9lanc\u00e9, ce matin, de la corniche Kennedy \u00e0 Marseille (Bouches-du-Rh\u00f4ne). C\u2019est parti pour un d\u00e9fi&hellip;\n","protected":false},"author":2,"featured_media":572795,"comment_status":"","ping_status":"","sticky":false,"template":"","format":"standard","meta":{"footnotes":""},"categories":[2814],"tags":[1111,11,459,1777,674,1011,27,4756,884,12,882,25,60],"class_list":{"0":"post-572794","1":"post","2":"type-post","3":"status-publish","4":"format-standard","5":"has-post-thumbnail","7":"category-marseille","8":"tag-actu","9":"tag-actualites","10":"tag-departements-horsidfo","11":"tag-eu","12":"tag-europe","13":"tag-fr","14":"tag-france","15":"tag-marne-51","16":"tag-marseille","17":"tag-news","18":"tag-provence-alpes-cote-dazur","19":"tag-republique-francaise","20":"tag-sports"},"share_on_mastodon":{"url":"https:\/\/pubeurope.com\/@fr\/115649186706608100","error":""},"_links":{"self":[{"href":"https:\/\/www.europesays.com\/fr\/wp-json\/wp\/v2\/posts\/572794","targetHints":{"allow":["GET"]}}],"collection":[{"href":"https:\/\/www.europesays.com\/fr\/wp-json\/wp\/v2\/posts"}],"about":[{"href":"https:\/\/www.europesays.com\/fr\/wp-json\/wp\/v2\/types\/post"}],"author":[{"embeddable":true,"href":"https:\/\/www.europesays.com\/fr\/wp-json\/wp\/v2\/users\/2"}],"replies":[{"embeddable":true,"href":"https:\/\/www.europesays.com\/fr\/wp-json\/wp\/v2\/comments?post=572794"}],"version-history":[{"count":0,"href":"https:\/\/www.europesays.com\/fr\/wp-json\/wp\/v2\/posts\/572794\/revisions"}],"wp:featuredmedia":[{"embeddable":true,"href":"https:\/\/www.europesays.com\/fr\/wp-json\/wp\/v2\/media\/572795"}],"wp:attachment":[{"href":"https:\/\/www.europesays.com\/fr\/wp-json\/wp\/v2\/media?parent=572794"}],"wp:term":[{"taxonomy":"category","embeddable":true,"href":"https:\/\/www.europesays.com\/fr\/wp-json\/wp\/v2\/categories?post=572794"},{"taxonomy":"post_tag","embeddable":true,"href":"https:\/\/www.europesays.com\/fr\/wp-json\/wp\/v2\/tags?post=572794"}],"curies":[{"name":"wp","href":"https:\/\/api.w.org\/{rel}","templated":true}]}}