{"id":572796,"date":"2025-12-02T09:08:13","date_gmt":"2025-12-02T09:08:13","guid":{"rendered":"https:\/\/www.europesays.com\/fr\/572796\/"},"modified":"2025-12-02T09:08:13","modified_gmt":"2025-12-02T09:08:13","slug":"un-francais-decroche-le-titre-de-champion-du-monde-2025-de-pate-croute-a-lyon","status":"publish","type":"post","link":"https:\/\/www.europesays.com\/fr\/572796\/","title":{"rendered":"Un Fran\u00e7ais d\u00e9croche le titre de champion du monde 2025 de p\u00e2t\u00e9-cro\u00fbte \u00e0 Lyon"},"content":{"rendered":"<p itemprop=\"description\"><strong>Il a ramen\u00e9 la coupe \u00e0 la maison.<\/strong><\/p>\n<p>Le championnat du monde de p\u00e2t\u00e9-cro\u00fbte 2025 se d\u00e9roulait ce lundi du c\u00f4t\u00e9 de la Sucri\u00e8re dans le quartier de Confluence dans le 2e arrondissement de Lyon.\u00a0<\/p>\n<p>Ils \u00e9taient seize candidats \u00e0 vouloir d\u00e9crocher le titre sous les yeux d\u2019un jury, notamment compos\u00e9 des chefs <strong>R\u00e9gis<\/strong> et <strong>Paul Marcon<\/strong>. C\u2019est finalement <strong>Thibault Gonzales<\/strong> qui s\u2019est impos\u00e9 lors de l\u2019\u00e9preuve avec son \u00ab\u00a0P\u00e2t\u00e9-Cro\u00fbte fa\u00e7on Vannier, porc Kintoa, canard fermier\u00a0\u00bb. Ce chef charcutier dans les Pyr\u00e9n\u00e9es-Orientales a aussi d\u00e9croch\u00e9 au passage le Prix de la Confr\u00e9rie.\u00a0<\/p>\n<blockquote class=\"instagram-media\" style=\"background: #FFF; border: 0; border-radius: 3px; box-shadow: 0 0 1px 0 rgba(0,0,0,0.5),0 1px 10px 0 rgba(0,0,0,0.15); margin: 1px; max-width: 540px; min-width: 326px; padding: 0; width: calc(100% - 2px);\" data-instgrm-captioned=\"\" data-instgrm-permalink=\"https:\/\/www.instagram.com\/p\/DRvA52nCnx2\/?utm_source=ig_embed&amp;utm_campaign=loading\" data-instgrm-version=\"14\"><p>&#13;<br \/>\n&#13;\n<\/p><\/blockquote>\n<p>La France retrouve ainsi son titre de championne du monde de p\u00e2t\u00e9-cro\u00fbte d\u00e9tenu depuis 2019 par le Japon. A noter que le 2e prix a \u00e9t\u00e9 d\u00e9cern\u00e9 au fran\u00e7ais <strong>Jonathan Dudek<\/strong> pour son p\u00e2t\u00e9-cro\u00fbte baptis\u00e9 \u00ab\u00a0On a pouss\u00e9 m\u00e9m\u00e9 dans le r\u00f4ti\u00a0\u00bb tandis que la 3e place est revenue au japonais <strong>Seigo Ishimoto<\/strong> pour son \u00ab\u00a0p\u00e2t\u00e9-cro\u00fbte du chasseur\u00a0\u00bb.<\/p>\n<blockquote class=\"instagram-media\" style=\"background: #FFF; border: 0; border-radius: 3px; box-shadow: 0 0 1px 0 rgba(0,0,0,0.5),0 1px 10px 0 rgba(0,0,0,0.15); margin: 1px; max-width: 540px; min-width: 326px; padding: 0; width: calc(100% - 2px);\" data-instgrm-captioned=\"\" data-instgrm-permalink=\"https:\/\/www.instagram.com\/reel\/DRv9nG3lyVL\/?utm_source=ig_embed&amp;utm_campaign=loading\" data-instgrm-version=\"14\"><p>&#13;<br \/>\n&#13;\n<\/p><\/blockquote>\n<p>\t\t  <script async src=\"\/\/www.instagram.com\/embed.js\"><\/script><\/p>\n","protected":false},"excerpt":{"rendered":"Il a ramen\u00e9 la coupe \u00e0 la maison. Le championnat du monde de p\u00e2t\u00e9-cro\u00fbte 2025 se d\u00e9roulait ce&hellip;\n","protected":false},"author":2,"featured_media":572797,"comment_status":"","ping_status":"","sticky":false,"template":"","format":"standard","meta":{"footnotes":""},"categories":[1889],"tags":[1111,11,2813,2190,2430,1109,251,1112,2811,1777,674,118,1011,27,1922,1110,1114,2428,2810,12,241,316,25,2812,517,800],"class_list":{"0":"post-572796","1":"post","2":"type-post","3":"status-publish","4":"format-standard","5":"has-post-thumbnail","7":"category-lyon","8":"tag-actu","9":"tag-actualites","10":"tag-article","11":"tag-asvel","12":"tag-auvergne-rhone-alpes","13":"tag-breves","14":"tag-culture","15":"tag-depeches","16":"tag-economique","17":"tag-eu","18":"tag-europe","19":"tag-faits-divers","20":"tag-fr","21":"tag-france","22":"tag-info","23":"tag-informations","24":"tag-infos","25":"tag-lyon","26":"tag-lyonmag","27":"tag-news","28":"tag-ol","29":"tag-politique","30":"tag-republique-francaise","31":"tag-sociale","32":"tag-sport","33":"tag-transports"},"share_on_mastodon":{"url":"https:\/\/pubeurope.com\/@fr\/115649190621688986","error":""},"_links":{"self":[{"href":"https:\/\/www.europesays.com\/fr\/wp-json\/wp\/v2\/posts\/572796","targetHints":{"allow":["GET"]}}],"collection":[{"href":"https:\/\/www.europesays.com\/fr\/wp-json\/wp\/v2\/posts"}],"about":[{"href":"https:\/\/www.europesays.com\/fr\/wp-json\/wp\/v2\/types\/post"}],"author":[{"embeddable":true,"href":"https:\/\/www.europesays.com\/fr\/wp-json\/wp\/v2\/users\/2"}],"replies":[{"embeddable":true,"href":"https:\/\/www.europesays.com\/fr\/wp-json\/wp\/v2\/comments?post=572796"}],"version-history":[{"count":0,"href":"https:\/\/www.europesays.com\/fr\/wp-json\/wp\/v2\/posts\/572796\/revisions"}],"wp:featuredmedia":[{"embeddable":true,"href":"https:\/\/www.europesays.com\/fr\/wp-json\/wp\/v2\/media\/572797"}],"wp:attachment":[{"href":"https:\/\/www.europesays.com\/fr\/wp-json\/wp\/v2\/media?parent=572796"}],"wp:term":[{"taxonomy":"category","embeddable":true,"href":"https:\/\/www.europesays.com\/fr\/wp-json\/wp\/v2\/categories?post=572796"},{"taxonomy":"post_tag","embeddable":true,"href":"https:\/\/www.europesays.com\/fr\/wp-json\/wp\/v2\/tags?post=572796"}],"curies":[{"name":"wp","href":"https:\/\/api.w.org\/{rel}","templated":true}]}}