{"id":572838,"date":"2025-12-02T09:38:21","date_gmt":"2025-12-02T09:38:21","guid":{"rendered":"https:\/\/www.europesays.com\/fr\/572838\/"},"modified":"2025-12-02T09:38:21","modified_gmt":"2025-12-02T09:38:21","slug":"claire-face-a-linevitable-helene-craque-en-prison-son-corps-lache-un-si-grand-soleil-16-decembre-2025-episode-1815-resume-complet-usgs","status":"publish","type":"post","link":"https:\/\/www.europesays.com\/fr\/572838\/","title":{"rendered":"Claire face \u00e0 l&rsquo;in\u00e9vitable : H\u00e9l\u00e8ne craque en prison, son corps l\u00e2che &#8211; Un si grand soleil 16 d\u00e9cembre 2025 (\u00e9pisode 1815 &#8211; r\u00e9sum\u00e9 complet USGS)"},"content":{"rendered":"<p>\tD\u00e9couvrez le r\u00e9sum\u00e9 complet d\u2019Un si grand soleil en avance avec l\u2019\u00e9pisode 1815 du mardi 16 d\u00e9cembre 2025 de France 3. Claire (M\u00e9lanie Maudran) avait vu les signes : H\u00e9l\u00e8ne fait un malaise, le cauchemar commence.  #UnSiGrandSoleil en avance avec Nouveaut\u00e9s T\u00e9l\u00e9.<br \/>\n<img fetchpriority=\"high\" decoding=\"async\" aria-describedby=\"caption-attachment-330313\" src=\"https:\/\/www.europesays.com\/fr\/wp-content\/uploads\/2025\/12\/soleil-home-1815.jpg\" alt=\"claire et helene itc \" width=\"1280\" height=\"720\" class=\"size-full wp-image-330313\"  \/><\/p>\n<p id=\"caption-attachment-330313\" class=\"wp-caption-text\">Claire (M\u00e9lanie Maudran) d\u00e9couvre H\u00e9l\u00e8ne au plus mal<\/p>\n<p>Retrouvez le r\u00e9sum\u00e9 int\u00e9gral d\u2019<strong> Un si grand soleil \u00e9pisode 1815 saison 8<\/strong> en diffusion sur France 3 du mardi 16 d\u00e9cembre 2025 \u00e0 20H40 (<strong><a href=\"https:\/\/www.nouveautes-tele.com\/86457-grand-soleil-le-guide-complet-du-feuilleton-france-2-rentree-2018.html\" target=\"_blank\" rel=\"noopener\">voir les r\u00e9sum\u00e9s en avance d\u2019Un si grand soleil<\/a> <\/strong> archiv\u00e9s par semaine) <\/p>\n<p>Vous pouvez lire le r\u00e9sum\u00e9 complet de l\u2019\u00e9pisode pr\u00e9c\u00e9dent <a href=\"https:\/\/www.nouveautes-tele.com\/330053-helene-desesperee-entre-refus-de-remise-de-peine-et-drogue-a-son-insu-un-si-grand-soleil-15-decembre-2025-episode-1814-resume-complet-usgs.html\" target=\"_blank\" rel=\"noopener\">Un si grand soleil \u00e9pisode 1814<\/a> est en ligne. <\/p>\n<p>\ud83d\udccc Quels sont les temps forts de l\u2019\u00e9pisode 1815 d\u2019Un si grand soleil en avance du 16 d\u00e9cembre 2025 (France 3) ? Ce qu\u2019il faut retenir<\/p>\n<ul>\n<li><strong>Claire en mission vaccination<\/strong> en prison retrouve H\u00e9l\u00e8ne, qui a une tension basse et des vertiges inqui\u00e9tants<\/li>\n<li><strong>H\u00e9l\u00e8ne d\u00e9sesp\u00e9r\u00e9e<\/strong> apr\u00e8s le refus de sa remise de peine, elle a l\u2019impression qu\u2019elle ne sortira jamais<\/li>\n<li><strong>Charlotte vit un coup de foudre<\/strong> avec Sacha, 27 ans, mais cache cette relation \u00e0 ses parents \u00e0 cause de l\u2019\u00e2ge<\/li>\n<li><strong>Noura harc\u00e8le Charlotte<\/strong> avec des insultes dans les toilettes du lyc\u00e9e, Pablo trouve qu\u2019elle va trop loin<\/li>\n<li><strong>H\u00e9l\u00e8ne perd connaissance<\/strong> dans sa cellule et sa co-d\u00e9tenue ne r\u00e9agit pas pour appeler les secours<\/li>\n<\/ul>\n<p><\/p>\n<p>Tout ce qu\u2019il faut savoir sur l\u2019\u00e9pisode 1815 d\u2019Un si grand soleil du 16 d\u00e9cembre 2025 \u00e0 20H40 : tous les spoilers cl\u00e9s des intrigues du jour.<\/p>\n<p>Un si grand soleil en avance : H\u00e9l\u00e8ne est dans un sale \u00e9tat<br \/>\n<img loading=\"lazy\" decoding=\"async\" aria-describedby=\"caption-attachment-330311\" src=\"data:image\/svg+xml,%3Csvg%20xmlns=\" http:=\"\" alt=\"helene et claire itc \" width=\"1200\" height=\"671\" class=\"size-full wp-image-330311\" data-lazy- data-lazy- data-lazy-src=\"https:\/\/www.europesays.com\/fr\/wp-content\/uploads\/2025\/12\/grand-soleil-1815fvvvfa.jpg\"\/><\/p>\n<p id=\"caption-attachment-330311\" class=\"wp-caption-text\">H\u00e9l\u00e8ne se confie un peu \u00e0 Claire<\/p>\n<p><strong>Claire d\u00e9marre sa mission en maison d\u2019arr\u00eat<\/strong> pour la campagne de vaccination. On lui donne un t\u00e9l\u00e9phone pour les urgences si elle a un souci avec des d\u00e9tenues. Parmi les prisonni\u00e8res du jour qu\u2019elle re\u00e7oit, il y a H\u00e9l\u00e8ne. Elles se serrent dans les bras. Claire lui dit qu\u2019elle est contente de la voir.<\/p>\n<p>Claire fait un check-up \u00e0 H\u00e9l\u00e8ne et elle aimerait qu\u2019elle lui parle de comment \u00e7a se passe en prison. <strong>H\u00e9l\u00e8ne a une tension basse \u00e0 9,6<\/strong>, elle avoue qu\u2019elle a un peu la t\u00eate qui tourne de temps en temps.<\/p>\n<p><strong>H\u00e9l\u00e8ne a l\u2019impression qu\u2019elle ne sortira jamais de prison<\/strong> et qu\u2019il n\u2019y a pas d\u2019issue suite au refus de sa remise de peine. Claire lui dit que \u00e7a va passer, c\u2019est juste un passage \u00e0 vide. Elle doit garder espoir.<\/p>\n<p><img loading=\"lazy\" decoding=\"async\" aria-describedby=\"caption-attachment-330307\" src=\"data:image\/svg+xml,%3Csvg%20xmlns=\" http:=\"\" alt=\"sacha et charlotte itc \" width=\"1200\" height=\"614\" class=\"size-full wp-image-330307\" data-lazy- data-lazy- data-lazy-src=\"https:\/\/www.europesays.com\/fr\/wp-content\/uploads\/2025\/12\/grand-soleil-1815fvrvfa.jpg\"\/><\/p>\n<p id=\"caption-attachment-330307\" class=\"wp-caption-text\">Sacha et Charlotte\u2026 trop beau pour \u00eatre vraie ce d\u00e9but de romance ,<\/p>\n<p style=\"margin:0; font-size:18px;\">\ud83d\udce8 <strong>Ne manquez plus rien de vos s\u00e9ries pr\u00e9f\u00e9r\u00e9es !<\/strong><\/p>\n<p style=\"margin:8px 0 16px 0;\">Abonnez-vous \u00e0 notre \ud83d\udea8 <strong>newsletter \u00ab\u00a0Alerte S\u00e9ries\u00a0\u00bb<\/strong> d\u00e8s la publication d\u2019un nouvel article afin de recevoir les actus <strong>Nouveaut\u00e9s-T\u00e9l\u00e9<\/strong> en direct !<\/p>\n<p><\/p>\n<p>  <a href=\"https:\/\/www.nouveautes-tele.com\/alerte-nouvel-article-notification-mail\" target=\"_blank\" style=\"background-color:#00b4d8; color:#ffffff; padding:10px 26px; border-radius:6px; text-decoration:none; font-weight:bold; display:inline-flex; align-items:center; justify-content:center; font-size:16px; line-height:1; vertical-align:middle;\" rel=\"noopener\">&#13;<br \/>\n     \u2709\ufe0f Je m\u2019abonne \u00e0 la newsletter&#13;<br \/>\n  <\/a><br \/>\n&#13;<\/p>\n<p>Charlotte \u00e9coute du classique d\u00e9sormais depuis son op\u00e9ra avec Sacha. Sohan est choqu\u00e9 que sa fille \u00e9coute de l\u2019op\u00e9ra. <strong>Charlotte a retrouv\u00e9 le sourire<\/strong>, elle compte voir Sacha. \u00c0 son p\u00e8re, elle dit qu\u2019elle doit travailler avec Salom\u00e9.<br \/>Sacha pr\u00e9sente son projet \u00e0 Boris et Muriel : il propose une campagne de pub pour le nouveau produit L.Cosm\u00e9tiques. Muriel le remercie pour son travail, elle juge \u00e7a tr\u00e8s prometteur.<\/p>\n<p><img loading=\"lazy\" decoding=\"async\" aria-describedby=\"caption-attachment-330305\" src=\"data:image\/svg+xml,%3Csvg%20xmlns=\" http:=\"\" alt=\" Claire et H\u00e9l\u00e8ne un si grand soleil \" width=\"1200\" height=\"633\" class=\"size-full wp-image-330305\" data-lazy- data-lazy- data-lazy-src=\"https:\/\/www.europesays.com\/fr\/wp-content\/uploads\/2025\/12\/grand-soleil-1815fva.jpg\"\/><\/p>\n<p id=\"caption-attachment-330305\" class=\"wp-caption-text\">Claire et H\u00e9l\u00e8ne se serrent dans les bras<\/p>\n<p>Un si grand soleil 16 d\u00e9cembre 2025 : Sacha et Charlotte sur un petit nuage<br \/>\n<br \/>Sacha a 27 ans, il est directeur de communication. Charlotte explique \u00e0 Salom\u00e9 que <strong>c\u2019est un coup de foudre<\/strong>. Elle dit qu\u2019elle n\u2019a rien dit \u00e0 ses parents \u00e0 cause de la diff\u00e9rence d\u2019\u00e2ge.<br \/><img loading=\"lazy\" decoding=\"async\" aria-describedby=\"caption-attachment-330301\" src=\"data:image\/svg+xml,%3Csvg%20xmlns=\" http:=\"\" alt=\"sacha un si grand soleil \" width=\"1200\" height=\"621\" class=\"size-full wp-image-330301\" data-lazy- data-lazy- data-lazy-src=\"https:\/\/www.europesays.com\/fr\/wp-content\/uploads\/2025\/12\/grand-soleil-1815fa.jpg\"\/><\/p>\n<p id=\"caption-attachment-330301\" class=\"wp-caption-text\">Sacha va bosser pour L.Cosm\u00e9tiques peut \u00eatre pour une campagne pub<\/p>\n<p>Il y a <strong>des insultes sur Charlotte dans les toilettes<\/strong>, elle accuse Noura. Salom\u00e9 pense qu\u2019elle ne doit pas la calculer, elle n\u2019en vaut pas la peine. Pablo a l\u2019impression que <strong>Noura fait du harc\u00e8lement envers Charlotte<\/strong>. Pablo estime qu\u2019elle va trop loin.<br \/>Kira propose \u00e0 Paloma d\u2019interviewer Claire qui d\u00e9marre sa mission en prison. Claire accepte avec plaisir.<br \/><img loading=\"lazy\" decoding=\"async\" aria-describedby=\"caption-attachment-330299\" src=\"data:image\/svg+xml,%3Csvg%20xmlns=\" http:=\"\" alt=\"claire itc \" width=\"1200\" height=\"708\" class=\"size-full wp-image-330299\" data-lazy- data-lazy- data-lazy-src=\"https:\/\/www.europesays.com\/fr\/wp-content\/uploads\/2025\/12\/grand-soleil-1815da.jpg\"\/><\/p>\n<p id=\"caption-attachment-330299\" class=\"wp-caption-text\">Claire d\u00e9marre sa mission en prison<\/p>\n<p>En sortant de prison, <strong>Claire appelle Florent pour lui dire qu\u2019elle ne trouve pas H\u00e9l\u00e8ne bien<\/strong>. Florent va faire appel, mais il n\u2019y croit pas : \u00e0 la base, elle est condamn\u00e9e \u00e0 8 ans de prison.<br \/>Sacha dit \u00e0 Charlotte qu\u2019il la trouve hyper mature pour son \u00e2ge, il juge \u00e7a d\u00e9concertant. Il l\u2019emm\u00e8ne dans un super spot o\u00f9 ils dominent la mer. <strong>Sacha lui dit qu\u2019il n\u2019a jamais emmen\u00e9 personne \u00e0 cet endroit<\/strong>. Est-il sinc\u00e8re ? Ils s\u2019embrassent.<br \/>H\u00e9l\u00e8ne dit \u00e0 sa co-d\u00e9tenue qu\u2019elle n\u2019a pas faim. <strong>Elle la voit flou et perd connaissance<\/strong>. La co-d\u00e9tenue n\u2019appelle pas les secours en urgence, elle dit juste \u00ab\u00a0merde\u00a0\u00bb.<br \/>\n<img loading=\"lazy\" decoding=\"async\" aria-describedby=\"caption-attachment-330295\" src=\"data:image\/svg+xml,%3Csvg%20xmlns=\" http:=\"\" alt=\"charlotte un si grand soleil \" width=\"1200\" height=\"606\" class=\"size-full wp-image-330295\" data-lazy- data-lazy- data-lazy-src=\"https:\/\/www.europesays.com\/fr\/wp-content\/uploads\/2025\/12\/grand-soleil-1815ba.jpg\"\/><\/p>\n<p id=\"caption-attachment-330295\" class=\"wp-caption-text\">Charlotte est sur un nuage avec Sacha<\/p>\n<p>&#13;<br \/>\n<br \/>Que pensez-vous du nouvel \u00e9pisode d\u2019Un si grand soleil ? R\u00e9agissez en commentaire sur le <a href=\"https:\/\/www.nouveautes-tele.com\/125636-forum-un-si-grand-soleil-france-2-vos-avis-sur-la-serie-quotidienne.html\" target=\"_blank\" rel=\"noopener\"><strong>forum Un si grand soleil <\/strong><\/a>!<\/p>\n<p> \ud83d\udd1c Restez connect\u00e9s ! Le <strong>r\u00e9sum\u00e9 Un si grand soleil 17 d\u00e9cembre 2025<\/strong> avec l\u2019\u00e9pisode 1816 arrive tr\u00e8s vite sur Nouveaut\u00e9s T\u00e9l\u00e9.<\/p>\n<p>&#13;<br \/>\n&#13;<\/p>\n<p>  &#13;<br \/>\n&#13;<\/p>\n<p> \u00a0 \u00a0\ud83d\udcfa Un si grand soleil &#8211; Intrigue \u00ab\u00a0H\u00e9l\u00e8ne Dambreville en prison\u00a0\u00bb<br \/>\n    &#13;<\/p>\n<tr>&#13;<br \/>\n            \ud83d\udcc5 Date&#13;<br \/>\n            \ud83c\udfac \u00c9pisode&#13;<br \/>\n            \ud83d\udd25 Point Cl\u00e9&#13;<br \/>\n        <\/tr>\n<p>&#13;<br \/>\n      &#13;<\/p>\n<tr>&#13;<br \/>\n \u00a0 \u00a0 \u00a0 \u00a0 \u00a0 \u00a0<\/p>\n<td> 15 d\u00e9cembre 2025<\/td>\n<p>&#13;<\/p>\n<td><a href=\"https:\/\/www.nouveautes-tele.com\/330053-helene-desesperee-entre-refus-de-remise-de-peine-et-drogue-a-son-insu-un-si-grand-soleil-15-decembre-2025-episode-1814-resume-complet-usgs.html\" target=\"_blank\" rel=\"noopener\"><strong>1814<\/strong><\/a><\/td>\n<p>&#13;<br \/>\n \u00a0 \u00a0 \u00a0 \u00a0 \u00a0 \u00a0<\/p>\n<td>H\u00e9l\u00e8ne a un refus de remise de peine <\/td>\n<p>&#13;<br \/>\n        <\/tr>\n<p>&#13;<br \/>\n&#13;<\/p>\n<p>=&gt; Regardez chaque jour les <strong><a href=\"https:\/\/www.nouveautes-tele.com\/87294-audience-feuilleton-france2-grand-soleil-soap.html\" target=\"_blank\" rel=\"noopener\">audiences Un si grand soleil<\/a><\/strong> chaque soir sur France 3 en pr\u00e9-prime time ! Retrouvez le casting avec la <strong><a href=\"https:\/\/www.nouveautes-tele.com\/78808-casting-grand-soleil-france-2-quels-acteurs-pour-la-serie-quotidienne.html\" target=\"_blank\" rel=\"noopener\">liste des acteurs Un si grand soleil<\/a><\/strong> qui apparaissent dans la s\u00e9rie.<\/p>\n<p>Fan d\u2019Un si grand soleil ? les s\u00e9ries \u00e0 ne pas manquer <\/p>\n<p>Si vous suivez Un si grand soleil, vous allez adorer ces autres feuilletons fran\u00e7ais au quotidien :  <a href=\"https:\/\/www.nouveautes-tele.com\/118986-nouveau-feuilleton-sur-tf1.html\" target=\"_blank\" rel=\"noopener\"><strong>Ici tout commence<\/strong><\/a> \u00e0 18H30 avec Benjamin Baroche et <a href=\"https:\/\/www.nouveautes-tele.com\/62784-resume-demain-nous-appartient-tf1-en-avance-spoilers-devoiles.html\" target=\"_blank\" rel=\"noopener\"><strong>Demain nous appartient<\/strong> <\/a>avec Alexandre Brasseur \u00e0 19h10.  La s\u00e9rie <a href=\"https:\/\/www.nouveautes-tele.com\/38439-plus-belle-la-vie-le-guide-des-resumes-et-spoilers.html\" target=\"_blank\" rel=\"noopener\"><strong>Plus belle la vie sur TF1<\/strong><\/a>  \u00e0 14h avec les acteurs embl\u00e9matiques du mistral pour une vie encore plus belle.<\/p>\n<p>                          <img loading=\"lazy\" decoding=\"async\" width=\"512\" height=\"512\" src=\"data:image\/svg+xml,%3Csvg%20xmlns=\" http:=\"\" alt=\"Logo de Nouveaut\u00e9 t\u00e9l\u00e9\" data-lazy-src=\"https:\/\/www.europesays.com\/fr\/wp-content\/uploads\/2025\/06\/nt-logo.png\"\/><\/p>\n<p>\t\t\t  Isabelle Corteilles<\/p>\n<p>Titou, fondatrice de Nouveaut\u00e9s T\u00e9l\u00e9 en 2014, passionn\u00e9e de m\u00e9dias et incollable sur l\u2019actualit\u00e9 des s\u00e9ries t\u00e9l\u00e9. De la g\u00e9n\u00e9ration Dawson\u2019s Creek et Sous le Soleil, je navigue aujourd\u2019hui entre le Spoon de DNA, les marais salants d\u2019ITC, le Mistral de PBLV et les Sauvages d\u2019Un Si Grand Soleil, pour ne rien rater des derni\u00e8res intrigues et des indiscr\u00e9tions.<\/p>\n","protected":false},"excerpt":{"rendered":"D\u00e9couvrez le r\u00e9sum\u00e9 complet d\u2019Un si grand soleil en avance avec l\u2019\u00e9pisode 1815 du mardi 16 d\u00e9cembre 2025&hellip;\n","protected":false},"author":2,"featured_media":572839,"comment_status":"","ping_status":"","sticky":false,"template":"","format":"standard","meta":{"footnotes":""},"categories":[1356],"tags":[58,59,1011,27,252,1364],"class_list":{"0":"post-572838","1":"post","2":"type-post","3":"status-publish","4":"format-standard","5":"has-post-thumbnail","7":"category-television","8":"tag-divertissement","9":"tag-entertainment","10":"tag-fr","11":"tag-france","12":"tag-television","13":"tag-tv"},"share_on_mastodon":{"url":"https:\/\/pubeurope.com\/@fr\/115649309730227623","error":""},"_links":{"self":[{"href":"https:\/\/www.europesays.com\/fr\/wp-json\/wp\/v2\/posts\/572838","targetHints":{"allow":["GET"]}}],"collection":[{"href":"https:\/\/www.europesays.com\/fr\/wp-json\/wp\/v2\/posts"}],"about":[{"href":"https:\/\/www.europesays.com\/fr\/wp-json\/wp\/v2\/types\/post"}],"author":[{"embeddable":true,"href":"https:\/\/www.europesays.com\/fr\/wp-json\/wp\/v2\/users\/2"}],"replies":[{"embeddable":true,"href":"https:\/\/www.europesays.com\/fr\/wp-json\/wp\/v2\/comments?post=572838"}],"version-history":[{"count":0,"href":"https:\/\/www.europesays.com\/fr\/wp-json\/wp\/v2\/posts\/572838\/revisions"}],"wp:featuredmedia":[{"embeddable":true,"href":"https:\/\/www.europesays.com\/fr\/wp-json\/wp\/v2\/media\/572839"}],"wp:attachment":[{"href":"https:\/\/www.europesays.com\/fr\/wp-json\/wp\/v2\/media?parent=572838"}],"wp:term":[{"taxonomy":"category","embeddable":true,"href":"https:\/\/www.europesays.com\/fr\/wp-json\/wp\/v2\/categories?post=572838"},{"taxonomy":"post_tag","embeddable":true,"href":"https:\/\/www.europesays.com\/fr\/wp-json\/wp\/v2\/tags?post=572838"}],"curies":[{"name":"wp","href":"https:\/\/api.w.org\/{rel}","templated":true}]}}