{"id":572866,"date":"2025-12-02T09:53:15","date_gmt":"2025-12-02T09:53:15","guid":{"rendered":"https:\/\/www.europesays.com\/fr\/572866\/"},"modified":"2025-12-02T09:53:15","modified_gmt":"2025-12-02T09:53:15","slug":"a-nancy-la-rue-saint-dizier-va-etre-transformee-dans-les-annees-a-venir-voici-le-projet","status":"publish","type":"post","link":"https:\/\/www.europesays.com\/fr\/572866\/","title":{"rendered":"\u00c0 Nancy, la rue Saint-Dizier va \u00eatre transform\u00e9e dans les ann\u00e9es \u00e0 venir : voici le projet"},"content":{"rendered":"<p>                    Par<br \/>\n        <strong><br \/>\n            <a href=\"https:\/\/actu.fr\/auteur\/amandine-mehl\" title=\"Consulter tous les articles de Amandine Mehl\" target=\"_blank\" rel=\"noopener\">Amandine Mehl<\/a><br \/>\n                    <\/strong><\/p>\n<p>        Publi\u00e9 le<\/p>\n<p>            2 d\u00e9c. 2025 \u00e0 10h15        <\/p>\n<p>S\u2019il n\u2019est <strong>toujours pas d\u00e9clar\u00e9 candidat<\/strong> \u00e0 sa propre r\u00e9\u00e9lection, <strong>Mathieu Klein<\/strong>, maire de Nancy et pr\u00e9sident du Grand Nancy, poursuit ses <a href=\"https:\/\/actu.fr\/grand-est\/nancy_54395\/a-huit-mois-des-municipales-a-nancy-voici-les-grands-projets-que-mathieu-klein-souhaite-porter_62917982.html\" target=\"_blank\" rel=\"noopener\">grands projets<\/a> et voit loin. Lors d\u2019une conf\u00e9rence de presse qui s\u2019est tenue ce lundi 1\u1d49\u02b3 d\u00e9cembre 2025, il est en effet revenu sur la <strong>transformation future<\/strong> de la <a href=\"https:\/\/actu.fr\/grand-est\/nancy_54395\/la-ville-de-nancy-veut-interdire-les-voitures-dans-cette-rue-tres-frequentee-on-vous-explique-pourquoi_62942369.html\" target=\"_blank\" rel=\"noopener\">tr\u00e8s fr\u00e9quent\u00e9e<\/a> rue <strong>Saint-Dizier<\/strong>.<br \/>Un <strong>chantier d\u2019envergure<\/strong> qui s\u2019\u00e9talera<strong> jusqu\u2019\u00e0 2029<\/strong> et dont voici les contours.<\/p>\n<p>Les voitures ne passeront plus rue Saint-Dizier<\/p>\n<p class=\" wall-content\">La m\u00e9tamorphose de cet axe rappelle \u00e0 l\u2019\u00e9lu celle des rues Saint-Jean et Saint-Georges. \u00ab La rue Saint-Dizier doit faire l\u2019objet de la <strong>m\u00eame attention<\/strong>. Je ne dis pas qu\u2019il faut forc\u00e9ment que le r\u00e9sultat et le rendu soient les m\u00eames, car il faudra <strong>faire preuve d\u2019originalit\u00e9<\/strong>, mais le m\u00eame objectif de transformation est pos\u00e9 \u00bb, a-t-il d\u00e9clar\u00e9.<\/p>\n<p class=\" wall-content\">Tr\u00e8s emprunt\u00e9e, la rue sera, \u00e0 terme, <strong>r\u00e9serv\u00e9e aux transports en commun<\/strong> et aux <strong>cyclistes<\/strong>. Mise \u00e0 <strong>double sens<\/strong>, elle verra l\u2019arriv\u00e9e de la <a href=\"https:\/\/actu.fr\/grand-est\/nancy_54395\/reseau-stan-le-grand-nancy-veut-transformer-la-ligne-2-sur-le-meme-modele-que-celui-du-trolleybus_62821958.html\" target=\"_blank\" rel=\"noopener\">ligne 2<\/a> am\u00e9lior\u00e9e. Une ligne qui, sur le m\u00eame mod\u00e8le que celle du trolleybus, sera enti\u00e8rement <strong>d\u00e9carbon\u00e9e<\/strong> et pourra transporter plus de voyageurs.<\/p>\n<p class=\" wall-content\">S\u2019agissant du <strong>trafic automobile<\/strong>, il sera renvoy\u00e9 vers la <strong>rue des Quatre-\u00c9glises<\/strong>, elle aussi pass\u00e9e \u00e0 <strong>double sens<\/strong>.<\/p>\n<p>Les travaux seront lanc\u00e9s \u00e0 la fin de l\u2019ann\u00e9e 2026<\/p>\n<p class=\" wall-content\">La premi\u00e8re phase des <a href=\"https:\/\/actu.fr\/tag\/travaux\" target=\"_blank\" rel=\"noopener\">travaux<\/a> sera lanc\u00e9e \u00e0 la <strong>fin de l\u2019ann\u00e9e 2026<\/strong> et portera sur la <strong>canalisation<\/strong> qui passe sous la rue Saint-Dizier. \u00ab Nous savons depuis de nombreuses ann\u00e9es qu\u2019elle doit faire l\u2019objet d\u2019une <strong>reprise globale<\/strong>. Avec les ann\u00e9es qui passent, elle a gagn\u00e9 en \u00e9chelle de priorisation \u00bb, a d\u00e9taill\u00e9 le maire de Nancy.<\/p>\n<p>    <img   decoding=\"async\" loading=\"lazy\" src=\"https:\/\/www.europesays.com\/fr\/wp-content\/uploads\/2025\/12\/saint-dizier-nancy-960x640.jpg\" alt=\"Voici \u00e0 quoi la rue Saint-Dizier, \u00e0 Nancy, devrait ressembler dans les ann\u00e9es \u00e0 venir.\" width=\"960\" height=\"640\"\/><br \/>\n    Voici \u00e0 quoi la rue Saint-Dizier, \u00e0 Nancy, devrait ressembler dans les ann\u00e9es \u00e0 venir. (\u00a9Ville de Nancy)<\/p>\n<p class=\" wall-content\">Les <strong>am\u00e9nagements<\/strong> de voirie, les <strong>plantations<\/strong> et les <strong>transformations<\/strong> portant sur les transports en commun sont eux programm\u00e9s pour <strong>2028-2029<\/strong>.\u00a0<\/p>\n<p>Votre r\u00e9gion, votre actu !<\/p>\n<p>Recevez chaque jour les infos qui comptent pour vous.<\/p>\n<p>\t<a href=\"https:\/\/actu.fr\/newsletter\" class=\"ac-btn ac-btn--corner ac-btn--medium ac-btn--blue800\" target=\"_blank\" rel=\"noopener\">S&rsquo;incrire<\/a><br \/>\nLes travaux se feront par tron\u00e7on<\/p>\n<p class=\" wall-content\">Afin de ne pas \u00ab cr\u00e9er une seule op\u00e9ration de blocage sur l\u2019ensemble de l\u2019axe \u00bb, les travaux se d\u00e9rouleront par <strong>tron\u00e7on<\/strong>.<\/p>\n<p class=\" wall-content\">Mathieu Klein entend \u00e9galement les faire co\u00efncider avec la <strong>restructuration de la halle<\/strong> du <a href=\"https:\/\/actu.fr\/grand-est\/nancy_54395\/bon-plan-a-nancy-des-fruits-et-legumes-vendus-1-euro-le-kilo-au-marche-central_60966820.html\" target=\"_blank\" rel=\"noopener\">march\u00e9 central<\/a>, un projet \u00e9valu\u00e9 \u00e0 <strong>6 millions d\u2019euros<\/strong> environ et qui vise \u00e0 revoir l\u2019accessibilit\u00e9, la diversit\u00e9 et la qualit\u00e9 du site.<\/p>\n<p class=\" wall-content\">Personnalisez votre actualit\u00e9 en ajoutant vos villes et m\u00e9dias en favori avec <a href=\"https:\/\/moncompte.actu.fr\" title=\"D\u00e9couvez Mon Actu\" rel=\"nofollow noopener\" data-trk=\"{&quot;cta&quot;:{&quot;action&quot;:&quot;https:\\\/\\\/moncompte.actu.fr&quot;,&quot;category&quot;:&quot;mon compte&quot;,&quot;from&quot;:&quot;article footer&quot;,&quot;name&quot;:&quot;Mon actu&quot;,&quot;type&quot;:&quot;cta&quot;}}\" target=\"_blank\">Mon Actu<\/a>.<\/p>\n","protected":false},"excerpt":{"rendered":"Par Amandine Mehl Publi\u00e9 le 2 d\u00e9c. 2025 \u00e0 10h15 S\u2019il n\u2019est toujours pas d\u00e9clar\u00e9 candidat \u00e0 sa&hellip;\n","protected":false},"author":2,"featured_media":572867,"comment_status":"","ping_status":"","sticky":false,"template":"","format":"standard","meta":{"footnotes":""},"categories":[9635],"tags":[1111,11,1777,674,1011,27,775,1702,12,25,104,2086,1352],"class_list":{"0":"post-572866","1":"post","2":"type-post","3":"status-publish","4":"format-standard","5":"has-post-thumbnail","7":"category-nancy","8":"tag-actu","9":"tag-actualites","10":"tag-eu","11":"tag-europe","12":"tag-fr","13":"tag-france","14":"tag-grand-est","15":"tag-nancy","16":"tag-news","17":"tag-republique-francaise","18":"tag-societe","19":"tag-travaux","20":"tag-urbanisme"},"share_on_mastodon":{"url":"https:\/\/pubeurope.com\/@fr\/115649368261192320","error":""},"_links":{"self":[{"href":"https:\/\/www.europesays.com\/fr\/wp-json\/wp\/v2\/posts\/572866","targetHints":{"allow":["GET"]}}],"collection":[{"href":"https:\/\/www.europesays.com\/fr\/wp-json\/wp\/v2\/posts"}],"about":[{"href":"https:\/\/www.europesays.com\/fr\/wp-json\/wp\/v2\/types\/post"}],"author":[{"embeddable":true,"href":"https:\/\/www.europesays.com\/fr\/wp-json\/wp\/v2\/users\/2"}],"replies":[{"embeddable":true,"href":"https:\/\/www.europesays.com\/fr\/wp-json\/wp\/v2\/comments?post=572866"}],"version-history":[{"count":0,"href":"https:\/\/www.europesays.com\/fr\/wp-json\/wp\/v2\/posts\/572866\/revisions"}],"wp:featuredmedia":[{"embeddable":true,"href":"https:\/\/www.europesays.com\/fr\/wp-json\/wp\/v2\/media\/572867"}],"wp:attachment":[{"href":"https:\/\/www.europesays.com\/fr\/wp-json\/wp\/v2\/media?parent=572866"}],"wp:term":[{"taxonomy":"category","embeddable":true,"href":"https:\/\/www.europesays.com\/fr\/wp-json\/wp\/v2\/categories?post=572866"},{"taxonomy":"post_tag","embeddable":true,"href":"https:\/\/www.europesays.com\/fr\/wp-json\/wp\/v2\/tags?post=572866"}],"curies":[{"name":"wp","href":"https:\/\/api.w.org\/{rel}","templated":true}]}}