{"id":572868,"date":"2025-12-02T09:54:13","date_gmt":"2025-12-02T09:54:13","guid":{"rendered":"https:\/\/www.europesays.com\/fr\/572868\/"},"modified":"2025-12-02T09:54:13","modified_gmt":"2025-12-02T09:54:13","slug":"depuis-toulon-le-refus-dun-budget-catastrophique-et-austeritaire","status":"publish","type":"post","link":"https:\/\/www.europesays.com\/fr\/572868\/","title":{"rendered":"Depuis Toulon, le refus d\u2019un \u00ab\u00a0budget catastrophique et aust\u00e9ritaire\u00a0\u00bb"},"content":{"rendered":"<p class=\"fs-5 \">Alors que les d\u00e9put\u00e9s doivent r\u00e9-examiner le projet de loi de finances 2026 et de financement de la s\u00e9curit\u00e9 sociale, apr\u00e8s son passage devant le s\u00e9nateurs qui l\u2019ont profond\u00e9ment r\u00e9\u00e9crit, c\u2019est au nom de \u00ab\u00a0la justice sociale, fiscale et environnementale\u00a0\u00bb et \u00ab\u00a0pour une juste r\u00e9partition des richesses\u00a0\u00bb que les Varois vont d\u00e9filer.<\/p>\n<p class=\"fs-5 \">\u00ab\u00a0Nous sommes dans une course \u00e0 \u00e9tape, qualifie Richard Rom\u00e9o Gilberti, \u00e0 la t\u00eate de la CGT du Var. Nous voulons faire comprendre qu\u2019il nous faut un budget qui r\u00e9ponde aux besoins des Fran\u00e7ais.\u00a0\u00bb<\/p>\n<p class=\"fs-5 \">Le syndicat d\u00e9nonce\u00a0\u00ab\u00a0un\u00a0budget catastrophique et aust\u00e9ritaire\u00a0\u00bb.<\/p>\n<p>            <img src=\"https:\/\/www.europesays.com\/fr\/wp-content\/uploads\/2025\/12\/b90dd32_ftp-import-images-1-2mlvay4cohhb-img-6389.jpg\"   loading=\"lazy\" decoding=\"async\" alt=\"Alors que les d\u00e9bats se poursuivent \u00e0 l\u2019Assembl\u00e9e nationale sur la loi de finances 2026, l\u2019intersyndicale CGT, FSU et Solidaires appelle partout en France \u00e0 faire entendre son m\u00e9contentement. \" class=\"img-fluid position-absolute w-100 object-fit-cover rounded-2\" width=\"600\" height=\"400\"\/><\/p>\n<p class=\"fs-5 \">Le cort\u00e8ge est pr\u00e9vu de circuler dans le centre-ville, entre le boulevard de Strasbourg \u00e0 Toulon, jusqu\u2019\u00e0 la place No\u00ebl-Blache, en continuant par la gare SNCF.<\/p>\n<p class=\"fs-5 \">\u00c0 10h40, la circulation n\u2019\u00e9tait pas perturb\u00e9e.<\/p>\n<p class=\"fs-5 \">L\u2019axe de circulation sur le port ne sera pas impact\u00e9 par la manifestation.<\/p>\n<p class=\"fs-5 \">Depuis la rentr\u00e9e, les syndicats ont d\u00e9j\u00e0 mobilis\u00e9 \u00e0 deux reprises, le 2 octobre et le 18 septembre, rassemblant plusieurs milliers de personnes \u00e0 travers le d\u00e9partement, notamment des lyc\u00e9es lors du tout premier mouvement.<\/p>\n","protected":false},"excerpt":{"rendered":"Alors que les d\u00e9put\u00e9s doivent r\u00e9-examiner le projet de loi de finances 2026 et de financement de la&hellip;\n","protected":false},"author":2,"featured_media":572869,"comment_status":"","ping_status":"","sticky":false,"template":"","format":"standard","meta":{"footnotes":""},"categories":[9619],"tags":[1111,11,1777,674,1011,27,12,882,25,2310],"class_list":{"0":"post-572868","1":"post","2":"type-post","3":"status-publish","4":"format-standard","5":"has-post-thumbnail","7":"category-toulon","8":"tag-actu","9":"tag-actualites","10":"tag-eu","11":"tag-europe","12":"tag-fr","13":"tag-france","14":"tag-news","15":"tag-provence-alpes-cote-dazur","16":"tag-republique-francaise","17":"tag-toulon"},"share_on_mastodon":{"url":"https:\/\/pubeurope.com\/@fr\/115649372363360280","error":""},"_links":{"self":[{"href":"https:\/\/www.europesays.com\/fr\/wp-json\/wp\/v2\/posts\/572868","targetHints":{"allow":["GET"]}}],"collection":[{"href":"https:\/\/www.europesays.com\/fr\/wp-json\/wp\/v2\/posts"}],"about":[{"href":"https:\/\/www.europesays.com\/fr\/wp-json\/wp\/v2\/types\/post"}],"author":[{"embeddable":true,"href":"https:\/\/www.europesays.com\/fr\/wp-json\/wp\/v2\/users\/2"}],"replies":[{"embeddable":true,"href":"https:\/\/www.europesays.com\/fr\/wp-json\/wp\/v2\/comments?post=572868"}],"version-history":[{"count":0,"href":"https:\/\/www.europesays.com\/fr\/wp-json\/wp\/v2\/posts\/572868\/revisions"}],"wp:featuredmedia":[{"embeddable":true,"href":"https:\/\/www.europesays.com\/fr\/wp-json\/wp\/v2\/media\/572869"}],"wp:attachment":[{"href":"https:\/\/www.europesays.com\/fr\/wp-json\/wp\/v2\/media?parent=572868"}],"wp:term":[{"taxonomy":"category","embeddable":true,"href":"https:\/\/www.europesays.com\/fr\/wp-json\/wp\/v2\/categories?post=572868"},{"taxonomy":"post_tag","embeddable":true,"href":"https:\/\/www.europesays.com\/fr\/wp-json\/wp\/v2\/tags?post=572868"}],"curies":[{"name":"wp","href":"https:\/\/api.w.org\/{rel}","templated":true}]}}