{"id":572870,"date":"2025-12-02T09:55:14","date_gmt":"2025-12-02T09:55:14","guid":{"rendered":"https:\/\/www.europesays.com\/fr\/572870\/"},"modified":"2025-12-02T09:55:14","modified_gmt":"2025-12-02T09:55:14","slug":"toulon-peut-egaler-un-record-historique-le-rct-vise-une-sixieme-victoire-bonifiee","status":"publish","type":"post","link":"https:\/\/www.europesays.com\/fr\/572870\/","title":{"rendered":"Toulon peut \u00e9galer un record historique : le RCT vise une sixi\u00e8me victoire bonifi\u00e9e"},"content":{"rendered":"<p>Le RCT peut \u00e9galer un record historique avec une sixi\u00e8me victoire bonifi\u00e9e face \u00e0 Perpignan une dynamique impressionnante \u00e0 Mayol<\/p>\n<p><img fetchpriority=\"high\" decoding=\"async\" width=\"1200\" height=\"900\" alt=\"RCT record victoire Toulon Baptiste Serin Jiuta Wainiqolo Top 14\" title=\"rct paris\" src=\"https:\/\/www.europesays.com\/fr\/wp-content\/uploads\/2025\/12\/rct-paris.jpg\" class=\"img-responsive wp-image-62572\"\/><\/p>\n<p>RCT record victoire \u2013 CREDIT : VarActu<\/p>\n<p>Un RCT intraitable \u00e0 Mayol<\/p>\n<p data-start=\"139\" data-end=\"620\">Le Rugby Club Toulonnais traverse une p\u00e9riode exceptionnelle. Apr\u00e8s des victoires ma\u00eetris\u00e9es face \u00e0 Pau, au Racing 92, \u00e0 Lyon, \u00e0 La Rochelle et \u00e0 Montauban, Toulon reste sur cinq succ\u00e8s bonifi\u00e9s cons\u00e9cutifs \u00e0 Mayol. Une s\u00e9rie rare \u00e0 ce niveau qui illustre la solidit\u00e9 retrouv\u00e9e du club, irr\u00e9sistible ces derni\u00e8res semaines devant son public. Le rythme affich\u00e9 impressionne autant par la constance que par la mani\u00e8re, chaque match confirmant un collectif de plus en plus s\u00fbr de lui.<\/p>\n<p>Un record historique \u00e0 port\u00e9e de main<\/p>\n<p data-start=\"666\" data-end=\"1218\">La prochaine r\u00e9ception de Perpignan, programm\u00e9e le 28 d\u00e9cembre, pourrait marquer un tournant symbolique. Le RCT aura alors l\u2019occasion d\u2019\u00e9galer un record vieux de sept ans : six victoires \u00e0 cinq points cons\u00e9cutives en Top 14. Cet exploit avait \u00e9t\u00e9 r\u00e9alis\u00e9 lors de la saison 2017-2018, avant d\u2019\u00eatre d\u00e9j\u00e0 \u00e9gal\u00e9 l\u2019an dernier. R\u00e9ussir une nouvelle fois une telle performance placerait Toulon dans une dynamique remarquable, d\u2019autant plus rare dans le rugby fran\u00e7ais actuel, o\u00f9 la densit\u00e9 du championnat rend chaque bonus offensif \u2026<\/p>\n<p>Lire la suite dans l\u2019article <a href=\"https:\/\/www.varactu.fr\/toulon-peut-egaler-un-record-historique-le-rct-vise-une-sixieme-victoire-bonifiee\/\" target=\"_blank\" rel=\"noopener\">Toulon peut \u00e9galer un record historique : le RCT vise une sixi\u00e8me victoire bonifi\u00e9e<\/a> qui est apparu en premier sur <a href=\"https:\/\/www.varactu.fr\" target=\"_blank\" rel=\"noopener\">Var Actu<\/a>.<\/p>\n","protected":false},"excerpt":{"rendered":"Le RCT peut \u00e9galer un record historique avec une sixi\u00e8me victoire bonifi\u00e9e face \u00e0 Perpignan une dynamique impressionnante&hellip;\n","protected":false},"author":2,"featured_media":572871,"comment_status":"","ping_status":"","sticky":false,"template":"","format":"standard","meta":{"footnotes":""},"categories":[9619],"tags":[1111,11,1777,674,1011,27,12,882,25,2310],"class_list":{"0":"post-572870","1":"post","2":"type-post","3":"status-publish","4":"format-standard","5":"has-post-thumbnail","7":"category-toulon","8":"tag-actu","9":"tag-actualites","10":"tag-eu","11":"tag-europe","12":"tag-fr","13":"tag-france","14":"tag-news","15":"tag-provence-alpes-cote-dazur","16":"tag-republique-francaise","17":"tag-toulon"},"share_on_mastodon":{"url":"https:\/\/pubeurope.com\/@fr\/115649375943594372","error":""},"_links":{"self":[{"href":"https:\/\/www.europesays.com\/fr\/wp-json\/wp\/v2\/posts\/572870","targetHints":{"allow":["GET"]}}],"collection":[{"href":"https:\/\/www.europesays.com\/fr\/wp-json\/wp\/v2\/posts"}],"about":[{"href":"https:\/\/www.europesays.com\/fr\/wp-json\/wp\/v2\/types\/post"}],"author":[{"embeddable":true,"href":"https:\/\/www.europesays.com\/fr\/wp-json\/wp\/v2\/users\/2"}],"replies":[{"embeddable":true,"href":"https:\/\/www.europesays.com\/fr\/wp-json\/wp\/v2\/comments?post=572870"}],"version-history":[{"count":0,"href":"https:\/\/www.europesays.com\/fr\/wp-json\/wp\/v2\/posts\/572870\/revisions"}],"wp:featuredmedia":[{"embeddable":true,"href":"https:\/\/www.europesays.com\/fr\/wp-json\/wp\/v2\/media\/572871"}],"wp:attachment":[{"href":"https:\/\/www.europesays.com\/fr\/wp-json\/wp\/v2\/media?parent=572870"}],"wp:term":[{"taxonomy":"category","embeddable":true,"href":"https:\/\/www.europesays.com\/fr\/wp-json\/wp\/v2\/categories?post=572870"},{"taxonomy":"post_tag","embeddable":true,"href":"https:\/\/www.europesays.com\/fr\/wp-json\/wp\/v2\/tags?post=572870"}],"curies":[{"name":"wp","href":"https:\/\/api.w.org\/{rel}","templated":true}]}}