{"id":572876,"date":"2025-12-02T09:58:20","date_gmt":"2025-12-02T09:58:20","guid":{"rendered":"https:\/\/www.europesays.com\/fr\/572876\/"},"modified":"2025-12-02T09:58:20","modified_gmt":"2025-12-02T09:58:20","slug":"cetait-mort-en-seine-maritime-un-elan-de-generosite-sauve-le-jardin-de-noel-dun-couple-de-retraites","status":"publish","type":"post","link":"https:\/\/www.europesays.com\/fr\/572876\/","title":{"rendered":"\u00ab\u00a0C\u2019\u00e9tait mort\u00a0\u00bb\u00a0: en Seine-Maritime, un \u00e9lan de g\u00e9n\u00e9rosit\u00e9 sauve le jardin de No\u00ebl d\u2019un couple de retrait\u00e9s"},"content":{"rendered":"<p class=\"paragraph text_align_left lp-f-body-02\">Dans la rue du Mar\u00e9chal-Foch \u00e0 Oissel (Seine-Maritime), la magie de No\u00ebl est de retour dans le jardin de Ginette et Jean-Pierre Doray. D\u00e9corations et guirlandes lumineuses habillent des constructions aux couleurs de f\u00eate habit\u00e9es par des personnages de circonstances. Seule une simple barri\u00e8re, illumin\u00e9e elle aussi, le s\u00e9pare de la rue. Un \u00e9merveillement pour les enfants de l\u2019\u00e9cole du coin et les familles habitu\u00e9es \u00e0 venir passer une t\u00eate \u00e0 l\u2019approche de la fin d\u2019ann\u00e9e. Une tradition bien ancr\u00e9e pour ce couple install\u00e9 ici depuis tout juste 50 ans et mari\u00e9 depuis plus de 60.<\/p>\n<p class=\"paragraph text_align_left lp-f-body-02\">Seulement voil\u00e0, cette ann\u00e9e, le jardin lumineux a bien failli rester en jach\u00e8re. La faute \u00e0 l\u2019incendie volontaire de la camionnette de Jean-Pierre dans sa cour, le 13 ao\u00fbt dernier. Les flammes se sont propag\u00e9es au cabanon o\u00f9 l\u2019ensemble de ses d\u00e9corations \u00e9tait stock\u00e9. Un drame pour les deux retrait\u00e9s qui, sans l\u2019intervention des pompiers, auraient pu tout perdre.<\/p>\n<p class=\"paragraph text_align_left lp-f-body-02\">Pour eux, impossible de racheter autant de mat\u00e9riel patiemment accumul\u00e9 au fil du temps. \u00ab On s\u2019est dit pour No\u00ebl, c\u2019est mort \u00bb, se souvient l\u2019ancien \u00e9lectricien touche-\u00e0-tout, avec encore un peu d\u2019\u00e9motion dans la voix. \u00ab Nous \u00e9tions vraiment d\u00e9\u00e7us. Pas pour nous. Mais surtout pour les gens, les enfants. Si on fait \u00e7a, c\u2019est pour apporter un peu de bonheur \u00e0 tout le monde \u00bb, compl\u00e8te Ginette, toujours ravie de laisser entrer ceux qui lui demandent gentiment s\u2019ils peuvent faire quelques photos.<\/p>\n<p>Les cartons de guirlandes \u00e9lectriques et de boules multicolores affluent<\/p>\n<p class=\"paragraph text_align_left lp-f-body-02\">Une g\u00e9n\u00e9rosit\u00e9 du quotidien que le couple a visiblement transmise \u00e0 ses enfants et petits-enfants. \u00c0 19 ans, leur petite-fille Elsa n\u2019a pas voulu baisser les bras. Et, sans leur demander leur permission, elle a d\u00e9cid\u00e9 de passer un appel aux dons sur les r\u00e9seaux sociaux. Mais pas d\u2019argent. \u00ab Si vous avez des d\u00e9corations de No\u00ebl dont vous ne vous servez plus, je vous invite \u00e0 les d\u00e9poser chez mes grands-parents \u00bb, \u00e9crit la jeune fille d\u00e9but novembre, comme une lettre au P\u00e8re No\u00ebl avant l\u2019heure. \u00ab Je ne pensais pas vraiment que \u00e7a marcherait \u00bb, explique-t-elle aujourd\u2019hui. Je me disais que deux, trois amis de la famille allaient jouer le jeu. Mais j\u2019ai quand m\u00eame pr\u00e9venu mes grands-parents de ce que j\u2019avais fait au bout de quelques jours\u2026 \u00bb<\/p>\n<p class=\"paragraph text_align_left lp-f-body-02\">Et heureusement. Car depuis, \u00e0 la surprise g\u00e9n\u00e9rale, les cartons remplis de guirlandes \u00e9lectriques et de boules multicolores, de rennes et de lutins, affluent. Par dizaines. Au point que certains sont m\u00eame rang\u00e9s dans le salon. \u00ab C\u2019est incroyable. Il y a nos voisins, des connaissances. Mais aussi de parfaits inconnus qui viennent d\u2019un peu partout. Et certains nous am\u00e8nent des d\u00e9corations toutes neuves, qu\u2019ils ont achet\u00e9es pour l\u2019occasion \u00bb, s\u2019\u00e9merveille Jean-Pierre qui a d\u00fb user de son imagination, dont il ne manque visiblement pas, pour r\u00e9am\u00e9nager sa cour en jardin de No\u00ebl XXL nouvelle version. Avec le concours d\u2019Elsa, devenue une assistante z\u00e9l\u00e9e. \u00ab C\u2019est s\u00fbr qu\u2019on a envie de bien faire pour que ce soit joli \u00bb, assure la jeune fille en installant une balan\u00e7oire sur laquelle sont juch\u00e9s deux petits p\u00e8res No\u00ebl. \u00ab Ce sera la meilleure mani\u00e8re de remercier ceux qui ont \u00e9t\u00e9 touch\u00e9s par notre histoire \u00bb.<\/p>\n","protected":false},"excerpt":{"rendered":"Dans la rue du Mar\u00e9chal-Foch \u00e0 Oissel (Seine-Maritime), la magie de No\u00ebl est de retour dans le jardin&hellip;\n","protected":false},"author":2,"featured_media":572877,"comment_status":"","ping_status":"","sticky":false,"template":"","format":"standard","meta":{"footnotes":""},"categories":[9587],"tags":[1111,11,459,1777,674,118,1011,27,12,5161,25,9590,11074],"class_list":{"0":"post-572876","1":"post","2":"type-post","3":"status-publish","4":"format-standard","5":"has-post-thumbnail","7":"category-rouen","8":"tag-actu","9":"tag-actualites","10":"tag-departements-horsidfo","11":"tag-eu","12":"tag-europe","13":"tag-faits-divers","14":"tag-fr","15":"tag-france","16":"tag-news","17":"tag-normandie","18":"tag-republique-francaise","19":"tag-rouen","20":"tag-seine-maritime-76"},"share_on_mastodon":{"url":"https:\/\/pubeurope.com\/@fr\/115649387253858885","error":""},"_links":{"self":[{"href":"https:\/\/www.europesays.com\/fr\/wp-json\/wp\/v2\/posts\/572876","targetHints":{"allow":["GET"]}}],"collection":[{"href":"https:\/\/www.europesays.com\/fr\/wp-json\/wp\/v2\/posts"}],"about":[{"href":"https:\/\/www.europesays.com\/fr\/wp-json\/wp\/v2\/types\/post"}],"author":[{"embeddable":true,"href":"https:\/\/www.europesays.com\/fr\/wp-json\/wp\/v2\/users\/2"}],"replies":[{"embeddable":true,"href":"https:\/\/www.europesays.com\/fr\/wp-json\/wp\/v2\/comments?post=572876"}],"version-history":[{"count":0,"href":"https:\/\/www.europesays.com\/fr\/wp-json\/wp\/v2\/posts\/572876\/revisions"}],"wp:featuredmedia":[{"embeddable":true,"href":"https:\/\/www.europesays.com\/fr\/wp-json\/wp\/v2\/media\/572877"}],"wp:attachment":[{"href":"https:\/\/www.europesays.com\/fr\/wp-json\/wp\/v2\/media?parent=572876"}],"wp:term":[{"taxonomy":"category","embeddable":true,"href":"https:\/\/www.europesays.com\/fr\/wp-json\/wp\/v2\/categories?post=572876"},{"taxonomy":"post_tag","embeddable":true,"href":"https:\/\/www.europesays.com\/fr\/wp-json\/wp\/v2\/tags?post=572876"}],"curies":[{"name":"wp","href":"https:\/\/api.w.org\/{rel}","templated":true}]}}