{"id":572888,"date":"2025-12-02T10:06:16","date_gmt":"2025-12-02T10:06:16","guid":{"rendered":"https:\/\/www.europesays.com\/fr\/572888\/"},"modified":"2025-12-02T10:06:16","modified_gmt":"2025-12-02T10:06:16","slug":"7-activites-incontournables-pour-vivre-la-magie-du-marche-de-noel","status":"publish","type":"post","link":"https:\/\/www.europesays.com\/fr\/572888\/","title":{"rendered":"7 activit\u00e9s incontournables pour vivre la magie du march\u00e9 de No\u00ebl"},"content":{"rendered":"<p>Depuis le 26 novembre, <a href=\"https:\/\/www.20minutes.fr\/strasbourg\/\" class=\"c-link c-link--is-underlined\" target=\"_blank\" rel=\"noopener\">Strasbourg<\/a> a remis au premier plan l\u2019esprit du Christkindelsm\u00e4rik, ce <a href=\"https:\/\/www.20minutes.fr\/dossier\/marche_de_noel\" class=\"c-link c-link--is-underlined\" target=\"_blank\" rel=\"noopener\">march\u00e9 de No\u00ebl<\/a> embl\u00e9matique qui traverse les si\u00e8cles depuis 1570. La Grande \u00cele s&rsquo;affiche comme un d\u00e9cor vivant o\u00f9 plus de 300 chalets composent un mois ponctu\u00e9 de parfums de cannelle, de vin chaud et de lumi\u00e8res soigneusement install\u00e9es. Dans cette atmosph\u00e8re festive, la Capitale de No\u00ebl d\u00e9roule son programme 2025 et nous en avons retenu les exp\u00e9riences essentielles pour accompagner votre visite.<\/p>\n<p>Les incontournables qui donnent le ton<\/p>\n<p>Au c\u0153ur de Strasbourg, le grand sapin de la place Kl\u00e9ber s\u2019impose chaque ann\u00e9e comme un rep\u00e8re familier. Plus de trente m\u00e8tres de branches soigneusement par\u00e9es dominent la place et attirent in\u00e9vitablement les visiteurs en qu\u00eate d\u2019un clich\u00e9 qui r\u00e9sume \u00e0 lui seul l\u2019ambiance de la saison. Un peu plus loin, la place Broglie rappelle d\u2019o\u00f9 tout est parti\u2009: c\u2019est l\u00e0 que le Christkindelsm\u00e4rik a pris forme en 1570, au pied de l\u2019Op\u00e9ra, et que l\u2019on retrouve encore aujourd\u2019hui l\u2019esprit le plus authentique du march\u00e9, entre artisanat, d\u00e9corations traditionnelles et ce vin chaud dont la r\u00e9putation d\u00e9passe la r\u00e9gion.<\/p>\n<p>Une parenth\u00e8se cr\u00e9ative au c\u0153ur du march\u00e9 de No\u00ebl<\/p>\n<p>Si l\u2019id\u00e9e de repartir du march\u00e9 de <a href=\"https:\/\/www.20minutes.fr\/noel\/\" class=\"c-link c-link--is-underlined\" target=\"_blank\" rel=\"noopener\">No\u00ebl<\/a> avec quelque chose fa\u00e7onn\u00e9 de vos propres mains vous attire, les ateliers propos\u00e9s durant \u00ab Strasbourg, Capitale de No\u00ebl \u00bb offrent un terrain de jeu id\u00e9al. Entre d\u00e9corations, couronnes, broderies, attrape-r\u00eaves ou cartes de v\u0153ux, chacun trouve facilement de quoi laisser parler son sens pratique sans grande c\u00e9r\u00e9monie. L\u2019essentiel se passe au village de l\u2019Avent, o\u00f9 l\u2019on s\u2019inscrit en quelques instants avant de se mettre \u00e0 l\u2019ouvrage.<\/p>\n<p>Ces rendez-vous ajoutent une autre dimension \u00e0 la visite. On s\u2019y installe pour cr\u00e9er un objet simple, on repart avec une pi\u00e8ce qui a un peu de vous, et cette satisfaction qui prolonge l\u2019esprit du march\u00e9 bien apr\u00e8s avoir quitt\u00e9 les chalets.<\/p>\n<p>Une halte gourmande incontournable<\/p>\n<p>\u00c0 deux pas du Palais Rohan, la Terrasse Rohan accueille le Quai des D\u00e9lices, un espace pens\u00e9 pour ceux qui aiment d\u00e9couvrir une ville par ce qu\u2019elle met dans l\u2019assiette. Ici, la <a href=\"https:\/\/www.20minutes.fr\/tempo\/food\/gastronomie\/\" class=\"c-link c-link--is-underlined\" target=\"_blank\" rel=\"noopener\">gastronomie<\/a> locale tient le premier r\u00f4le et l\u2019on s\u2019arr\u00eate volontiers pour go\u00fbter aux saveurs alsaciennes qui rythment la saison, dans une ambiance simple et chaleureuse.<\/p>\n<p>Cette halte, pos\u00e9e sur la place du March\u00e9 aux Poissons, offre un moment \u00e0 part au c\u0153ur du march\u00e9 de No\u00ebl. On y retrouve l\u2019esprit convivial des f\u00eates, port\u00e9 par des produits r\u00e9gionaux et une <a href=\"https:\/\/www.20minutes.fr\/dossier\/cuisine\" class=\"c-link c-link--is-underlined\" target=\"_blank\" rel=\"noopener\">cuisine<\/a> qui accompagne la visite aussi s\u00fbrement qu\u2019une balade entre les chalets.<\/p>\n<\/p>\n<p>Une vir\u00e9e shopping dans un quartier \u00e0 part<\/p>\n<p>\u00c0 Neustadt, les achats de No\u00ebl prennent une tout autre allure. Le quartier, remodel\u00e9 apr\u00e8s la guerre franco-prussienne, se distingue par son dessin urbain plus ouvert et ses fa\u00e7ades monumentales qui tranchent avec celles de la Grande \u00cele. On s\u2019y prom\u00e8ne autant pour d\u00e9couvrir cette architecture singuli\u00e8re que pour glisser d\u2019une boutique \u00e0 l\u2019autre, compl\u00e9ter ses emplettes ou simplement observer un autre visage de la ville en d\u00e9cembre.<\/p>\n<p>L\u2019endroit ne se r\u00e9sume pourtant pas aux vitrines\u2009: ses avenues se pr\u00eatent aussi \u00e0 une balade sans objectif pr\u00e9cis, port\u00e9e par les illuminations qui habillent les nuits de fin d\u2019ann\u00e9e. On y croise autant les visiteurs venus faire leurs achats que ceux qui profitent d\u2019une ambiance plus calme, et l\u2019on d\u00e9couvre ainsi une autre mani\u00e8re de vivre la saison, moins centr\u00e9e sur le march\u00e9 mais tout aussi ancr\u00e9e dans l\u2019esprit de No\u00ebl.<\/p>\n<p>Les mus\u00e9es du Palais Rohan, une \u00e9tape id\u00e9ale en d\u00e9cembre<\/p>\n<p>Sur la place du Ch\u00e2teau, le Palais Rohan domine la perspective avec son \u00e9l\u00e9gance du XVIIIe si\u00e8cle et ses int\u00e9rieurs rococo qui abritent trois mus\u00e9es majeurs de Strasbourg\u2009: arch\u00e9ologie, beaux-arts et arts d\u00e9coratifs. L\u2019endroit, autrefois r\u00e9sidence de princes-\u00e9v\u00eaques et de cardinaux, entretient un lien naturel avec la p\u00e9riode de No\u00ebl, tant son histoire s\u2019est m\u00eal\u00e9e \u00e0 celle des c\u00e9l\u00e9brations religieuses qui ont fa\u00e7onn\u00e9 la ville.<\/p>\n<p>En d\u00e9cembre, cette adresse devient encore plus int\u00e9ressante, car les institutions du palais d\u00e9voilent des expositions temporaires sp\u00e9cialement con\u00e7ues pour la saison. Certaines explorent les racines spirituelles de No\u00ebl, d\u2019autres se tournent vers ses coutumes et son influence culturelle. La plupart ouvrent d\u00e8s novembre, ce qui permet d\u2019en profiter avant l\u2019affluence des f\u00eates, souvent pour un tarif unique de 6,50 euros lorsque la visite ne co\u00efncide pas avec les jours de gratuit\u00e9.<\/p>\n<p>L\u2019imaginaire au c\u0153ur des festivit\u00e9s<\/p>\n<p>En <a href=\"https:\/\/www.20minutes.fr\/dossier\/alsace\" class=\"c-link c-link--is-underlined\" target=\"_blank\" rel=\"noopener\">Alsace<\/a>, No\u00ebl ne se r\u00e9sume pas aux lumi\u00e8res et aux chalets, il s\u2019ancre aussi dans un r\u00e9pertoire de r\u00e9cits qui traversent les g\u00e9n\u00e9rations. \u00c0 Strasbourg, on peut s\u2019accorder une parenth\u00e8se tranquille pour se glisser dans cet imaginaire, qu\u2019il s\u2019agisse d\u2019\u00e9couter un conte \u00e0 la Cour Saint Nicolas, d\u2019assister \u00e0 un spectacle au village de l\u2019Avent ou de suivre le mapping de l\u2019H\u00f4tel des Contes qui projette ces traditions sur les fa\u00e7ades.<\/p>\n<p>Dans un format plus intime, le podcast \u00ab Zo\u00e9 et le sapin magique \u00bb prolonge cette entr\u00e9e dans le folklore local et accompagne m\u00eame les moments plus calmes de la visite. En s\u2019y plongeant, on d\u00e9couvre une autre fa\u00e7on de vivre la <a href=\"https:\/\/www.20minutes.fr\/dossier\/ville\" class=\"c-link c-link--is-underlined\" target=\"_blank\" rel=\"noopener\">ville<\/a> en d\u00e9cembre, plus pos\u00e9e et tout aussi marqu\u00e9e par l\u2019esprit de No\u00ebl.<\/p>\n<p>Une autre fa\u00e7on de vivre No\u00ebl<\/p>\n<p>Sur la place Grimmeissen, le March\u00e9 OFF se d\u00e9marque du reste des festivit\u00e9s en proposant une version plus engag\u00e9e de la saison. Les stands mettent en avant l\u2019\u00e9conomie sociale et solidaire, des initiatives locales et un <a href=\"https:\/\/www.20minutes.fr\/dossier\/artisanat\" class=\"c-link c-link--is-underlined\" target=\"_blank\" rel=\"noopener\">artisanat<\/a> pens\u00e9 pour durer. Le Village du Partage s\u2019inscrit dans cette m\u00eame logique, en privil\u00e9giant la rencontre, l\u2019\u00e9change et les projets associatifs qui animent la vie strasbourgeoise tout au long de l\u2019ann\u00e9e.<\/p>\n<p>Cette parenth\u00e8se plus responsable offre un contrepoint int\u00e9ressant \u00e0 l\u2019effervescence des autres places. On y vient pour d\u00e9couvrir des alternatives, soutenir des cr\u00e9ateurs ou simplement s\u2019accorder un moment hors du rythme traditionnel du march\u00e9. Une mani\u00e8re diff\u00e9rente, mais tout aussi pertinente, de c\u00e9l\u00e9brer No\u00ebl \u00e0 Strasbourg.<\/p>\n","protected":false},"excerpt":{"rendered":"Depuis le 26 novembre, Strasbourg a remis au premier plan l\u2019esprit du Christkindelsm\u00e4rik, ce march\u00e9 de No\u00ebl embl\u00e9matique&hellip;\n","protected":false},"author":2,"featured_media":572889,"comment_status":"","ping_status":"","sticky":false,"template":"","format":"standard","meta":{"footnotes":""},"categories":[2820],"tags":[1111,11,2389,2649,525,7713,1777,674,652,4768,1011,27,775,6736,26316,1393,36053,12,15830,25,640,5896,602,586],"class_list":{"0":"post-572888","1":"post","2":"type-post","3":"status-publish","4":"format-standard","5":"has-post-thumbnail","7":"category-strasbourg","8":"tag-actu","9":"tag-actualites","10":"tag-alsace","11":"tag-bas-rhin","12":"tag-calendrier","13":"tag-escapade","14":"tag-eu","15":"tag-europe","16":"tag-famille","17":"tag-fete","18":"tag-fr","19":"tag-france","20":"tag-grand-est","21":"tag-hiver","22":"tag-idees-de-sorties","23":"tag-loisirs","24":"tag-marche-de-noel","25":"tag-news","26":"tag-noel","27":"tag-republique-francaise","28":"tag-strasbourg","29":"tag-tempo","30":"tag-tourisme","31":"tag-voyage"},"share_on_mastodon":{"url":"https:\/\/pubeurope.com\/@fr\/115649418660835830","error":""},"_links":{"self":[{"href":"https:\/\/www.europesays.com\/fr\/wp-json\/wp\/v2\/posts\/572888","targetHints":{"allow":["GET"]}}],"collection":[{"href":"https:\/\/www.europesays.com\/fr\/wp-json\/wp\/v2\/posts"}],"about":[{"href":"https:\/\/www.europesays.com\/fr\/wp-json\/wp\/v2\/types\/post"}],"author":[{"embeddable":true,"href":"https:\/\/www.europesays.com\/fr\/wp-json\/wp\/v2\/users\/2"}],"replies":[{"embeddable":true,"href":"https:\/\/www.europesays.com\/fr\/wp-json\/wp\/v2\/comments?post=572888"}],"version-history":[{"count":0,"href":"https:\/\/www.europesays.com\/fr\/wp-json\/wp\/v2\/posts\/572888\/revisions"}],"wp:featuredmedia":[{"embeddable":true,"href":"https:\/\/www.europesays.com\/fr\/wp-json\/wp\/v2\/media\/572889"}],"wp:attachment":[{"href":"https:\/\/www.europesays.com\/fr\/wp-json\/wp\/v2\/media?parent=572888"}],"wp:term":[{"taxonomy":"category","embeddable":true,"href":"https:\/\/www.europesays.com\/fr\/wp-json\/wp\/v2\/categories?post=572888"},{"taxonomy":"post_tag","embeddable":true,"href":"https:\/\/www.europesays.com\/fr\/wp-json\/wp\/v2\/tags?post=572888"}],"curies":[{"name":"wp","href":"https:\/\/api.w.org\/{rel}","templated":true}]}}