{"id":572890,"date":"2025-12-02T10:07:11","date_gmt":"2025-12-02T10:07:11","guid":{"rendered":"https:\/\/www.europesays.com\/fr\/572890\/"},"modified":"2025-12-02T10:07:11","modified_gmt":"2025-12-02T10:07:11","slug":"le-monaco-economic-board-recoit-la-smeg","status":"publish","type":"post","link":"https:\/\/www.europesays.com\/fr\/572890\/","title":{"rendered":"Le Monaco Economic Board re\u00e7oit la SMEG"},"content":{"rendered":"<p>\u26a1 <b>SMEG : l\u2019\u00e9nergie mon\u00e9gasque tourn\u00e9e vers l\u2019avenir<\/b><\/p>\n<p>Dans Le Club Radio Monaco, <b>Guillaume Rose<\/b>, directeur g\u00e9n\u00e9ral ex\u00e9cutif du <b>Monaco Economic Board (MEB)<\/b>, re\u00e7oit <b>Sylvain Didierjean<\/b>, directeur des activit\u00e9s \u00e9lectricit\u00e9 et gaz de la <b>SMEG<\/b> (Soci\u00e9t\u00e9 Mon\u00e9gasque de l\u2019\u00c9lectricit\u00e9 et du Gaz).<br \/>L\u2019entreprise, pilier historique de la Principaut\u00e9, poursuit sa transition \u00e9nerg\u00e9tique en misant sur l\u2019\u00e9lectricit\u00e9 verte et l\u2019innovation num\u00e9rique.<\/p>\n<p><b>\ud83d\udd0b Une \u00e9nergie toujours plus propre<\/b><\/p>\n<p>L\u2019un des grands objectifs de la <b>SMEG<\/b> est de <b>remplacer progressivement le gaz par l\u2019\u00e9lectricit\u00e9<\/b>.<br \/>Monaco a d\u00e9j\u00e0 accompli un <b>effort consid\u00e9rable<\/b>, consommant pr\u00e8s de <b>dix fois moins de gaz que la France<\/b>, toutes proportions gard\u00e9es.<br \/>Mais la d\u00e9marche continue : la SMEG souhaite atteindre <b>100 % d\u2019\u00e9lectricit\u00e9 issue de sources renouvelables<\/b>.<\/p>\n<p>Aujourd\u2019hui, environ <b>75 % de l\u2019\u00e9lectricit\u00e9 consomm\u00e9e \u00e0 Monaco n\u2019\u00e9met aucun carbone<\/b>, le reste provenant du <b>mix \u00e9nerg\u00e9tique fran\u00e7ais<\/b>, d\u00e9j\u00e0 tr\u00e8s faiblement carbon\u00e9.<br \/>Une part d\u2019\u00e9nergie locale est \u00e9galement produite gr\u00e2ce \u00e0 des <b>panneaux solaires<\/b> install\u00e9s sur les toits et via la <b>Soci\u00e9t\u00e9 Mon\u00e9gasque d\u2019Assainissement (SMA)<\/b>, qui transforme la vapeur issue de l\u2019incin\u00e9ration des d\u00e9chets en \u00e9nergie.<\/p>\n<p>\u00ab L\u2019objectif, c\u2019est de passer de 75 % \u00e0 100 % d\u2019\u00e9nergie verte certifi\u00e9e par des garanties d\u2019origine \u00bb, pr\u00e9cise <b>Sylvain Didierjean<\/b>.<\/p>\n<p>\ud83d\udcbb<b> La digitalisation au service des usagers<\/b><\/p>\n<p>La <b>relation client<\/b> est au c\u0153ur de la strat\u00e9gie de la SMEG.<br \/>L\u2019entreprise a investi dans sa propre <b>Digital Factory (DIFA)<\/b>, un v\u00e9ritable laboratoire interne d\u00e9di\u00e9 \u00e0 la cr\u00e9ation de solutions num\u00e9riques.<br \/>Gr\u00e2ce \u00e0 ces outils, les clients peuvent d\u00e9sormais <b>acc\u00e9der 24h\/24 et 7j\/7 \u00e0 leurs donn\u00e9es de consommation<\/b>, suivre leurs d\u00e9penses et mieux comprendre leur utilisation de l\u2019\u00e9nergie.<\/p>\n<p>\u00ab Nous concevons nos outils num\u00e9riques comme une extension de notre boutique physique. La proximit\u00e9 reste essentielle \u00bb, souligne Sylvain Didierjean.<\/p>\n<p><b>\ud83c\udfd9\ufe0f Une entreprise connect\u00e9e \u00e0 ses clients<\/b><\/p>\n<p>En plus du num\u00e9rique, la SMEG maintient une <b>relation humaine et directe<\/b> avec les Mon\u00e9gasques via sa <b>boutique en ville<\/b> et son service client joignable au <b>24 24 77<\/b>.<br \/>Qu\u2019il s\u2019agisse de consommation, de facturation ou de conseils \u00e9nerg\u00e9tiques, la SMEG accompagne chaque client de mani\u00e8re <b>personnalis\u00e9e et locale<\/b>.<\/p>\n<p>\u00ab Une soci\u00e9t\u00e9 majeure de Monaco, bien ancr\u00e9e dans son \u00e9poque \u00bb, conclut Guillaume Rose.<\/p>\n<p>H\u00e9berg\u00e9 par Ausha. Visitez <a href=\"https:\/\/ausha.co\/politique-de-confidentialite\" target=\"_blank\" rel=\"noopener\">ausha.co\/politique-de-confidentialite<\/a> pour plus d\u2019informations.<\/p>\n<p class=\"proradio-tags\">\n\t\t\t\t\t\t\t\t\t\t<a href=\"https:\/\/radio-monaco.com\/podcastfilter\/le-club\/\" class=\"proradio-catid-21\" target=\"_blank\" rel=\"noopener\">LE CLUB<\/a>\t\t\t\t\t\t\t\t\t\t<\/p>\n","protected":false},"excerpt":{"rendered":"\u26a1 SMEG : l\u2019\u00e9nergie mon\u00e9gasque tourn\u00e9e vers l\u2019avenir Dans Le Club Radio Monaco, Guillaume Rose, directeur g\u00e9n\u00e9ral ex\u00e9cutif&hellip;\n","protected":false},"author":2,"featured_media":364139,"comment_status":"","ping_status":"","sticky":false,"template":"","format":"standard","meta":{"footnotes":""},"categories":[2819],"tags":[1111,11,1777,674,1011,27,12,2401,882,25],"class_list":{"0":"post-572890","1":"post","2":"type-post","3":"status-publish","4":"format-standard","5":"has-post-thumbnail","7":"category-nice","8":"tag-actu","9":"tag-actualites","10":"tag-eu","11":"tag-europe","12":"tag-fr","13":"tag-france","14":"tag-news","15":"tag-nice","16":"tag-provence-alpes-cote-dazur","17":"tag-republique-francaise"},"share_on_mastodon":{"url":"https:\/\/pubeurope.com\/@fr\/115649422602500535","error":""},"_links":{"self":[{"href":"https:\/\/www.europesays.com\/fr\/wp-json\/wp\/v2\/posts\/572890","targetHints":{"allow":["GET"]}}],"collection":[{"href":"https:\/\/www.europesays.com\/fr\/wp-json\/wp\/v2\/posts"}],"about":[{"href":"https:\/\/www.europesays.com\/fr\/wp-json\/wp\/v2\/types\/post"}],"author":[{"embeddable":true,"href":"https:\/\/www.europesays.com\/fr\/wp-json\/wp\/v2\/users\/2"}],"replies":[{"embeddable":true,"href":"https:\/\/www.europesays.com\/fr\/wp-json\/wp\/v2\/comments?post=572890"}],"version-history":[{"count":0,"href":"https:\/\/www.europesays.com\/fr\/wp-json\/wp\/v2\/posts\/572890\/revisions"}],"wp:featuredmedia":[{"embeddable":true,"href":"https:\/\/www.europesays.com\/fr\/wp-json\/wp\/v2\/media\/364139"}],"wp:attachment":[{"href":"https:\/\/www.europesays.com\/fr\/wp-json\/wp\/v2\/media?parent=572890"}],"wp:term":[{"taxonomy":"category","embeddable":true,"href":"https:\/\/www.europesays.com\/fr\/wp-json\/wp\/v2\/categories?post=572890"},{"taxonomy":"post_tag","embeddable":true,"href":"https:\/\/www.europesays.com\/fr\/wp-json\/wp\/v2\/tags?post=572890"}],"curies":[{"name":"wp","href":"https:\/\/api.w.org\/{rel}","templated":true}]}}