{"id":572891,"date":"2025-12-02T10:08:11","date_gmt":"2025-12-02T10:08:11","guid":{"rendered":"https:\/\/www.europesays.com\/fr\/572891\/"},"modified":"2025-12-02T10:08:11","modified_gmt":"2025-12-02T10:08:11","slug":"jeremie-boga-et-terem-moffi-ne-veulent-plus-jouer-pour-logc-nice","status":"publish","type":"post","link":"https:\/\/www.europesays.com\/fr\/572891\/","title":{"rendered":"J\u00e9r\u00e9mie Boga et Terem Moffi ne veulent plus jouer pour l\u2019OGC Nice"},"content":{"rendered":"<p>Terem Moffi avait entam\u00e9 sa 4e saison avec l\u2019OGC Nice, <a href=\"https:\/\/www.footmercato.net\/joueur\/jeremie-boga\/\" target=\"_blank\" rel=\"noopener\">J\u00e9r\u00e9mie Boga<\/a> sa 3e. Les deux hommes ne porteront vraisemblablement plus le maillot du club azur\u00e9en suite \u00e0 ce qu\u2019il s\u2019est d\u00e9roul\u00e9 dimanche soir au retour du d\u00e9placement \u00e0 Lorient. <a href=\"https:\/\/www.footmercato.net\/a4421112928469161470-coups-crachats-insultes-les-coulisses-de-la-confrontation-violente-entre-les-joueurs-de-nice-et-leurs-supporters\" target=\"_blank\" rel=\"noopener\">Particuli\u00e8rement vis\u00e9s par des supporters m\u00e9contents et d\u00e9cha\u00een\u00e9s, ils ont subi des coups, des insultes et des crachats<\/a>, entra\u00eenant des rapports d\u2019ITT \u00e0 l\u2019appui et\u00a0plaintes contre X d\u00e9pos\u00e9es \u00e0 deux commissariats diff\u00e9rents.<\/p>\n<p>            La suite apr\u00e8s cette publicit\u00e9<\/p>\n<p>Et comme le rapporte <a href=\"https:\/\/www.nicematin.com\/sports\/football\/qui-sont-ces-joueurs-de-l-ogc-nice-qui-veulent-rendre-leur-maillot-apres-la-violente-prise-a-partie-de-supporters-au-retour-de-leur-match-perdu-a-lorient-10659080\" target=\"_blank\" rel=\"noopener\">Nice Matin<\/a>, les deux joueurs ont d\u00e9j\u00e0 fait savoir qu\u2019ils ne voulaient plus jouer pour l\u2019OGC Nice. Une suite tristement logique suite \u00e0 ces \u00e9v\u00e9nements effroyables. Les deux joueurs, qui incarnaient au moment de leur recrutement l\u2019ambition sportive des Aiglons, ne peuvent pas s\u2019imaginer refouler la pelouse de l\u2019Allianz Riviera devant des supporters qui les auront, pour certains, agress\u00e9s\u2026<\/p>\n<p>        La direction ni\u00e7oise dans l\u2019embarras<\/p>\n<p>Moffi (26 ans) et Boga (28 ans) sont choqu\u00e9s par les coups, mais aussi par le contexte dans lequel ils sont arriv\u00e9s, alors plusieurs joueurs ont exprim\u00e9 leur col\u00e8re \u00e0 la direction, apr\u00e8s avoir \u00e9t\u00e9, selon certains, mis en danger. Boga est en ITT jusqu\u2019\u00e0 vendredi, <a href=\"https:\/\/www.footmercato.net\/joueur\/terem-igobor-moffi\/\" target=\"_blank\" rel=\"noopener\">Moffi<\/a> jusqu\u2019\u00e0 dimanche, et il est impossible de les imaginer sur le terrain, \u00e0 court terme mais aussi \u00e0 plus long terme. <\/p>\n<p>            La suite apr\u00e8s cette publicit\u00e9<\/p>\n<p>Initialement sous contrat jusqu\u2019en 2027, les deux hommes ont donc partag\u00e9 leur volont\u00e9 de ne plus jouer pour <a href=\"https:\/\/www.footmercato.net\/club\/ogc-nice\/\" target=\"_blank\" rel=\"noopener\">Nice<\/a>. Comment la direction azur\u00e9enne va-t-elle r\u00e9agir\u00a0? Le retour \u00e0 l\u2019entra\u00eenement \u00e9tait attendu pour mercredi, et un d\u00e9briefing avec les joueurs et la direction devait se tenir. Cela semble d\u00e9j\u00e0 trop tard pour certains, d\u2019autant que Boga et Moffi n\u2019auront pas d\u2019obligation de s\u2019y rendre. Les prochains jours s\u2019annoncent agit\u00e9s.<\/p>\n<p>\n    Pub. le 02\/12\/2025 11:04<br \/>\n            &#8211; MAJ le 02\/12\/2025 11:07\n    <\/p>\n","protected":false},"excerpt":{"rendered":"Terem Moffi avait entam\u00e9 sa 4e saison avec l\u2019OGC Nice, J\u00e9r\u00e9mie Boga sa 3e. Les deux hommes ne&hellip;\n","protected":false},"author":2,"featured_media":572892,"comment_status":"","ping_status":"","sticky":false,"template":"","format":"standard","meta":{"footnotes":""},"categories":[2819],"tags":[1111,11,1777,674,1011,27,12,2401,882,25],"class_list":{"0":"post-572891","1":"post","2":"type-post","3":"status-publish","4":"format-standard","5":"has-post-thumbnail","7":"category-nice","8":"tag-actu","9":"tag-actualites","10":"tag-eu","11":"tag-europe","12":"tag-fr","13":"tag-france","14":"tag-news","15":"tag-nice","16":"tag-provence-alpes-cote-dazur","17":"tag-republique-francaise"},"share_on_mastodon":{"url":"https:\/\/pubeurope.com\/@fr\/115649426506627975","error":""},"_links":{"self":[{"href":"https:\/\/www.europesays.com\/fr\/wp-json\/wp\/v2\/posts\/572891","targetHints":{"allow":["GET"]}}],"collection":[{"href":"https:\/\/www.europesays.com\/fr\/wp-json\/wp\/v2\/posts"}],"about":[{"href":"https:\/\/www.europesays.com\/fr\/wp-json\/wp\/v2\/types\/post"}],"author":[{"embeddable":true,"href":"https:\/\/www.europesays.com\/fr\/wp-json\/wp\/v2\/users\/2"}],"replies":[{"embeddable":true,"href":"https:\/\/www.europesays.com\/fr\/wp-json\/wp\/v2\/comments?post=572891"}],"version-history":[{"count":0,"href":"https:\/\/www.europesays.com\/fr\/wp-json\/wp\/v2\/posts\/572891\/revisions"}],"wp:featuredmedia":[{"embeddable":true,"href":"https:\/\/www.europesays.com\/fr\/wp-json\/wp\/v2\/media\/572892"}],"wp:attachment":[{"href":"https:\/\/www.europesays.com\/fr\/wp-json\/wp\/v2\/media?parent=572891"}],"wp:term":[{"taxonomy":"category","embeddable":true,"href":"https:\/\/www.europesays.com\/fr\/wp-json\/wp\/v2\/categories?post=572891"},{"taxonomy":"post_tag","embeddable":true,"href":"https:\/\/www.europesays.com\/fr\/wp-json\/wp\/v2\/tags?post=572891"}],"curies":[{"name":"wp","href":"https:\/\/api.w.org\/{rel}","templated":true}]}}