{"id":572897,"date":"2025-12-02T10:11:10","date_gmt":"2025-12-02T10:11:10","guid":{"rendered":"https:\/\/www.europesays.com\/fr\/572897\/"},"modified":"2025-12-02T10:11:10","modified_gmt":"2025-12-02T10:11:10","slug":"une-centaine-danciens-collegiens-ont-recu-leur-brevet","status":"publish","type":"post","link":"https:\/\/www.europesays.com\/fr\/572897\/","title":{"rendered":"une centaine d\u2019anciens coll\u00e9giens ont re\u00e7u leur brevet"},"content":{"rendered":"<p>Cette remise s\u2019est d\u00e9roul\u00e9e en pr\u00e9sence de Jean-Jacques Puyobrau, maire de Floirac, et de Nathalie Lacuey, conseill\u00e8re d\u00e9partementale. Ce dernier \u00ab\u00a0rendait hommage \u00e0 l\u2019\u00e9quipe p\u00e9dagogique du coll\u00e8ge pour leur transmission du savoir. Leur objectif commun reste de rendre ces \u00e9l\u00e8ves libres dans leurs choix de citoyen avis\u00e9\u00a0\u00bb.<\/p>\n<p>Les professeurs et la principale ont remis les dipl\u00f4mes du brevet, d\u2019\u00e9tudes en langue fran\u00e7aise et les certificats de formation g\u00e9n\u00e9rale. Mireille Smagghe a assur\u00e9 aux \u00e9l\u00e8ves qu\u2019elle \u00e9tait fi\u00e8re d\u2019eux et que cette c\u00e9r\u00e9monie \u00e9tait organis\u00e9e pour les mettre en valeur. Sa satisfaction et celle des professeurs donnent tout le sens du travail de l\u2019\u00e9quipe p\u00e9dagogique.<\/p>\n","protected":false},"excerpt":{"rendered":"Cette remise s\u2019est d\u00e9roul\u00e9e en pr\u00e9sence de Jean-Jacques Puyobrau, maire de Floirac, et de Nathalie Lacuey, conseill\u00e8re d\u00e9partementale.&hellip;\n","protected":false},"author":2,"featured_media":572898,"comment_status":"","ping_status":"","sticky":false,"template":"","format":"standard","meta":{"footnotes":""},"categories":[2817],"tags":[1111,11,1997,1777,674,1011,27,12,2219,25],"class_list":{"0":"post-572897","1":"post","2":"type-post","3":"status-publish","4":"format-standard","5":"has-post-thumbnail","7":"category-bordeaux","8":"tag-actu","9":"tag-actualites","10":"tag-bordeaux","11":"tag-eu","12":"tag-europe","13":"tag-fr","14":"tag-france","15":"tag-news","16":"tag-nouvelle-aquitaine","17":"tag-republique-francaise"},"share_on_mastodon":{"url":"https:\/\/pubeurope.com\/@fr\/115649438361997943","error":""},"_links":{"self":[{"href":"https:\/\/www.europesays.com\/fr\/wp-json\/wp\/v2\/posts\/572897","targetHints":{"allow":["GET"]}}],"collection":[{"href":"https:\/\/www.europesays.com\/fr\/wp-json\/wp\/v2\/posts"}],"about":[{"href":"https:\/\/www.europesays.com\/fr\/wp-json\/wp\/v2\/types\/post"}],"author":[{"embeddable":true,"href":"https:\/\/www.europesays.com\/fr\/wp-json\/wp\/v2\/users\/2"}],"replies":[{"embeddable":true,"href":"https:\/\/www.europesays.com\/fr\/wp-json\/wp\/v2\/comments?post=572897"}],"version-history":[{"count":0,"href":"https:\/\/www.europesays.com\/fr\/wp-json\/wp\/v2\/posts\/572897\/revisions"}],"wp:featuredmedia":[{"embeddable":true,"href":"https:\/\/www.europesays.com\/fr\/wp-json\/wp\/v2\/media\/572898"}],"wp:attachment":[{"href":"https:\/\/www.europesays.com\/fr\/wp-json\/wp\/v2\/media?parent=572897"}],"wp:term":[{"taxonomy":"category","embeddable":true,"href":"https:\/\/www.europesays.com\/fr\/wp-json\/wp\/v2\/categories?post=572897"},{"taxonomy":"post_tag","embeddable":true,"href":"https:\/\/www.europesays.com\/fr\/wp-json\/wp\/v2\/tags?post=572897"}],"curies":[{"name":"wp","href":"https:\/\/api.w.org\/{rel}","templated":true}]}}