{"id":572906,"date":"2025-12-02T10:17:10","date_gmt":"2025-12-02T10:17:10","guid":{"rendered":"https:\/\/www.europesays.com\/fr\/572906\/"},"modified":"2025-12-02T10:17:10","modified_gmt":"2025-12-02T10:17:10","slug":"un-nouveau-guide-marseillais-pour-reduire-ses-dechets","status":"publish","type":"post","link":"https:\/\/www.europesays.com\/fr\/572906\/","title":{"rendered":"un nouveau guide marseillais pour r\u00e9duire ses d\u00e9chets"},"content":{"rendered":"<p>\u00ab\u00a0Je pars souvent me promener pour <a href=\"https:\/\/www.laprovence.com\/article\/societe\/23830444519939\/ils-sengagent-en-provence-clean-my-calanques-du-ramassage-de-dechets-entre-amis-au-grand-mouvement-marseillais\" target=\"_blank\" rel=\"noopener\">ramasser les d\u00e9chets<\/a> dans la rue. C\u2019est tr\u00e8s satisfaisant, on trouve l\u2019endroit mieux apr\u00e8s\u00a0\u00bb, assure Jo\u00eblle. \u00c0 62\u00a0ans, cette ancienne commerciale du milieu de la presse en est convaincue\u00a0: \u00ab\u00a0Il faut s\u2019organiser pour polluer moins.\u00a0\u00bb \u00c0 l\u2019image de ses convictions, elle a assist\u00e9, mercredi 26\u00a0novembre 2025, au lancement du livre Tarpin moins. Un guide pour se lancer <a href=\"https:\/\/www.laprovence.com\/article\/region\/45140626601289\/on-a-fabrique-du-papier-recycle-a-marseille-4-classes-de-primaire-ont-tente-le-defi-zero-dechet\" target=\"_blank\" rel=\"noopener\">dans le z\u00e9ro d\u00e9chet, \u00e0 Marseille<\/a> et dans ses environs. \u00ab\u00a0On en parle peu, d\u00e9plore la pr\u00e9retrait\u00e9e. Autour de moi, une minorit\u00e9 de personnes semblent conscientes de leur impact. Comme si les gens se dispensaient d\u2019y r\u00e9fl\u00e9chir. \u00ab\u00a0<\/p>\n<p>\u00c9dit\u00e9 par l\u2019association <a href=\"https:\/\/www.laprovence.com\/article\/region\/30254075994893\/pres-de-35-de-dechets-en-moins-une-centaine-de-familles-marseillaises-se-lancent-le-defi-de-mieux-consommer\" target=\"_blank\" rel=\"noopener\">Zero Waste Marseille<\/a> l\u2019ouvrage propose pr\u00e8s de 200 adresses, commerces et associations, pour r\u00e9duire sa production de d\u00e9chets m\u00e9nagers. \u00ab\u00a0C\u2019est le fruit de huit ans d\u2019expertise\u00a0\u00bb, annonce <a href=\"https:\/\/www.laprovence.com\/actu\/en-direct\/5429109\/breve-zero-waste-marseille.html\" target=\"_blank\" rel=\"noopener\">Fiona Cosson<\/a>, l\u2019autrice et fondatrice de la structure. Elle a pr\u00e9sent\u00e9 son travail devant une quarantaine de personnes, r\u00e9unies sous la verri\u00e8re de La Fabulerie, dans le 1er arrondissement.<\/p>\n<p>\u00a0\u00bb Faire des \u00e9conomies \u00a0\u00bb<\/p>\n<p>\u00ab\u00a0On ne parle pas assez d\u2019\u00e9cologie \u00e0 l\u2019\u00e9cole ou dans les m\u00e9dias\u00a0\u00bb, estime \u00e9galement \u00c9line, 11\u00a0ans. La coll\u00e9gienne est venue avec sa m\u00e8re, Alice, une ing\u00e9nieure de 36\u00a0ans. Elles sont toutes les deux b\u00e9n\u00e9voles de l\u2019association. \u00ab\u00a0J\u2019aide, je tiens les stands. C\u2019est important de s\u2019occuper de la nature\u00a0\u00bb, d\u00e9taille la jeune fille. \u00ab\u00a0\u00c7a permet aussi de faire des \u00e9conomies, ajoute sa m\u00e8re. Surtout du c\u00f4t\u00e9 de la salle de bains. En passant tous les produits en solide ou en fait main, on voit vite la diff\u00e9rence.\u00a0\u00bb<\/p>\n<p>Seconde main, do-it-yourself, r\u00e9parations\u2026 \u00ab\u00a0Beaucoup de gens appliquent d\u00e9j\u00e0 certains r\u00e9flexes sans s\u2019en rendre compte\u00a0\u00bb, d\u00e9veloppe Fiona Cosson. Pour ce qui est de la production du livre\u00a0: \u00ab\u00a0On a essay\u00e9s d\u2019\u00eatre irr\u00e9prochables, affirme l\u2019autrice. Nous imprimons \u00e0 Miramas, sur du papier recycl\u00e9. M\u00eame la police d\u2019\u00e9criture a \u00e9t\u00e9 choisie pour \u00eatre la moins \u00e9nergivore possible.\u00a0\u00bb<\/p>\n<p>Le guide est disponible pour un tarif de 10\u00a0euros sur <a href=\"https:\/\/www.helloasso.com\/associations\/zero-waste-marseille\/boutiques\/guide\" target=\"_blank\" rel=\"noopener\">la boutique en ligne de l\u2019association<\/a> et dans trois \u00e9tablissements marseillais\u00a0: Okj\u00f6 (7e), M&rsquo;Ton Vrac (4e), <a href=\"https:\/\/www.laprovence.com\/article\/edition-marseille\/6277174\/fabriquer-ses-cosmetiques-avec-les-flamants-verts.html\" target=\"_blank\" rel=\"noopener\">Les Flamants Verts<\/a> (6e).<\/p>\n","protected":false},"excerpt":{"rendered":"\u00ab\u00a0Je pars souvent me promener pour ramasser les d\u00e9chets dans la rue. C\u2019est tr\u00e8s satisfaisant, on trouve l\u2019endroit&hellip;\n","protected":false},"author":2,"featured_media":572907,"comment_status":"","ping_status":"","sticky":false,"template":"","format":"standard","meta":{"footnotes":""},"categories":[2814],"tags":[17,1111,11,1777,674,8290,1011,27,3707,884,379,12,4565,68733,471,882,16,25,68732],"class_list":{"0":"post-572906","1":"post","2":"type-post","3":"status-publish","4":"format-standard","5":"has-post-thumbnail","7":"category-marseille","8":"tag-17","9":"tag-actu","10":"tag-actualites","11":"tag-eu","12":"tag-europe","13":"tag-faut","14":"tag-fr","15":"tag-france","16":"tag-il","17":"tag-marseille","18":"tag-moins","19":"tag-news","20":"tag-nouveau","21":"tag-polluer","22":"tag-pour","23":"tag-provence-alpes-cote-dazur","24":"tag-region","25":"tag-republique-francaise","26":"tag-sorganiser"},"share_on_mastodon":{"url":"https:\/\/pubeurope.com\/@fr\/115649461944058435","error":""},"_links":{"self":[{"href":"https:\/\/www.europesays.com\/fr\/wp-json\/wp\/v2\/posts\/572906","targetHints":{"allow":["GET"]}}],"collection":[{"href":"https:\/\/www.europesays.com\/fr\/wp-json\/wp\/v2\/posts"}],"about":[{"href":"https:\/\/www.europesays.com\/fr\/wp-json\/wp\/v2\/types\/post"}],"author":[{"embeddable":true,"href":"https:\/\/www.europesays.com\/fr\/wp-json\/wp\/v2\/users\/2"}],"replies":[{"embeddable":true,"href":"https:\/\/www.europesays.com\/fr\/wp-json\/wp\/v2\/comments?post=572906"}],"version-history":[{"count":0,"href":"https:\/\/www.europesays.com\/fr\/wp-json\/wp\/v2\/posts\/572906\/revisions"}],"wp:featuredmedia":[{"embeddable":true,"href":"https:\/\/www.europesays.com\/fr\/wp-json\/wp\/v2\/media\/572907"}],"wp:attachment":[{"href":"https:\/\/www.europesays.com\/fr\/wp-json\/wp\/v2\/media?parent=572906"}],"wp:term":[{"taxonomy":"category","embeddable":true,"href":"https:\/\/www.europesays.com\/fr\/wp-json\/wp\/v2\/categories?post=572906"},{"taxonomy":"post_tag","embeddable":true,"href":"https:\/\/www.europesays.com\/fr\/wp-json\/wp\/v2\/tags?post=572906"}],"curies":[{"name":"wp","href":"https:\/\/api.w.org\/{rel}","templated":true}]}}