{"id":572908,"date":"2025-12-02T10:18:16","date_gmt":"2025-12-02T10:18:16","guid":{"rendered":"https:\/\/www.europesays.com\/fr\/572908\/"},"modified":"2025-12-02T10:18:16","modified_gmt":"2025-12-02T10:18:16","slug":"comment-assister-aux-spectacles-et-aux-illuminations-de-notre-dame-de-la-garde-ce-dimanche-a-marseille","status":"publish","type":"post","link":"https:\/\/www.europesays.com\/fr\/572908\/","title":{"rendered":"Comment assister aux spectacles et aux illuminations de Notre-Dame de la Garde ce dimanche \u00e0 Marseille\u00a0?"},"content":{"rendered":"<p>Dix minutes d&rsquo;un grand spectacle sons et lumi\u00e8res, pour c\u00e9l\u00e9brer l&rsquo;inauguration de Notre-Dame de la garde redor\u00e9e et restaur\u00e9e ce dimanche 7 d\u00e9cembre \u00e0 Marseille. O\u00f9 se placer pour en profiter\u00a0? Quelles sont les restrictions de circulation\u00a0? ICI Provence fait le point.<\/p>\n<p>Dix minutes d&rsquo;un grand spectacle sons et lumi\u00e8res, visible depuis plusieurs points de Marseille. Il fallait au moins cela pour c\u00e9l\u00e9brer ce dimanche 7 d\u00e9cembre l&rsquo;inauguration de la statue de la Vierge redor\u00e9e et restaur\u00e9e \u00e0 Notre-Dame de Garde, apr\u00e8s dix mois de travaux.<\/p>\n<p>\u00ab\u00a0J\u2019invite tous les Marseillais, quelle que soit leur foi, leur religion, leur recherche, \u00e0 se rassembler autour de la Bonne M\u00e8re\u00a0\u00bb, exprime le P\u00e8re Olivier Spinosa, recteur du sanctuaire. Pour cela, plusieurs rendez-vous sont propos\u00e9s aux Marseillais.<\/p>\n<p>D\u00e9roul\u00e9 officiel des festivit\u00e9s du 7 d\u00e9cembre<\/p>\n<p>\u2022 <strong>15h30 : une messe<\/strong>, pr\u00e9sid\u00e9e par le cardinal Jean-Marc Aveline, sera c\u00e9l\u00e9br\u00e9e \u00e0 l\u2019abbaye Saint-Victor.<\/p>\n<p>\u2022 <strong>D\u00e8s 16h30<\/strong> : rassemblement place Joseph-\u00c9tienne\u00a0; le d\u00e9part de la <strong>procession<\/strong> vers Notre-Dame de la Garde se fera \u00e0 17 h.<\/p>\n<p>\u2022 <strong>D\u00e8s 18h\u00a0: une b\u00e9n\u00e9diction<\/strong> du cardinal pr\u00e9c\u00e9dera un spectacle son et lumi\u00e8re.<\/p>\n<p>C&rsquo;est un artiste reconnu qui a \u00e9t\u00e9 choisi pour c\u00e9l\u00e9brer ce moment historique \u00e0 Marseille. Le <strong>DJ Micha\u00ebl Canitrot<\/strong> va proposer ce dimanche soir un spectacle baptis\u00e9 \u00c9l\u00e9vation, imagin\u00e9 et con\u00e7u par les \u00e9quipes du\u00a0<a target=\"_blank\" rel=\"nofollow noopener noreferrer\" class=\"IciLink ici-link IciArticleLink g-ici-body-regular-1 underline brand svelte-1chfe2s\" href=\"https:\/\/monumental-tour.com\/\">Monumental Tour<\/a>, un concept fran\u00e7ais qui a d\u00e9j\u00e0 r\u00e9alis\u00e9 des shows dans les monuments les plus embl\u00e9matiques\u00a0: la tour Eiffel, Notre-Dame de Paris pour sa r\u00e9ouverture, le Mont-Saint-Michel, la Bas\u00edlica del Pilar \u00e0 Saragosse ou encore\u00a0<a class=\"IciLink ici-link IciArticleLink g-ici-body-regular-1 underline brand svelte-1chfe2s\" href=\"https:\/\/www.francebleu.fr\/emissions\/si-on-sortait-ici-orleans\/michael-canitrot-pour-son-munumental-tour-le-19-septembre-a-chambord-5687880\" target=\"_blank\" rel=\"noopener\">le ch\u00e2teau de Chambord<\/a>\u00a0en septembre dernier \u00e0 l\u2019occasion des Journ\u00e9es du patrimoine.<\/p>\n<p>Cette oeuvre originale d\u2019une dizaine de minutes m\u00ealera \u00ab\u00a0musique \u00e9lectronique et sonorit\u00e9s orchestrales\u00a0\u00bb, pr\u00e9cise le dioc\u00e8se de Marseille, avec notamment une relecture contemporaine de l\u2019Ave Maria, interpr\u00e9t\u00e9e par la chanteuse lyrique soprano Marseillaise\u00a0<a target=\"_blank\" rel=\"nofollow noopener noreferrer\" class=\"IciLink ici-link IciArticleLink g-ici-body-regular-1 underline brand svelte-1chfe2s\" href=\"https:\/\/www.melodylouledjian.com\/?utm_source=ig&amp;utm_medium=social&amp;utm_content=link_in_bio&amp;fbclid=PAZXh0bgNhZW0CMTEAc3J0YwZhcHBfaWQMMjU2MjgxMDQwNTU4AAGnYlJkOZHyMUff-3IfrTqdfnFfxY7n7YQ2ED9Corn2RkL09nfvTmn4qPjlMrM_aem_6gzCbAMQSV2y5Yqb1azw2A\">Melody Louledjian<\/a>\u00a0accompagn\u00e9e de la chorale \u201cDes Petits Chanteurs de la Major\u201d dirig\u00e9e par R\u00e9my Littolff.<\/p>\n<p>\u00ab\u00a0Une chor\u00e9graphie de lumi\u00e8re\u00a0po\u00e9tique\u00a0accompagnera la musique, \u00e9pousant l\u2019architecture du monument et r\u00e9v\u00e9lant l\u2019\u00e9clat dor\u00e9 de la statue dans un ballet de faisceaux et de reflets\u00a0\u00bb, d\u00e9voile le dioc\u00e8se.<\/p>\n<p>Le spectacle El\u00e9vation visible depuis plusieurs points de Marseille<\/p>\n<p>Des dizaines de projecteurs viendront\u00a0illuminer\u00a0la \u00ab\u00a0Bonne M\u00e8re\u00a0\u00bb, offrant un spectacle visible de toute la ville et au-del\u00e0.<\/p>\n<p>Le sanctuaire sera ferm\u00e9 au grand public pour des raisons de s\u00e9curit\u00e9. Le spectacle pourra \u00eatre observ\u00e9 depuis plusieurs points de la ville, notamment\u00a0:<\/p>\n<p>\u2022 la place du Colonel-\u00c9don et la mont\u00e9e de l\u2019Oratoire<\/p>\n<p>\u2022 le palais du Pharo<\/p>\n<p>\u2022 l\u2019h\u00f4tel de Ville<\/p>\n<p>La <strong>circulation et le stationnement<\/strong> seront fortement perturb\u00e9s le 7 d\u00e9cembre\u00a0: vous trouverez ci-dessous le plan des arr\u00eat\u00e9s.<\/p>\n<p> <img decoding=\"async\" src=\"https:\/\/www.europesays.com\/fr\/wp-content\/uploads\/2025\/12\/1764670696_453_1280\" alt=\"illustration agrandir l'image\" style=\"--_image-preview:url('data:image\/jpeg;base64,\/9j\/2wBDACgcHiMeGSgjISMtKygwPGRBPDc3PHtYXUlkkYCZlo+AjIqgtObDoKrarYqMyP\/L2u71\/\/\/\/m8H\/\/\/\/6\/+b9\/\/j\/2wBDASstLTw1PHZBQXb4pYyl+Pj4+Pj4+Pj4+Pj4+Pj4+Pj4+Pj4+Pj4+Pj4+Pj4+Pj4+Pj4+Pj4+Pj4+Pj4+Pj4+Pj\/wAARCAAXACoDASIAAhEBAxEB\/8QAFwABAQEBAAAAAAAAAAAAAAAAAAECBf\/EABQQAQAAAAAAAAAAAAAAAAAAAAD\/xAAUAQEAAAAAAAAAAAAAAAAAAAAA\/8QAFBEBAAAAAAAAAAAAAAAAAAAAAP\/aAAwDAQACEQMRAD8A7CNIDIoACgqAAgAoAP\/Z');\" loading=\"lazy\" fetchpriority=\"low\" class=\"svelte-1cksh76 rounded\" onload=\"this.__e=event\" onerror=\"this.__e=event\"\/> Les restrictions de circulation et de stationnement \u00a9 Aucun(e) &#8211; Dioc\u00e8se de Marseille   \u00c0 lire aussi   <img decoding=\"async\" src=\"https:\/\/www.europesays.com\/fr\/wp-content\/uploads\/2025\/12\/1764670696_82_400x400\" alt=\"\" style=\"--_image-preview:url('data:image\/jpeg;base64,\/9j\/2wBDACgcHiMeGSgjISMtKygwPGRBPDc3PHtYXUlkkYCZlo+AjIqgtObDoKrarYqMyP\/L2u71\/\/\/\/m8H\/\/\/\/6\/+b9\/\/j\/2wBDASstLTw1PHZBQXb4pYyl+Pj4+Pj4+Pj4+Pj4+Pj4+Pj4+Pj4+Pj4+Pj4+Pj4+Pj4+Pj4+Pj4+Pj4+Pj4+Pj4+Pj\/wAARCAAXACoDASIAAhEBAxEB\/8QAFwABAQEBAAAAAAAAAAAAAAAAAQIAA\/\/EABUQAQEAAAAAAAAAAAAAAAAAAAAB\/8QAFwEAAwEAAAAAAAAAAAAAAAAAAAIDAf\/EABURAQEAAAAAAAAAAAAAAAAAAAAB\/9oADAMBAAIRAxEAPwCAaFKWGKiYqNjKqERR4VyDMlTwwxmEFVFMysJX\/9k=');\" loading=\"lazy\" fetchpriority=\"low\" aria-hidden=\"true\" class=\"svelte-1cksh76 rounded\" onload=\"this.__e=event\" onerror=\"this.__e=event\"\/><\/p>\n","protected":false},"excerpt":{"rendered":"Dix minutes d&rsquo;un grand spectacle sons et lumi\u00e8res, pour c\u00e9l\u00e9brer l&rsquo;inauguration de Notre-Dame de la garde redor\u00e9e et&hellip;\n","protected":false},"author":2,"featured_media":572909,"comment_status":"","ping_status":"","sticky":false,"template":"","format":"standard","meta":{"footnotes":""},"categories":[2814],"tags":[1111,11,1777,674,1011,27,884,12,882,25],"class_list":{"0":"post-572908","1":"post","2":"type-post","3":"status-publish","4":"format-standard","5":"has-post-thumbnail","7":"category-marseille","8":"tag-actu","9":"tag-actualites","10":"tag-eu","11":"tag-europe","12":"tag-fr","13":"tag-france","14":"tag-marseille","15":"tag-news","16":"tag-provence-alpes-cote-dazur","17":"tag-republique-francaise"},"share_on_mastodon":{"url":"https:\/\/pubeurope.com\/@fr\/115649466713223064","error":""},"_links":{"self":[{"href":"https:\/\/www.europesays.com\/fr\/wp-json\/wp\/v2\/posts\/572908","targetHints":{"allow":["GET"]}}],"collection":[{"href":"https:\/\/www.europesays.com\/fr\/wp-json\/wp\/v2\/posts"}],"about":[{"href":"https:\/\/www.europesays.com\/fr\/wp-json\/wp\/v2\/types\/post"}],"author":[{"embeddable":true,"href":"https:\/\/www.europesays.com\/fr\/wp-json\/wp\/v2\/users\/2"}],"replies":[{"embeddable":true,"href":"https:\/\/www.europesays.com\/fr\/wp-json\/wp\/v2\/comments?post=572908"}],"version-history":[{"count":0,"href":"https:\/\/www.europesays.com\/fr\/wp-json\/wp\/v2\/posts\/572908\/revisions"}],"wp:featuredmedia":[{"embeddable":true,"href":"https:\/\/www.europesays.com\/fr\/wp-json\/wp\/v2\/media\/572909"}],"wp:attachment":[{"href":"https:\/\/www.europesays.com\/fr\/wp-json\/wp\/v2\/media?parent=572908"}],"wp:term":[{"taxonomy":"category","embeddable":true,"href":"https:\/\/www.europesays.com\/fr\/wp-json\/wp\/v2\/categories?post=572908"},{"taxonomy":"post_tag","embeddable":true,"href":"https:\/\/www.europesays.com\/fr\/wp-json\/wp\/v2\/tags?post=572908"}],"curies":[{"name":"wp","href":"https:\/\/api.w.org\/{rel}","templated":true}]}}