{"id":572910,"date":"2025-12-02T10:19:13","date_gmt":"2025-12-02T10:19:13","guid":{"rendered":"https:\/\/www.europesays.com\/fr\/572910\/"},"modified":"2025-12-02T10:19:13","modified_gmt":"2025-12-02T10:19:13","slug":"a-livre-ouverts-la-selection-litteraire-de-jacques-bruyas","status":"publish","type":"post","link":"https:\/\/www.europesays.com\/fr\/572910\/","title":{"rendered":"A livre ouverts. La s\u00e9lection litt\u00e9raire de Jacques Bruyas &#8211;"},"content":{"rendered":"<p>\t\t\t\t<img fetchpriority=\"high\" decoding=\"async\" width=\"900\" height=\"602\" src=\"https:\/\/www.europesays.com\/fr\/wp-content\/uploads\/2025\/12\/Livres-lyon-people-decembre-2025-1.jpg\" alt=\"\" title=\"Livres lyon people decembre 2025\"   class=\"wp-image-167331\"\/><\/p>\n<p>La s\u00e9lection litt\u00e9raire de Lyon People &#8211; No\u00ebl 2025<\/p>\n<p>Chaque mois, l\u2019auteur <strong>Jacques Bruyas<\/strong>, pr\u00e9sident de l\u2019Union des Ecrivains Rh\u00f4ne-Alpes nous d\u00e9livre ses coups de c\u0153ur litt\u00e9raires.<\/p>\n<p><strong>\u00ab\u00a0UN \u00c9T\u00c9 EN BRESSE\u00a0\u00bb de Guillaume de UFFREDI<br \/><\/strong>Le pitch de l\u2019\u00e9diteur est d\u00e9j\u00e0 une invitation \u00e0 lire ce livre \u00e9poustouflant de ma\u00eetrise et sacr\u00e9ment styl\u00e9. Marie, 80 ans, vit seule dans une ferme traditionnelle de son petit village bressan. Mais quand une lointaine ni\u00e8ce vient poser ses valises chez elle pour un \u00e9t\u00e9, et qu\u2019un jeune journaliste historien, venu de nulle part, d\u00e9barque pour d\u00e9terrer les secrets d\u2019un pass\u00e9 enfoui, la vie de Marie se retrouve sens dessus dessous. Pour peu que l\u2019amour s\u2019en m\u00eale, cet \u00e9t\u00e9 en Bresse sera mouvement\u00e9 et riche en \u00e9motions. Guillaume de Uffredi r\u00e9ussit l\u00e0 un excellent roman et une invitation \u00e0 visiter la Bresse, cadre naturel exceptionnellement propice \u00e0 ce r\u00e9cit en plans gigognes\u2026 Un cadeau r\u00eave pour ces f\u00eates de fin d\u2019ann\u00e9e.<br \/><strong>\u00c9ditions H\u00e9raclite \/ 176 pages \/ 17 euros\u00a0<\/strong><\/p>\n<p><strong>\u00ab\u00a0LA COLLISION\u00a0\u00bb de Paul GASNIER<br \/><\/strong>Le chroniqueur t\u00e9l\u00e9 signe avec ce pr\u00e9sent ouvrage un v\u00e9ritable petit chef d\u2019\u0153uvre. Retenu en premi\u00e8re puis seconde s\u00e9lection, ce livre m\u00e9ritait effectivement le Goncourt mais, manque de chance pour notre auteur lyonnais, cette ann\u00e9e ayant eu un cru exceptionnel, il n\u2019a pas r\u00e9ussi \u00e0 terminer en tri final\u2026 Pourtant cette contre-enqu\u00eate et plong\u00e9e intimiste de l\u2019auteur apr\u00e8s le d\u00e9c\u00e8s de sa m\u00e8re, cycliste percut\u00e9e par un chauffard sous l\u2019emprise du cannabis, aurait pu n\u2019\u00eatre qu\u2019un livre-constat mais voil\u00e0 que l\u2019auteur fait du cadre g\u00e9ographique de son r\u00e9cit, un personnage \u00e0 part enti\u00e8re\u2026 et ce n\u2019est pas n\u2019importe quel quartier\u2026 la Croix Rousse, et alors ce roman devient un vrai diamant.<br \/><strong>\u00c9ditions Gallimard \/ 176 pages \/ 19 euros\u00a0<\/strong><\/p>\n<p><strong>\u00a0\u00bb 25 ANS DE PASSION\u00a0\u00bb de Jean-Luc DA PASSANO<br \/><\/strong>Maire d\u2019Irigny de 1995 \u00e0 2020, Jean-Luc Da Passano revient sur son engagement municipal, ses mandats \u00e9lectifs \u00e0 la M\u00e9tropole comme au D\u00e9partement, sa pr\u00e9sidence de la SERL, et son attachement visc\u00e9ral \u00e0 la vie publique. Les r\u00e9alisations municipales ne manquent pas et sont toutes \u00e0 porter \u00e0 l\u2019honneur de ce maire qui sut entendre, comprendre ses administr\u00e9s\u00a0et \u00e9changer et partager ses convictions et sa vision de la cit\u00e9 au plus grand nombre de ses\u00a0concitoyens. Les livres de m\u00e9moires des hommes politiques sont tr\u00e8s souvent des pensum aussi ennuyeux et r\u00e9barbatifs que leurs discours, mais, l\u00e0, Jean-Luc Da Passano a su trouver un ton \u2013 certes souvent consensuel du bon \u00e9lu centriste qu\u2019il fut- et a su aussi se d\u00e9voiler.<br \/><strong>\u00c9ditions Zigzagone \/ 352 pages \/ 30 euros<\/strong><\/p>\n<p><strong>\u00ab\u00a0DELPHINE AR\u00c8NE\u00a0\u00bb de Renaud DONZEL<br \/><\/strong>Un petit livre de moins de 100 pages, mais un bel hommage \u00e0 celle que le sous-titre de l\u2019ouvrage pr\u00e9sente comme l\u2019\u00e2me du Bugey. Une femme que la guerre de 14-18 a priv\u00e9 de son fianc\u00e9 et si \u00ab\u00a0un seul \u00eatre vous manque et tout est d\u00e9peupl\u00e9\u00a0\u00bb disait Alphonse de Lamartine, le chantre du lac du Bourget, \u00ab\u00a0l\u2019humanit\u00e9 peut emplir les c\u0153urs d\u00e9sert\u00e9s\u00a0\u00bb aurait pu lui r\u00e9pondre Delphine Ar\u00e8ne, la po\u00e9tesse du lac de Nantua. Nul ne pouvait l\u2019\u00e9galer si ce n\u2019est peut-\u00eatre Suzanne Delain (pr\u00e9cocement morte pendant la seconde guerre mondiale) qui avec son roman \u00ab\u00a0Bugiste Franc-C\u0153ur\u00a0\u00bb paru aux \u00e9ditions du Cuvier avait fait preuve d\u2019une ma\u00eetrise stylistique rare. Renaud Donzel, \u00e9lu de Nantua, nous permet par cette lecture de red\u00e9couvrir une femme d\u2019exception.<br \/><strong>\u00c9ditions du Poutan \/ 80 pages \/ 15 euros<\/strong><\/p>\n","protected":false},"excerpt":{"rendered":"La s\u00e9lection litt\u00e9raire de Lyon People &#8211; No\u00ebl 2025 Chaque mois, l\u2019auteur Jacques Bruyas, pr\u00e9sident de l\u2019Union des&hellip;\n","protected":false},"author":2,"featured_media":572911,"comment_status":"","ping_status":"","sticky":false,"template":"","format":"standard","meta":{"footnotes":""},"categories":[1889],"tags":[4257,1111,11,2430,1777,674,1011,27,68734,2428,12,25],"class_list":{"0":"post-572910","1":"post","2":"type-post","3":"status-publish","4":"format-standard","5":"has-post-thumbnail","7":"category-lyon","8":"tag-0top","9":"tag-actu","10":"tag-actualites","11":"tag-auvergne-rhone-alpes","12":"tag-eu","13":"tag-europe","14":"tag-fr","15":"tag-france","16":"tag-jacques-bruyas","17":"tag-lyon","18":"tag-news","19":"tag-republique-francaise"},"share_on_mastodon":{"url":"https:\/\/pubeurope.com\/@fr\/115649469862207544","error":""},"_links":{"self":[{"href":"https:\/\/www.europesays.com\/fr\/wp-json\/wp\/v2\/posts\/572910","targetHints":{"allow":["GET"]}}],"collection":[{"href":"https:\/\/www.europesays.com\/fr\/wp-json\/wp\/v2\/posts"}],"about":[{"href":"https:\/\/www.europesays.com\/fr\/wp-json\/wp\/v2\/types\/post"}],"author":[{"embeddable":true,"href":"https:\/\/www.europesays.com\/fr\/wp-json\/wp\/v2\/users\/2"}],"replies":[{"embeddable":true,"href":"https:\/\/www.europesays.com\/fr\/wp-json\/wp\/v2\/comments?post=572910"}],"version-history":[{"count":0,"href":"https:\/\/www.europesays.com\/fr\/wp-json\/wp\/v2\/posts\/572910\/revisions"}],"wp:featuredmedia":[{"embeddable":true,"href":"https:\/\/www.europesays.com\/fr\/wp-json\/wp\/v2\/media\/572911"}],"wp:attachment":[{"href":"https:\/\/www.europesays.com\/fr\/wp-json\/wp\/v2\/media?parent=572910"}],"wp:term":[{"taxonomy":"category","embeddable":true,"href":"https:\/\/www.europesays.com\/fr\/wp-json\/wp\/v2\/categories?post=572910"},{"taxonomy":"post_tag","embeddable":true,"href":"https:\/\/www.europesays.com\/fr\/wp-json\/wp\/v2\/tags?post=572910"}],"curies":[{"name":"wp","href":"https:\/\/api.w.org\/{rel}","templated":true}]}}