{"id":572912,"date":"2025-12-02T10:20:11","date_gmt":"2025-12-02T10:20:11","guid":{"rendered":"https:\/\/www.europesays.com\/fr\/572912\/"},"modified":"2025-12-02T10:20:11","modified_gmt":"2025-12-02T10:20:11","slug":"lyon-le-couple-menait-un-train-de-luxe-sur-le-dos-des-salaries-jai-confondu-les-comptes","status":"publish","type":"post","link":"https:\/\/www.europesays.com\/fr\/572912\/","title":{"rendered":"Lyon. Le couple menait un train de luxe sur le dos des salari\u00e9s : \u00ab\u00a0J&rsquo;ai confondu les comptes\u00a0\u00bb"},"content":{"rendered":"<p>                    Par<br \/>\n        <strong><br \/>\n            <a href=\"https:\/\/actu.fr\/auteur\/redaction-lyon\" title=\"Consulter tous les articles de R\u00e9daction Lyon\" target=\"_blank\" rel=\"noopener\">R\u00e9daction Lyon<\/a><br \/>\n                    <\/strong><\/p>\n<p>        Publi\u00e9 le<\/p>\n<p>            2 d\u00e9c. 2025 \u00e0 11h09        <\/p>\n<p>Le tribunal correctionnel de <a href=\"https:\/\/actu.fr\/auvergne-rhone-alpes\/lyon_69123\" target=\"_blank\" rel=\"noopener\">Lyon<\/a> a condamn\u00e9 jeudi 27 novembre 2025 <strong>un couple qui \u00ab\u00a0vivait grand train\u00a0\u00bb<\/strong> en se servant directement dans les comptes des soci\u00e9t\u00e9s qu\u2019il exploitait.\u00a0<br \/>L\u2019alerte avait \u00e9t\u00e9 lanc\u00e9e par un ancien salari\u00e9 du garage SL Automotion, \u00e0 Limonest : il accusait les patrons, St\u00e9phane et Laeticia X., d\u2019acheter des pi\u00e8ces frauduleuses pour r\u00e9parer les v\u00e9hicules mais aussi de d\u00e9tenir une arme. Si la premi\u00e8re all\u00e9gation s\u2019est r\u00e9v\u00e9l\u00e9e fausse, un \u00ab\u00a0pistolet \u00e0 billes\u00a0\u00bb avait bel et bien \u00e9t\u00e9 retrouv\u00e9 dans la r\u00e9serve du garage. Des marchandises contrefaites de marques de luxe \u2013 Dior, Chanel, Gucci, Herm\u00e8s ou encore C\u00e9line \u2013 avaient \u00e9galement \u00e9t\u00e9 saisies \u00e0 leur domicile.<\/p>\n<p>350 000 euros de \u00ab\u00a0d\u00e9penses suspectes\u00a0\u00bb<\/p>\n<p class=\" wall-content\">L\u2019examen des comptes des diff\u00e9rentes soci\u00e9t\u00e9s du couple avait surtout mis en lumi\u00e8re une gestion \u00ab\u00a0contraire \u00e0 l\u2019int\u00e9r\u00eat de la soci\u00e9t\u00e9\u00a0\u00bb, a-t-il \u00e9t\u00e9 dit \u00e0 l\u2019audience.\u00a0<\/p>\n<p class=\" wall-content\">\u00c0 partir de 2013, cet homme et cette femme \u00e2g\u00e9s de 39 ans avaient en fait successivement cr\u00e9\u00e9 un garage sp\u00e9cialis\u00e9 dans la r\u00e9paration des pare-brises \u00e0 Limonest, un salon de coiffure \u2013 Laeti\u2019s Beauty \u00e0 Tassin-la-Demi-Lune \u2013 puis un second garage Premium Pare-Brise \u00e0 Limonest et enfin Automotion Carrosserie \u00e0 Dardilly.<\/p>\n<p class=\" wall-content\">Il faut dire que Laeticia X. \u00e9tait \u00ab\u00a0passionn\u00e9e de voitures depuis toute petite\u00a0\u00bb. Mais les enqu\u00eateurs avaient relev\u00e9 pr\u00e8s de 350.000 \u20ac de \u00ab\u00a0d\u00e9penses suspectes\u00a0\u00bb sur les comptes de leurs soci\u00e9t\u00e9s successives : <strong>des retraits d\u2019esp\u00e8ces, des \u00ab\u00a0d\u00e9penses \u00e0 caract\u00e8re personnel\u00a0\u00bb ou encore des virements<\/strong> entre les soci\u00e9t\u00e9s semblaient sans lien avec leurs activit\u00e9s.<\/p>\n<p class=\" wall-content\">St\u00e9phane et Laeticia X. avaient donc \u00e9t\u00e9 renvoy\u00e9s en correctionnelle ce jeudi 27 novembre 2025 pour \u00ab\u00a0abus de biens sociaux\u00a0\u00bb et \u00ab\u00a0d\u00e9tention de marchandises contrefaites\u00a0\u00bb.<\/p>\n<p>Le patron prenait ses salaires en esp\u00e8ces<\/p>\n<p class=\" wall-content\">Certains \u00ab\u00a0retraits en esp\u00e8ces\u00a0\u00bb s\u2019expliquaient par des paiements en liquide\u00a0\u00e0 des \u00ab\u00a0transporteurs allemands\u00a0\u00bb, s\u2019est justifi\u00e9 le patron, mais sans apporter de justificatifs car \u00ab\u00a0cela remonte \u00e0 plus de dix ans\u00a0\u00bb. Cela ne concerne que \u00ab\u00a010.000 \u20ac\u00a0\u00bb des \u00ab\u00a041.000 \u20ac\u00a0\u00bb de retraits inexpliqu\u00e9s pour sa premi\u00e8re soci\u00e9t\u00e9, minimise-t-il par ailleurs.<\/p>\n<p>Votre r\u00e9gion, votre actu !<\/p>\n<p>Recevez chaque jour les infos qui comptent pour vous.<\/p>\n<p>\t<a href=\"https:\/\/actu.fr\/newsletter\" class=\"ac-btn ac-btn--corner ac-btn--medium ac-btn--blue800\" target=\"_blank\" rel=\"noopener\">S&rsquo;incrire<\/a><\/p>\n<p class=\" wall-content\">Pour le second garage, les inspecteurs s\u2019\u00e9taient \u00e9tonn\u00e9s d\u2019importantes d\u00e9penses \u00ab\u00a0chez Darty\u00a0\u00bb ou \u00ab\u00a0Leclerc\u00a0\u00bb. Laeticia X. a cette fois-ci expliqu\u00e9 ces achats pour le compte de la soci\u00e9t\u00e9 par le fait qu\u2019elle faisait une \u00ab\u00a0offre promotionnelle\u00a0\u00bb pour ses clients. \u00ab\u00a0On offrait une t\u00e9l\u00e9vision ou une Switch pour chaque changement de pare-brise\u00a0\u00bb, se rappelle-t-elle.<\/p>\n<p>Achats chez Louis Vuitton, bijoux, appartements de luxe\u2026<\/p>\n<p class=\" wall-content\">Mais \u00ab\u00a0vous n\u2019avez pas fait d\u2019\u00e9tude de rentabilit\u00e9\u00a0\u00bb, s\u2019est \u00e9tonn\u00e9e la pr\u00e9sidente du tribunal correctionnel de Lyon. Quant aux \u00ab\u00a0virements entre les soci\u00e9t\u00e9s\u00a0\u00bb, le couple assure qu\u2019il ignorait qu\u2019il fallait une \u00ab\u00a0convention de pr\u00eat\u00a0\u00bb pour le formaliser. Le patron prenait aussi ses \u00ab\u00a0salaires en esp\u00e8ces\u00a0\u00bb, assure-t-il, m\u00eame s\u2019il n\u2019a pas pu produire de bulletins de salaires.<\/p>\n<p class=\" wall-content\">Pour le reste, ils le reconnaissent : ce sont des d\u00e9penses personnelles. Des \u00ab\u00a0loyers\u00a0\u00bb, des \u00ab\u00a0restaurants\u00a0\u00bb, des achats chez \u00ab\u00a0Louis Vuitton \u00e0 Courchevel\u00a0\u00bb, des \u00ab\u00a0locations d\u2019appartement \u00e0 Duba\u00ef ou en Isra\u00ebl\u00a0\u00bb, des \u00ab\u00a0bijoux\u00a0\u00bb ou encore des \u00ab\u00a0manucures\u00a0\u00bb ont ainsi \u00e9t\u00e9 r\u00e9gl\u00e9s avec les comptes de la soci\u00e9t\u00e9.<\/p>\n<p>\u00ab\u00a0Vous vivez grand train sur le dos de vos soci\u00e9t\u00e9s\u00a0\u00bb<\/p>\n<p class=\" wall-content\">Depuis, plusieurs des entreprises ont \u00e9t\u00e9 plac\u00e9es \u00ab\u00a0en liquidation judiciaire\u00a0\u00bb. \u00ab\u00a0Vous vivez grand train sur le dos de vos soci\u00e9t\u00e9s\u00a0\u00bb, a donc r\u00e9sum\u00e9 la pr\u00e9sidente du tribunal correctionnel de Lyon au vu des \u00ab\u00a0d\u00e9penses somptuaires\u00a0\u00bb faites par le couple.<\/p>\n<p class=\" wall-content\">Mais si les \u00e9poux reconnaissent avoir eu une \u00ab\u00a0gestion d\u00e9sordonn\u00e9e\u00a0\u00bb, ils d\u00e9mentent toute \u00ab\u00a0intention de nuire \u00e0 la soci\u00e9t\u00e9\u00a0\u00bb. \u00ab\u00a0J\u2019ai confondu entre mon compte et celui de la soci\u00e9t\u00e9\u00a0\u00bb, estime St\u00e9phane X. \u00ab\u00a0C\u2019\u00e9tait ma premi\u00e8re entreprise, je pensais bien faire.\u00a0\u00bb<\/p>\n<p class=\" wall-content\">Quant aux marchandises saisies \u2013 principalement des v\u00eatements et accessoires de mode \u2013 certains \u00e9taient \u00ab\u00a0des cadeaux\u00a0\u00bb. D\u2019ailleurs, les marques elles-m\u00eames avaient estim\u00e9 que seulement une partie \u00e9tait de la contrefa\u00e7on, les autres \u00e9tant \u00ab\u00a0vraies\u00a0\u00bb.<\/p>\n<p class=\" wall-content\">L\u2019arme, enfin, ne leur appartient pas : elle aurait \u00e9t\u00e9 \u00ab\u00a0mise l\u00e0 par le salari\u00e9 qui (les) a d\u00e9nonc\u00e9s\u00a0\u00bb, assurent-ils.<\/p>\n<p>Des erreurs qui se \u00ab\u00a0se sont reproduites sur dix ans\u00a0\u00bb<\/p>\n<p class=\" wall-content\">\u00ab\u00a0Une petite partie des d\u00e9penses sont justifi\u00e9es, mais tout le reste rel\u00e8ve de l\u2019abus de biens sociaux\u00a0\u00bb, a donc r\u00e9sum\u00e9 au bout du compte le procureur de la R\u00e9publique, et ces \u00ab\u00a0erreurs du pass\u00e9\u00a0\u00bb \u2013 comme le d\u00e9fendaient les pr\u00e9venus \u2013 \u00ab\u00a0se sont reproduites sur dix ans\u00a0\u00bb. \u00ab\u00a0Lorsque l\u2019on est dirigeant de soci\u00e9t\u00e9s, on a des responsabilit\u00e9s, on ne fait pas ce que l\u2019on veut\u00a0\u00bb, a martel\u00e9 le repr\u00e9sentant du parquet.<\/p>\n<p class=\" wall-content\">Mais \u00ab\u00a0c\u2019est parfois difficile de concevoir que, quand on construit une soci\u00e9t\u00e9 de ses mains, on ne peut pas profiter directement de cet argent\u00a0\u00bb, a object\u00e9 l\u2019avocat de St\u00e9phane X., pour qui ces \u00ab\u00a0notions juridiques\u00a0\u00bb sont \u00ab\u00a0extr\u00eamement abstraites\u00a0\u00bb pour un homme qui a \u00ab\u00a0arr\u00eat\u00e9 sa scolarit\u00e9 en 4e\u00a0\u00bb.<\/p>\n<p class=\" wall-content\">St\u00e9phane et Laeticia X. ont au final \u00e9t\u00e9 condamn\u00e9s \u00e0 <strong>deux ans de prison avec sursis<\/strong>. Ils devront, en outre, payer 30.000 \u20ac d\u2019amendes et ont d\u00e9sormais <strong>interdiction de g\u00e9rer toute soci\u00e9t\u00e9 pendant cinq ans<\/strong>.<\/p>\n<p class=\" wall-content\"><strong>MJ et GF (PressPepper)<\/strong><\/p>\n<p class=\" wall-content\">Personnalisez votre actualit\u00e9 en ajoutant vos villes et m\u00e9dias en favori avec <a href=\"https:\/\/moncompte.actu.fr\" title=\"D\u00e9couvez Mon Actu\" rel=\"nofollow noopener\" data-trk=\"{&quot;cta&quot;:{&quot;action&quot;:&quot;https:\\\/\\\/moncompte.actu.fr&quot;,&quot;category&quot;:&quot;mon compte&quot;,&quot;from&quot;:&quot;article footer&quot;,&quot;name&quot;:&quot;Mon actu&quot;,&quot;type&quot;:&quot;cta&quot;}}\" target=\"_blank\">Mon Actu<\/a>.<\/p>\n","protected":false},"excerpt":{"rendered":"Par R\u00e9daction Lyon Publi\u00e9 le 2 d\u00e9c. 2025 \u00e0 11h09 Le tribunal correctionnel de Lyon a condamn\u00e9 jeudi&hellip;\n","protected":false},"author":2,"featured_media":572913,"comment_status":"","ping_status":"","sticky":false,"template":"","format":"standard","meta":{"footnotes":""},"categories":[1889],"tags":[1111,11,1261,2430,1777,674,1011,27,303,2428,12,25,104],"class_list":{"0":"post-572912","1":"post","2":"type-post","3":"status-publish","4":"format-standard","5":"has-post-thumbnail","7":"category-lyon","8":"tag-actu","9":"tag-actualites","10":"tag-argent","11":"tag-auvergne-rhone-alpes","12":"tag-eu","13":"tag-europe","14":"tag-fr","15":"tag-france","16":"tag-justice","17":"tag-lyon","18":"tag-news","19":"tag-republique-francaise","20":"tag-societe"},"share_on_mastodon":{"url":"https:\/\/pubeurope.com\/@fr\/115649473628724170","error":""},"_links":{"self":[{"href":"https:\/\/www.europesays.com\/fr\/wp-json\/wp\/v2\/posts\/572912","targetHints":{"allow":["GET"]}}],"collection":[{"href":"https:\/\/www.europesays.com\/fr\/wp-json\/wp\/v2\/posts"}],"about":[{"href":"https:\/\/www.europesays.com\/fr\/wp-json\/wp\/v2\/types\/post"}],"author":[{"embeddable":true,"href":"https:\/\/www.europesays.com\/fr\/wp-json\/wp\/v2\/users\/2"}],"replies":[{"embeddable":true,"href":"https:\/\/www.europesays.com\/fr\/wp-json\/wp\/v2\/comments?post=572912"}],"version-history":[{"count":0,"href":"https:\/\/www.europesays.com\/fr\/wp-json\/wp\/v2\/posts\/572912\/revisions"}],"wp:featuredmedia":[{"embeddable":true,"href":"https:\/\/www.europesays.com\/fr\/wp-json\/wp\/v2\/media\/572913"}],"wp:attachment":[{"href":"https:\/\/www.europesays.com\/fr\/wp-json\/wp\/v2\/media?parent=572912"}],"wp:term":[{"taxonomy":"category","embeddable":true,"href":"https:\/\/www.europesays.com\/fr\/wp-json\/wp\/v2\/categories?post=572912"},{"taxonomy":"post_tag","embeddable":true,"href":"https:\/\/www.europesays.com\/fr\/wp-json\/wp\/v2\/tags?post=572912"}],"curies":[{"name":"wp","href":"https:\/\/api.w.org\/{rel}","templated":true}]}}