{"id":572916,"date":"2025-12-02T10:23:12","date_gmt":"2025-12-02T10:23:12","guid":{"rendered":"https:\/\/www.europesays.com\/fr\/572916\/"},"modified":"2025-12-02T10:23:12","modified_gmt":"2025-12-02T10:23:12","slug":"deux-enquetes-ouvertes-apres-la-mort-de-trois-sdf-en-une-semaine","status":"publish","type":"post","link":"https:\/\/www.europesays.com\/fr\/572916\/","title":{"rendered":"deux enqu\u00eates ouvertes apr\u00e8s la mort de trois SDF en une semaine"},"content":{"rendered":"<p>                    Par<br \/>\n        <strong><br \/>\n            <a href=\"https:\/\/actu.fr\/auteur\/redaction-paris\" title=\"Consulter tous les articles de R\u00e9daction Paris\" target=\"_blank\" rel=\"noopener\">R\u00e9daction Paris<\/a><br \/>\n                    <\/strong><\/p>\n<p>        Publi\u00e9 le<\/p>\n<p>            2 d\u00e9c. 2025 \u00e0 10h54        <\/p>\n<p>Trois d\u00e9c\u00e8s en une semaine. Depuis mercredi 26\u00a0novembre 2025, <strong>une femme et deux hommes<\/strong>, sans domicile fixe, ont \u00e9t\u00e9 retrouv\u00e9s morts \u00e0 Paris. Deux enqu\u00eates ont \u00e9t\u00e9 ouvertes, a-t-on appris ce mardi 2\u00a0d\u00e9cembre 2025 de source polici\u00e8re et aupr\u00e8s du <a href=\"https:\/\/actu.fr\/tag\/tribunal-de-paris\" target=\"_blank\" rel=\"noopener\">parquet<\/a>.<\/p>\n<p>Les causes des d\u00e9c\u00e8s restent \u00e0 d\u00e9terminer<\/p>\n<p class=\" wall-content\">Le premier signalement a \u00e9t\u00e9 fait lundi 1er\u00a0d\u00e9cembre, vers 07h30, dans le 9e arrondissement. Un agent de la mairie a appel\u00e9 les secours pour un homme, \u00e2g\u00e9 d\u2019une cinquantaine d\u2019ann\u00e9es, qui faisait un <strong>malaise cardiaque<\/strong>, a relat\u00e9 une source polici\u00e8re.\u00a0Malgr\u00e9 les soins prodigu\u00e9s, la victime est d\u00e9c\u00e9d\u00e9e. Sans domicile fixe, il n\u2019avait pas de papier d\u2019identit\u00e9 sur lui.<\/p>\n<p class=\" wall-content\">La veille, dimanche 30\u00a0novembre 2025, c\u2019est dans le 10e arrondissement, rue Ren\u00e9 Boulanger, qu\u2019un homme sans-abri a \u00e9t\u00e9 d\u00e9couvert <strong>inanim\u00e9<\/strong> sur la voie publique vers 10h30, a poursuivi la source polici\u00e8re. Les sapeurs-pompiers et le Samu n\u2019ont rien pu faire pour r\u00e9animer le quinquag\u00e9naire, qui n\u2019a pas pu \u00eatre identifi\u00e9. Les causes de son d\u00e9c\u00e8s n\u2019ont pu \u00eatre d\u00e9termin\u00e9es au moment de la lev\u00e9e de corps et un officier de police judiciaire du commissariat s\u2019est rendu sur les lieux, a-t-elle ajout\u00e9.<\/p>\n<p class=\" wall-content\">\u00ab\u2009Le parquet de Paris a ouvert <strong>deux enqu\u00eates<\/strong> en recherche des causes de la mort\u2009\u00bb confi\u00e9es aux commissariats du 9e et du 10e arrondissements afin de \u00ab\u2009d\u00e9terminer les causes de la mort et de rechercher l\u2019identit\u00e9 des personnes d\u00e9c\u00e9d\u00e9es\u2009\u00bb, a-t-il indiqu\u00e9, confirmant une information du <a href=\"https:\/\/www.leparisien.fr\/faits-divers\/paris-trois-sans-abri-retrouves-morts-en-quelques-jours-le-parquet-ouvre-deux-enquetes-02-12-2025-PP5P7VMYXNHHXMOTGSRM7RPCFI.php\" target=\"_blank\" rel=\"noopener\">Parisien<\/a>.<\/p>\n<p>912 sans domicile fixe morts dans la rue en un an<\/p>\n<p class=\" wall-content\">Quelques jours auparavant, mercredi 26\u00a0novembre 2025, boulevard Vaugirard dans le 15e arrondissement, des passants ont signal\u00e9 le corps sans vie d\u2019une femme dans une tente, d\u2019apr\u00e8s la source polici\u00e8re. Les sapeurs-pompiers d\u00e9p\u00each\u00e9s sur place ont constat\u00e9 son d\u00e9c\u00e8s. Elle n\u2019a pas non plus \u00e9t\u00e9 identifi\u00e9e, a pr\u00e9cis\u00e9 la source.<\/p>\n<p class=\" wall-content\">Ces trois d\u00e9c\u00e8s interviennent alors que les temp\u00e9ratures \u00e0 Paris restent de saison. Fin octobre, le collectif Les morts de la rue a fait \u00e9tat de 912\u00a0personnes sans domicile fixe d\u00e9c\u00e9d\u00e9es en France en 2024, soit <strong>\u00ab\u2009un nouveau record effroyable\u2009\u00bb<\/strong>, depuis le premier recensement de 2012.<\/p>\n<p class=\" wall-content\">L\u2019\u00cele-de-France concentre <strong>37\u2009% des d\u00e9c\u00e8s<\/strong>.\u00a0Sont concern\u00e9s des enfants, des femmes et des hommes\u2009; les plus jeunes n\u2019avaient que quelques jours, la personne la plus \u00e2g\u00e9e 93\u00a0ans.<br \/>Les moins de 15\u00a0ans repr\u00e9sentent 4\u2009% des d\u00e9c\u00e8s, soit \u00ab\u2009un doublement par rapport \u00e0 la p\u00e9riode 2012-2023\u2009\u00bb. \u00ab\u2009Tous les indicateurs sont au rouge, il y a urgence \u00e0 se mobiliser\u2009\u00bb, a alert\u00e9 aupr\u00e8s de l\u2019AFP Ad\u00e8le Lenormand, membre de ce collectif qui avait comptabilis\u00e9 735 morts pour 2023.<\/p>\n<p>Votre r\u00e9gion, votre actu !<\/p>\n<p>Recevez chaque jour les infos qui comptent pour vous.<\/p>\n<p>\t<a href=\"https:\/\/actu.fr\/newsletter\" class=\"ac-btn ac-btn--corner ac-btn--medium ac-btn--blue800\" target=\"_blank\" rel=\"noopener\">S&rsquo;incrire<\/a><\/p>\n<p class=\" wall-content\">Avec AFP.<\/p>\n<p class=\" wall-content\">Personnalisez votre actualit\u00e9 en ajoutant vos villes et m\u00e9dias en favori avec <a href=\"https:\/\/moncompte.actu.fr\" title=\"D\u00e9couvez Mon Actu\" rel=\"nofollow noopener\" data-trk=\"{&quot;cta&quot;:{&quot;action&quot;:&quot;https:\\\/\\\/moncompte.actu.fr&quot;,&quot;category&quot;:&quot;mon compte&quot;,&quot;from&quot;:&quot;article footer&quot;,&quot;name&quot;:&quot;Mon actu&quot;,&quot;type&quot;:&quot;cta&quot;}}\" target=\"_blank\">Mon Actu<\/a>.<\/p>\n","protected":false},"excerpt":{"rendered":"Par R\u00e9daction Paris Publi\u00e9 le 2 d\u00e9c. 2025 \u00e0 10h54 Trois d\u00e9c\u00e8s en une semaine. Depuis mercredi 26\u00a0novembre&hellip;\n","protected":false},"author":2,"featured_media":572917,"comment_status":"","ping_status":"","sticky":false,"template":"","format":"standard","meta":{"footnotes":""},"categories":[1888],"tags":[1111,1928,11,1927,1777,674,118,1011,27,3447,12,1926,626,1925,25,4595],"class_list":{"0":"post-572916","1":"post","2":"type-post","3":"status-publish","4":"format-standard","5":"has-post-thumbnail","7":"category-paris","8":"tag-actu","9":"tag-actu-paris","10":"tag-actualites","11":"tag-actualites-paris","12":"tag-eu","13":"tag-europe","14":"tag-faits-divers","15":"tag-fr","16":"tag-france","17":"tag-froid","18":"tag-news","19":"tag-news-paris","20":"tag-paris","21":"tag-paris-news","22":"tag-republique-francaise","23":"tag-tribunal-de-paris"},"share_on_mastodon":{"url":"https:\/\/pubeurope.com\/@fr\/115649485533442695","error":""},"_links":{"self":[{"href":"https:\/\/www.europesays.com\/fr\/wp-json\/wp\/v2\/posts\/572916","targetHints":{"allow":["GET"]}}],"collection":[{"href":"https:\/\/www.europesays.com\/fr\/wp-json\/wp\/v2\/posts"}],"about":[{"href":"https:\/\/www.europesays.com\/fr\/wp-json\/wp\/v2\/types\/post"}],"author":[{"embeddable":true,"href":"https:\/\/www.europesays.com\/fr\/wp-json\/wp\/v2\/users\/2"}],"replies":[{"embeddable":true,"href":"https:\/\/www.europesays.com\/fr\/wp-json\/wp\/v2\/comments?post=572916"}],"version-history":[{"count":0,"href":"https:\/\/www.europesays.com\/fr\/wp-json\/wp\/v2\/posts\/572916\/revisions"}],"wp:featuredmedia":[{"embeddable":true,"href":"https:\/\/www.europesays.com\/fr\/wp-json\/wp\/v2\/media\/572917"}],"wp:attachment":[{"href":"https:\/\/www.europesays.com\/fr\/wp-json\/wp\/v2\/media?parent=572916"}],"wp:term":[{"taxonomy":"category","embeddable":true,"href":"https:\/\/www.europesays.com\/fr\/wp-json\/wp\/v2\/categories?post=572916"},{"taxonomy":"post_tag","embeddable":true,"href":"https:\/\/www.europesays.com\/fr\/wp-json\/wp\/v2\/tags?post=572916"}],"curies":[{"name":"wp","href":"https:\/\/api.w.org\/{rel}","templated":true}]}}