{"id":572918,"date":"2025-12-02T10:24:22","date_gmt":"2025-12-02T10:24:22","guid":{"rendered":"https:\/\/www.europesays.com\/fr\/572918\/"},"modified":"2025-12-02T10:24:22","modified_gmt":"2025-12-02T10:24:22","slug":"les-noces-de-figaro-par-les-conservatoires-de-paris","status":"publish","type":"post","link":"https:\/\/www.europesays.com\/fr\/572918\/","title":{"rendered":"Les Noces de Figaro par les conservatoires de Paris"},"content":{"rendered":"<p class=\"author\">Par<a href=\"https:\/\/www.italieaparis.net\/actualite\/author\/Karima\" target=\"_blank\" rel=\"noopener\"> Karima Romdane<\/a><\/p>\n<p>              <img decoding=\"async\" src=\"https:\/\/www.europesays.com\/fr\/wp-content\/uploads\/2025\/12\/figaro18951.jpg\" alt=\"Les noces de Figaro- couverture\" title=\"Les Noces de Figaro -La Romance de Ch\u00e9rubin dans Le Mariage de Figaro, estampe d'apr\u00e8s Fragonard. Gallica-BnF \"\/><\/p>\n<p>Le Conservatoire Fr\u00e9d\u00e9ric Chopin accueille du 3 au 4 d\u00e9cembre l&rsquo;op\u00e9ra de Mozart Les Noces de Figaro. Premier de la trilogie \u00e9labor\u00e9e avec Lorenzo da Ponte, cet op\u00e9ra de Mozart s&rsquo;inspire de la pi\u00e8ce de Beaumarchais Le Mariage de Figaro, qui venait d&rsquo;\u00eatre cr\u00e9\u00e9e. Cet op\u00e9ra sera pr\u00e9sent\u00e9  par la Classe de chant lyrique d&rsquo;\u00c5sa Junesj\u00f6 et  Classe d&rsquo;orchestre d&rsquo;Adrian Mc Donnell.<\/p>\n<p>Figaro et Susanna, valet et cam\u00e9riste au service du comte et de la comtesse Almaviva, doivent surmonter les obstacles pos\u00e9s par le tr\u00e8s volage comte sur le chemin de leur union.<\/p>\n<p>Avec : Emmanuel Dubus, piano, Thierry Jennaud, mise en sc\u00e8ne. Op\u00e9ra en 4 actes d&rsquo;une dur\u00e9e : environ 3h30 avec entracte.<\/p>\n<p>2 s\u00e9ances :<\/p>\n<p>&#8211; mercredi 3 d\u00e9cembre 19h<\/p>\n<p>Susanna : Marion Sharpin-Guion<br \/>Ch\u00e9rubin : Ariane Passot<br \/>Bartolo : Eloi Courau<\/p>\n<p>&#8211; jeudi 4 d\u00e9cembre 19h<\/p>\n<p>Susanna : Garance Davis Dufayard <br \/>Ch\u00e9rubin : Charlotte Deyrieux<br \/>Bartolo : Arthur Cady<\/p>\n","protected":false},"excerpt":{"rendered":"Par Karima Romdane Le Conservatoire Fr\u00e9d\u00e9ric Chopin accueille du 3 au 4 d\u00e9cembre l&rsquo;op\u00e9ra de Mozart Les Noces&hellip;\n","protected":false},"author":2,"featured_media":572919,"comment_status":"","ping_status":"","sticky":false,"template":"","format":"standard","meta":{"footnotes":""},"categories":[1888],"tags":[1111,1928,11,1927,1777,674,1011,27,12,1926,626,1925,25],"class_list":{"0":"post-572918","1":"post","2":"type-post","3":"status-publish","4":"format-standard","5":"has-post-thumbnail","7":"category-paris","8":"tag-actu","9":"tag-actu-paris","10":"tag-actualites","11":"tag-actualites-paris","12":"tag-eu","13":"tag-europe","14":"tag-fr","15":"tag-france","16":"tag-news","17":"tag-news-paris","18":"tag-paris","19":"tag-paris-news","20":"tag-republique-francaise"},"share_on_mastodon":{"url":"https:\/\/pubeurope.com\/@fr\/115649491191050606","error":""},"_links":{"self":[{"href":"https:\/\/www.europesays.com\/fr\/wp-json\/wp\/v2\/posts\/572918","targetHints":{"allow":["GET"]}}],"collection":[{"href":"https:\/\/www.europesays.com\/fr\/wp-json\/wp\/v2\/posts"}],"about":[{"href":"https:\/\/www.europesays.com\/fr\/wp-json\/wp\/v2\/types\/post"}],"author":[{"embeddable":true,"href":"https:\/\/www.europesays.com\/fr\/wp-json\/wp\/v2\/users\/2"}],"replies":[{"embeddable":true,"href":"https:\/\/www.europesays.com\/fr\/wp-json\/wp\/v2\/comments?post=572918"}],"version-history":[{"count":0,"href":"https:\/\/www.europesays.com\/fr\/wp-json\/wp\/v2\/posts\/572918\/revisions"}],"wp:featuredmedia":[{"embeddable":true,"href":"https:\/\/www.europesays.com\/fr\/wp-json\/wp\/v2\/media\/572919"}],"wp:attachment":[{"href":"https:\/\/www.europesays.com\/fr\/wp-json\/wp\/v2\/media?parent=572918"}],"wp:term":[{"taxonomy":"category","embeddable":true,"href":"https:\/\/www.europesays.com\/fr\/wp-json\/wp\/v2\/categories?post=572918"},{"taxonomy":"post_tag","embeddable":true,"href":"https:\/\/www.europesays.com\/fr\/wp-json\/wp\/v2\/tags?post=572918"}],"curies":[{"name":"wp","href":"https:\/\/api.w.org\/{rel}","templated":true}]}}