{"id":572924,"date":"2025-12-02T10:29:15","date_gmt":"2025-12-02T10:29:15","guid":{"rendered":"https:\/\/www.europesays.com\/fr\/572924\/"},"modified":"2025-12-02T10:29:15","modified_gmt":"2025-12-02T10:29:15","slug":"en-direct-ukraine-la-prise-de-pokrovsk-revendiquee-par-la-russie-les-combats-continuent-selon-larmee-ukrainienne","status":"publish","type":"post","link":"https:\/\/www.europesays.com\/fr\/572924\/","title":{"rendered":"EN DIRECT &#8211; Ukraine : la prise de Pokrovsk revendiqu\u00e9e par la Russie, les combats continuent selon l&rsquo;arm\u00e9e ukrainienne"},"content":{"rendered":"<ul class=\"jsx-862013697 ArticleChapo__List\">\n<li class=\"jsx-862013697 ArticleChapo__List_Item flex\">L&rsquo;arm\u00e9e ukrainienne assure ce mardi que les combats se poursuivent \u00e0 Pokrovsk, un n\u0153ud logistique pour les forces ukrainiennes dont la Russie a revendiqu\u00e9 la capture la veille, apr\u00e8s des mois d&rsquo;attaques.<\/li>\n<li class=\"jsx-862013697 ArticleChapo__List_Item flex\">Apr\u00e8s un week-end de n\u00e9gociations en Floride pour pr\u00e9parer un accord destin\u00e9 \u00e0 mettre fin \u00e0 la guerre en Ukraine, l&rsquo;\u00e9missaire am\u00e9ricain Steve Witkoff va rencontrer Vladimir Poutine dans la journ\u00e9e.<\/li>\n<li class=\"jsx-862013697 ArticleChapo__List_Item flex\">Suivez les derni\u00e8res informations.<\/li>\n<\/ul>\n<p>Minute par minutePOURSUITE DES COMBATS A POKROVSK10:31<\/p>\n<p>L&rsquo;arm\u00e9e ukrainienne a assur\u00e9 mardi que les combats se poursuivaient \u00e0 Pokrovsk, un noeud logistique cl\u00e9 pour les forces ukraniennes dans l&rsquo;Est dont la Russie a revendiqu\u00e9 la capture la veille, apr\u00e8s des mois d&rsquo;intenses attaques.<\/p>\n<p>\u00ab\u00a0Les op\u00e9rations de recherche et d&rsquo;assaut ainsi que l&rsquo;\u00e9limination de l&rsquo;ennemi dans les zones urbaines se poursuivent \u00e0 Pokrovsk\u00a0\u00bb, a affirm\u00e9 dans un communiqu\u00e9 le groupement de l&rsquo;arm\u00e9e ukrainienne Est, en charge de la zone.\u00a0<\/p>\n<p>CONSTRUCTION D&rsquo;UNE USINE UKRAINIENNE D&rsquo;ARMEMENT AU DANEMARK09:32<\/p>\n<p>Responsables danois et ukrainiens se sont r\u00e9unis \u00e0 Vojens, dans l&rsquo;ouest du Danemark, pour marquer le d\u00e9but de la construction d&rsquo;une usine ukrainienne d&rsquo;armement sur le sol du pays scandinave, afin d&rsquo;assurer la p\u00e9rennit\u00e9 de la production militaire ukrainienne.<\/p>\n<p>\u00ab\u00a0Nous devons aider nos amis ukrainiens dans leur combat pour la libert\u00e9. Ils ont besoin d&rsquo;un endroit s\u00fbr pour implanter une production comme celle qu&rsquo;ils sont en train de mettre en place ici\u00a0\u00bb, \u00a0a expliqu\u00e9 lundi soir \u00e0 l&rsquo;AFP le ministre danois de l&rsquo;Industrie, Morten B\u00f8dskov, apr\u00e8s avoir symboliquement commenc\u00e9 les travaux, pelle \u00e0 la main.<\/p>\n<p>\u00ab\u00a0Nous devons augmenter notre production, ce qui est impossible en Ukraine\u00a0\u00bb, a rench\u00e9ri le directeur g\u00e9n\u00e9ral de Fire Point Rocket Technology, Vyacheslav Bondarchuk.<\/p>\n<p>CAPTURE DE POKROVSK07:05<\/p>\n<p>Moscou a revendiqu\u00e9 lundi soir la prise de la ville de Pokrovsk, \u00e0 l&rsquo;est de l&rsquo;Ukraine. La ville est un lieu strat\u00e9gique pour les forces ukrainiennes, \u00e0 la crois\u00e9e de plusieurs routes et voies ferr\u00e9es conduisant aux derni\u00e8res places fortes des soldats de Kiev. D\u00e9but novembre, des renforts, dont des forces sp\u00e9ciales, avaient \u00e9t\u00e9 d\u00e9p\u00each\u00e9es.<\/p>\n<p>International<img decoding=\"async\" src=\"https:\/\/www.europesays.com\/fr\/wp-content\/uploads\/2025\/12\/soldat-russe-afp-324323-313c5a-0@1x.jpeg\" alt=\"Guerre en Ukraine : Moscou revendique la capture de Pokrovsk, n\u0153ud logistique cl\u00e9 pour Kiev\" loading=\"lazy\" importance=\"low\" fetchpriority=\"low\" class=\"\" aria-hidden=\"true\"\/>[Vid\u00e9o]Publi\u00e9 aujourd&rsquo;hui \u00e0 0h03WITKOFF RENCONTRE POUTINE CE MARDI07:00<\/p>\n<p>Les yeux sont riv\u00e9s mardi sur Moscou, o\u00f9 l&rsquo;\u00e9missaire am\u00e9ricain Steve Witkoff doit rencontrer le pr\u00e9sident russe Vladimir Poutine pour tenter de trouver un accord mettant fin \u00e0 la guerre en Ukraine.<\/p>\n<p>La veille, Washington s&rsquo;est dit \u00ab\u00a0tr\u00e8s optimiste\u00a0\u00bb malgr\u00e9 l&rsquo;intransigeance persistante du dirigeant russe, plus de trois ans apr\u00e8s le lancement de l&rsquo;offensive russe contre l&rsquo;Ukraine.<\/p>\n<p>BONJOUR06:58<\/p>\n<p>Bienvenue dans ce \u00a0live consacr\u00e9 aux derni\u00e8res actualit\u00e9s sur la guerre entre la Russie et l&rsquo;Ukraine, alors que les n\u00e9gociations se poursuivent autour d&rsquo;un plan de paix.\u00a0<\/p>\n<p data-module=\"article-paragraph\" class=\"jsx-3046738180 Paragraph Paragraph__End\">La Maison Blanche s&rsquo;est d\u00e9clar\u00e9e lundi \u00ab\u00a0tr\u00e8s optimiste\u00a0\u00bb sur les chances de parvenir \u00e0 un accord visant \u00e0 mettre fin \u00e0 la guerre en Ukraine, alors que <a href=\"https:\/\/www.tf1info.fr\/international\/accord-de-paix-pour-l-ukraine-russie-donald-trump-envoie-son-emissaire-steve-witkoff-aupres-de-vladimir-poutine-a-moscou-2408898.html\" target=\"_blank\" rel=\"noopener\">l&rsquo;\u00e9missaire am\u00e9ricain Steve Witkoff est en route pour Moscou<\/a>. L&rsquo;homme d&rsquo;affaires, tr\u00e8s proche de Donald Trump, doit s&rsquo;entretenir mardi avec le pr\u00e9sident russe Vladimir Poutine qui, plus de trois ans apr\u00e8s l&rsquo;invasion russe de l&rsquo;Ukraine, se montre intransigeant.<\/p>\n<p data-module=\"article-paragraph\" class=\"jsx-3046738180 Paragraph Paragraph__End\">\u00ab\u00a0Je pense que l&rsquo;administration est tr\u00e8s optimiste\u00a0\u00bb, a d\u00e9clar\u00e9 la porte-parole de la Maison Blanche, Karoline Leavitt, soulignant que le pr\u00e9sident am\u00e9ricain et son \u00e9quipe \u00ab\u00a0ont travaill\u00e9 tr\u00e8s dur sur ce dossier et souhaitent tous sinc\u00e8rement voir cette guerre prendre fin\u00a0\u00bb.<\/p>\n<p>Les \u00c9tats-Unis ont pr\u00e9sent\u00e9 il y a dix jours <a href=\"https:\/\/www.tf1info.fr\/international\/plan-de-paix-pour-l-ukraine-guerre-russie-ce-que-l-on-sait-de-l-accord-en-19-points-qui-a-mis-d-accord-trump-et-zelensky-2408877.html\" target=\"_blank\" rel=\"noopener\">un premier projet en 28 points<\/a> tr\u00e8s favorable \u00e0 Moscou, r\u00e9dig\u00e9 sans les alli\u00e9s europ\u00e9ens de Kiev et cens\u00e9 mettre fin au conflit d\u00e9clench\u00e9 par l&rsquo;offensive russe contre l&rsquo;Ukraine en f\u00e9vrier 2022. Washington a ensuite amend\u00e9 ce projet avec Ukrainiens et Europ\u00e9ens, avant de le retravailler en bilat\u00e9ral avec les Ukrainiens dimanche en Floride.<\/p>\n<p><a href=\"https:\/\/www.tf1info.fr\/international\/guerre-ukraine-russie-ce-qu-il-faut-retenir-de-la-declaration-d-emmanuel-macron-et-volodymyr-zelensky-a-paris-2410121.html\" rel=\"noopener\" class=\"jsx-3308031228 Link flex\" target=\"_blank\"><img decoding=\"async\" src=\"https:\/\/www.europesays.com\/fr\/wp-content\/uploads\/2025\/12\/macron-zelensky-elysee-1er-decembre-2025-4074f2-0@1x.jpeg\" alt=\"AFP\" loading=\"lazy\" importance=\"low\" fetchpriority=\"low\" class=\"\" aria-hidden=\"true\"\/><\/p>\n<p class=\"jsx-3657663356 ReadMoreArticle__Title\">Lire aussi<\/p>\n<p class=\"jsx-3657663356\">Plan de paix en Ukraine : ce qu&rsquo;il faut retenir de la d\u00e9claration d&rsquo;Emmanuel Macron et Volodymyr Zelensky<\/p>\n<p><\/a><\/p>\n<p data-module=\"article-paragraph\" class=\"jsx-3046738180 Paragraph Paragraph__End\">Les discussions am\u00e9ricano-ukrainiennes ont \u00e9t\u00e9 jug\u00e9es \u00ab\u00a0productives\u00a0\u00bb par les deux parties, mais le secr\u00e9taire d&rsquo;\u00c9tat Marco Rubio a pr\u00e9venu qu'\u00a0\u00bbil restait encore du travail\u00a0\u00bb. Le pr\u00e9sident Trump a, lui, soulign\u00e9 que Kiev n&rsquo;\u00e9tait pas en position de force en raison du scandale de corruption. Pour Emmanuel Macron, les frappes persistantes de la Russie contre l&rsquo;Ukraine d\u00e9montrent que Moscou n&rsquo;est pas dispos\u00e9 \u00e0 faire la paix.<\/p>\n<p>La r\u00e9daction de TF1info<\/p>\n","protected":false},"excerpt":{"rendered":"L&rsquo;arm\u00e9e ukrainienne assure ce mardi que les combats se poursuivent \u00e0 Pokrovsk, un n\u0153ud logistique pour les forces&hellip;\n","protected":false},"author":2,"featured_media":572925,"comment_status":"","ping_status":"","sticky":false,"template":"","format":"standard","meta":{"footnotes":""},"categories":[1591],"tags":[1111,11,1921,5925,75,1073,1887,1922,1907,12,1885,1886,132,220,1917,67457,133,1920,135,134],"class_list":{"0":"post-572924","1":"post","2":"type-post","3":"status-publish","4":"format-standard","5":"has-post-thumbnail","7":"category-russie","8":"tag-actu","9":"tag-actualites","10":"tag-article-video","11":"tag-conflits-et-guerre","12":"tag-donald-trump","13":"tag-emmanuel-macron","14":"tag-federation-de-russie","15":"tag-info","16":"tag-marco-rubio","17":"tag-news","18":"tag-russia","19":"tag-russian-federation","20":"tag-russie","21":"tag-ukraine","22":"tag-ukraine-4-annee-de-guerre","23":"tag-ukraine-russie-la-perspective-de-negociations-relancee","24":"tag-video","25":"tag-video-international","26":"tag-vladimir-poutine","27":"tag-volodymyr-zelensky"},"share_on_mastodon":{"url":"https:\/\/pubeurope.com\/@fr\/115649509908978942","error":""},"_links":{"self":[{"href":"https:\/\/www.europesays.com\/fr\/wp-json\/wp\/v2\/posts\/572924","targetHints":{"allow":["GET"]}}],"collection":[{"href":"https:\/\/www.europesays.com\/fr\/wp-json\/wp\/v2\/posts"}],"about":[{"href":"https:\/\/www.europesays.com\/fr\/wp-json\/wp\/v2\/types\/post"}],"author":[{"embeddable":true,"href":"https:\/\/www.europesays.com\/fr\/wp-json\/wp\/v2\/users\/2"}],"replies":[{"embeddable":true,"href":"https:\/\/www.europesays.com\/fr\/wp-json\/wp\/v2\/comments?post=572924"}],"version-history":[{"count":0,"href":"https:\/\/www.europesays.com\/fr\/wp-json\/wp\/v2\/posts\/572924\/revisions"}],"wp:featuredmedia":[{"embeddable":true,"href":"https:\/\/www.europesays.com\/fr\/wp-json\/wp\/v2\/media\/572925"}],"wp:attachment":[{"href":"https:\/\/www.europesays.com\/fr\/wp-json\/wp\/v2\/media?parent=572924"}],"wp:term":[{"taxonomy":"category","embeddable":true,"href":"https:\/\/www.europesays.com\/fr\/wp-json\/wp\/v2\/categories?post=572924"},{"taxonomy":"post_tag","embeddable":true,"href":"https:\/\/www.europesays.com\/fr\/wp-json\/wp\/v2\/tags?post=572924"}],"curies":[{"name":"wp","href":"https:\/\/api.w.org\/{rel}","templated":true}]}}