{"id":572932,"date":"2025-12-02T10:33:22","date_gmt":"2025-12-02T10:33:22","guid":{"rendered":"https:\/\/www.europesays.com\/fr\/572932\/"},"modified":"2025-12-02T10:33:22","modified_gmt":"2025-12-02T10:33:22","slug":"coup-de-tonnerre-le-meilleur-parc-dattractions-francais-va-sexporter-en-allemagne-ce-parc-meconnu-va-devenir-un-futur-geant-europeen","status":"publish","type":"post","link":"https:\/\/www.europesays.com\/fr\/572932\/","title":{"rendered":"Coup de tonnerre : le meilleur parc d&rsquo;attractions fran\u00e7ais va s&rsquo;exporter en Allemagne ! Ce parc m\u00e9connu va devenir un futur g\u00e9ant europ\u00e9en"},"content":{"rendered":"<p>                <img loading=\"lazy\" decoding=\"async\" src=\"https:\/\/www.europesays.com\/fr\/wp-content\/uploads\/2025\/04\/19-63d113ac96bc9-35x35-1.jpg\" class=\"author-article-picture\" width=\"35\" height=\"35\"\/><\/p>\n<p>                    Par<\/p>\n<p>                                            <a class=\"author-article-bio-link\" href=\"https:\/\/www.purebreak.com\/auteur\/thibault-raoult_a19\" target=\"_blank\" rel=\"noopener\">Thibault Raoult<\/a><\/p>\n<p>                    |<\/p>\n<p>                                            R\u00e9dacteur en chef<\/p>\n<p>\n                    Thibault est r\u00e9dacteur en chef de Purebreak. Les seuls moments o\u00f9 il n&rsquo;est pas devant la t\u00e9l\u00e9 ou une plateforme de streaming en train de d\u00e9vorer un film ou une s\u00e9rie, c&rsquo;est qu&rsquo;il est \u00e0 Disneyland Paris ou dans n&rsquo;importe quel parc d&rsquo;attractions. Toute l&rsquo;ann\u00e9e, il n&rsquo;attend qu&rsquo;une chose : analyser le chass\u00e9-crois\u00e9 des juilletistes et des ao\u00fbtiens.\n                <\/p>\n<p>\n    La Compagnie des Alpes pr\u00e9pare un pari historique : exporter en Allemagne le savoir-faire du meilleur parc d&rsquo;attractions fran\u00e7ais, \u00e9lu num\u00e9ro 1 aux Parcs Fans Awards. Le groupe va transformer Belantis, parc encore discret, en un futur poids lourd europ\u00e9en d&rsquo;ici 2031.\n<\/p>\n<p>                            <img loading=\"lazy\" decoding=\"async\" class=\"player-thumbnail\" src=\"https:\/\/www.europesays.com\/fr\/wp-content\/uploads\/2025\/12\/70358bf871e875a9-580x326-1.png\" width=\"580\" height=\"326\"\/><\/p>\n<p>                            Making Of de l&rsquo;attraction C\u00e9tautomatix au Parc Ast\u00e9rix \/ Coup de tonnerre : le meilleur parc fran\u00e7ais va s&rsquo;exporter en Allemagne ! Ce parc m\u00e9connu va devenir un futur g\u00e9ant europ\u00e9en \u00a9 Vid\u00e9o : Parc Ast\u00e9rix \/ Photo : belantis.de<\/p>\n<p>La suite apr\u00e8s la publicit\u00e9<\/p>\n<p>La nouvelle est pass\u00e9e presque inaper\u00e7ue, mais elle va secouer tout le secteur des loisirs : la Compagnie des Alpes (CDA), propri\u00e9taire du Parc Ast\u00e9rix ou encore du Futuroscope, vient d&rsquo;annoncer un projet colossal. Le groupe fran\u00e7ais a rachet\u00e9 <strong>Belantis<\/strong>, parc d&rsquo;attractions situ\u00e9 pr\u00e8s de Leipzig, en Allemagne, et pr\u00e9voit de le transformer radicalement pour en faire, \u00e0 terme, un parc th\u00e9matique sur le mod\u00e8le du succ\u00e8s fran\u00e7ais.<\/p>\n<p>Cette strat\u00e9gie s&rsquo;appuie sur une \u00e9vidence : le Parc Ast\u00e9rix a \u00e9t\u00e9 \u00e9lu Meilleur parc de France pour la 4\u1d49 ann\u00e9e cons\u00e9cutive, une performance officialis\u00e9e dans un communiqu\u00e9 : \u00ab\u00a0Le Parc Ast\u00e9rix \u00e9lu meilleur parc de France pour la 4e ann\u00e9e cons\u00e9cutive et r\u00e9compens\u00e9 dans 5 cat\u00e9gories aux Parcs Fans Awards\u00a0\u00bb. Un savoir-faire d\u00e9sormais pr\u00eat \u00e0 s&rsquo;exporter.<\/p>\n<p>Un parc m\u00e9connu, un emplacement strat\u00e9gique et un plan totalement in\u00e9dit<\/p>\n<p>En acqu\u00e9rant 100 % du parc allemand Belantis, la CDA confirme une ambition : faire de l&rsquo;Allemagne son prochain terrain de jeu. Aujourd&rsquo;hui, Belantis accueille environ 300 000 visiteurs par an, un chiffre modeste, loin des standards europ\u00e9ens. Mais le potentiel est immense : le site s&rsquo;\u00e9tend sur plus de 80 hectares, dont une grande partie encore disponible pour des extensions majeures.<\/p>\n<p>Dans son rapport 2024-2025, la CDA pr\u00e9cise son objectif : cr\u00e9er \u00e0 Belantis un parc th\u00e9matique complet, d\u00e9velopp\u00e9 sur plusieurs ann\u00e9es, avec une mont\u00e9e en puissance progressive et une inauguration symbolique d&rsquo;une premi\u00e8re zone d\u00e8s 2026. Elle sera d&rsquo;ailleurs in\u00e9dite et devrait attirer y compris les Fran\u00e7ais fans du parc : elle sera d\u00e9di\u00e9e \u00e0 Id\u00e9fix. Le point d&rsquo;orgue du projet est pr\u00e9vu autour de 2030\/31, date vis\u00e9e pour la transformation totale du site.<\/p>\n<p>Le groupe r\u00e9sume sa vision :<\/p>\n<blockquote>\n<p>\u00ab\u00a0L&rsquo;objectif de cette acquisition est de faire \u00e0 Belantis un parc th\u00e9matique \u00e0 part enti\u00e8re, en d\u00e9ployant progressivement une nouvelle offre d&rsquo;ici 2031\u00a0\u00bb.<\/p>\n<\/blockquote>\n<p>Une phrase qui donne le ton : l&rsquo;investissement sera massif et pens\u00e9 sur le long terme.<\/p>\n<p>J&rsquo;ai d\u00e9couvert le futur Parc Ast\u00e9rix : pr\u00e9parez-vous \u00e0 une claque digne d&rsquo;Ob\u00e9lix<\/p>\n<p>L&rsquo;expertise du \u00ab\u00a0meilleur parc fran\u00e7ais\u00a0\u00bb comme moteur d&rsquo;un futur g\u00e9ant europ\u00e9en<\/p>\n<p>Ce mouvement strat\u00e9gique n&rsquo;a rien d&rsquo;un simple rebranding, ni d&rsquo;un pari sorti de nulle part. La Compagnie des Alpes va appliquer en Allemagne la recette qui fait exploser le Parc Ast\u00e9rix : storytelling fort, zones immersives, attractions iconiques, et mont\u00e9e en gamme sur l&rsquo;exp\u00e9rience visiteurs. Le communiqu\u00e9 du groupe est clair : \u00ab\u00a0Une premi\u00e8re zone th\u00e9matique sera inaugur\u00e9e d\u00e8s le printemps 2026\u00a0\u00bb.<\/p>\n<p>Pourquoi ce choix de l&rsquo;Allemagne ? Le pays a deux points plus que forts que la Compagnie des Alpes met en avant : \u00ab\u00a0L&rsquo;Allemagne est, en termes de nombre de bandes dessin\u00e9es Ast\u00e9rix vendues, le deuxi\u00e8me march\u00e9, juste derri\u00e8re la France et c&rsquo;est aussi le deuxi\u00e8me march\u00e9 europ\u00e9en des parcs de loisirs.\u00a0\u00bb<\/p>\n<p>En visant presque un triplement de la fr\u00e9quentation en s&rsquo;approchant du million, la CDA esp\u00e8re faire passer Belantis de parc r\u00e9gional \u00e0 acteur majeur du march\u00e9 europ\u00e9en.<\/p>\n<p>Pour la CDA, c&rsquo;est un mouvement historique. Pour les fans, c&rsquo;est une petite r\u00e9volution : voir l&rsquo;ADN du Parc Ast\u00e9rix s&rsquo;exporter hors des fronti\u00e8res est un \u00e9v\u00e9nement en soi. Pour l&rsquo;industrie, c&rsquo;est peut-\u00eatre le d\u00e9but d\u2019une nouvelle \u00e8re o\u00f9 les marques fran\u00e7aises p\u00e8sent enfin \u00e0 l&rsquo;international.<\/p>\n<p>        <img decoding=\"async\" class=\"thumb-img-100 thumb-img\" src=\"https:\/\/www.europesays.com\/fr\/wp-content\/uploads\/2025\/12\/505068e76c7d6420-320x180-1.jpg\" alt=\"J\u2019ai pass\u00e9 une journ\u00e9e dans le futur land La Reine des Neiges de Disneyland Paris : l\u2019exp\u00e9rience est irr\u00e9elle\" width=\"320\" height=\"180\" loading=\"lazy\" role=\"presentation\"\/><\/p>\n<p>                                            J\u2019ai pass\u00e9 une journ\u00e9e dans le futur land La Reine des Neiges de Disneyland Paris : l\u2019exp\u00e9rience est irr\u00e9elle<\/p>\n<p>        <img decoding=\"async\" class=\"thumb-img-100 thumb-img\" src=\"https:\/\/www.europesays.com\/fr\/wp-content\/uploads\/2025\/12\/12ce222f56a7797c-320x180-1.jpg\" alt=\"C\u2019est officiel : le premier parc d'attractions Pok\u00e9mon ouvre bient\u00f4t au Japon, et il s\u2019annonce incroyable\" width=\"320\" height=\"180\" loading=\"lazy\" role=\"presentation\"\/><\/p>\n<p>                                            C\u2019est officiel : le premier parc d&rsquo;attractions Pok\u00e9mon ouvre bient\u00f4t au Japon, et il s\u2019annonce incroyable<\/p>\n<p>        <img decoding=\"async\" class=\"thumb-img-100 thumb-img\" src=\"https:\/\/www.europesays.com\/fr\/wp-content\/uploads\/2025\/12\/633a3d6b458babc4-320x180-1.png\" alt=\"J'ai test\u00e9 Mission Bermudes au Futuroscope : une nouvelle attraction entre coaster et attraction aquatique bluffante ! Voici ce qui vous attend\" width=\"320\" height=\"180\" loading=\"lazy\" role=\"presentation\"\/><\/p>\n<p>                                            J&rsquo;ai test\u00e9 Mission Bermudes au Futuroscope : une nouvelle attraction entre coaster et attraction aquatique bluffante ! Voici ce qui vous attend<\/p>\n","protected":false},"excerpt":{"rendered":"Par Thibault Raoult | R\u00e9dacteur en chef Thibault est r\u00e9dacteur en chef de Purebreak. Les seuls moments o\u00f9&hellip;\n","protected":false},"author":2,"featured_media":572933,"comment_status":"","ping_status":"","sticky":false,"template":"","format":"standard","meta":{"footnotes":""},"categories":[1587],"tags":[11,672,1804,1805,1803,1777,674,1801,12,1802],"class_list":{"0":"post-572932","1":"post","2":"type-post","3":"status-publish","4":"format-standard","5":"has-post-thumbnail","7":"category-allemagne","8":"tag-actualites","9":"tag-allemagne","10":"tag-bundesrepublik-deutschland","11":"tag-de","12":"tag-deutschland","13":"tag-eu","14":"tag-europe","15":"tag-germany","16":"tag-news","17":"tag-republique-federale-dallemagne"},"share_on_mastodon":{"url":"https:\/\/pubeurope.com\/@fr\/115649526282289258","error":""},"_links":{"self":[{"href":"https:\/\/www.europesays.com\/fr\/wp-json\/wp\/v2\/posts\/572932","targetHints":{"allow":["GET"]}}],"collection":[{"href":"https:\/\/www.europesays.com\/fr\/wp-json\/wp\/v2\/posts"}],"about":[{"href":"https:\/\/www.europesays.com\/fr\/wp-json\/wp\/v2\/types\/post"}],"author":[{"embeddable":true,"href":"https:\/\/www.europesays.com\/fr\/wp-json\/wp\/v2\/users\/2"}],"replies":[{"embeddable":true,"href":"https:\/\/www.europesays.com\/fr\/wp-json\/wp\/v2\/comments?post=572932"}],"version-history":[{"count":0,"href":"https:\/\/www.europesays.com\/fr\/wp-json\/wp\/v2\/posts\/572932\/revisions"}],"wp:featuredmedia":[{"embeddable":true,"href":"https:\/\/www.europesays.com\/fr\/wp-json\/wp\/v2\/media\/572933"}],"wp:attachment":[{"href":"https:\/\/www.europesays.com\/fr\/wp-json\/wp\/v2\/media?parent=572932"}],"wp:term":[{"taxonomy":"category","embeddable":true,"href":"https:\/\/www.europesays.com\/fr\/wp-json\/wp\/v2\/categories?post=572932"},{"taxonomy":"post_tag","embeddable":true,"href":"https:\/\/www.europesays.com\/fr\/wp-json\/wp\/v2\/tags?post=572932"}],"curies":[{"name":"wp","href":"https:\/\/api.w.org\/{rel}","templated":true}]}}